{"id":9892,"date":"2021-01-26T11:06:02","date_gmt":"2021-01-26T14:06:02","guid":{"rendered":"http:\/\/comunidadtextil.com\/wpnews\/?p=9892"},"modified":"2021-01-26T11:06:02","modified_gmt":"2021-01-26T14:06:02","slug":"la-proxima-edicion-de-itma-sera-del-8-al-14-de-junio-de-2023-en-la-ciudad-de-milan","status":"publish","type":"post","link":"https:\/\/comunidadtextil.com\/wpnews\/2021\/01\/la-proxima-edicion-de-itma-sera-del-8-al-14-de-junio-de-2023-en-la-ciudad-de-milan\/","title":{"rendered":"La pr\u00f3xima edici\u00f3n de ITMA ser\u00e1 del 8 al 14 de junio de 2023 en la ciudad de Mil\u00e1n"},"content":{"rendered":"<p><a href=\"https:\/\/comunidadtextil.com\/wpnews\/wp-content\/uploads\/2021\/01\/ITMA-2019-Ingreso-.jpg\"><img loading=\"lazy\" decoding=\"async\" class=\"alignright wp-image-9891\" src=\"https:\/\/comunidadtextil.com\/wpnews\/wp-content\/uploads\/2021\/01\/ITMA-2019-Ingreso--300x300.jpg\" alt=\"\" width=\"229\" height=\"229\" srcset=\"https:\/\/comunidadtextil.com\/wpnews\/wp-content\/uploads\/2021\/01\/ITMA-2019-Ingreso--300x300.jpg 300w, https:\/\/comunidadtextil.com\/wpnews\/wp-content\/uploads\/2021\/01\/ITMA-2019-Ingreso--150x150.jpg 150w, https:\/\/comunidadtextil.com\/wpnews\/wp-content\/uploads\/2021\/01\/ITMA-2019-Ingreso--768x768.jpg 768w, https:\/\/comunidadtextil.com\/wpnews\/wp-content\/uploads\/2021\/01\/ITMA-2019-Ingreso--80x80.jpg 80w, https:\/\/comunidadtextil.com\/wpnews\/wp-content\/uploads\/2021\/01\/ITMA-2019-Ingreso-.jpg 787w\" sizes=\"auto, (max-width: 229px) 100vw, 229px\" \/><\/a>El sal\u00f3n de tecnolog\u00eda y maquinaria de textil y confecci\u00f3n m\u00e1s grande del mundo, ITMA, se realizar\u00e1 en Mil\u00e1n (Italia) del 8 al 14 de junio de 2023, y su lema ser\u00e1 \u00abTransformar el mundo de los textiles\u00bb. El importante evento cuatrienal de la industria textil, destacar\u00e1 la sostenibilidad y la circularidad, las tecnolog\u00edas innovadoras, los materiales avanzados, la automatizaci\u00f3n y digitalizaci\u00f3n.<\/p>\n<p>Ernesto Maurer, presidente de CEMATEX, el Comit\u00e9 Europeo de Fabricantes de Maquinaria Textil, inform\u00f3 que \u201cITMA 2023 destacar\u00e1 las innovaciones y los nuevos enfoques que sirven como catalizadores para inspirar y ayudar a los fabricantes de textiles y prendas de vestir a hacer crecer su negocio, escalar y mantener su viaje de transformaci\u00f3n.\u00bb<\/p>\n<div id=\"attachment_9889\" style=\"width: 150px\" class=\"wp-caption alignleft\"><a href=\"https:\/\/comunidadtextil.com\/wpnews\/wp-content\/uploads\/2021\/01\/Ernesto-Maurer-presidente-de-CEMATEX-el-Comite-Europeo-de-Fabricantes-de-Maquinaria-Textil.-_5a1.jpg\"><img loading=\"lazy\" decoding=\"async\" aria-describedby=\"caption-attachment-9889\" class=\" wp-image-9889\" src=\"https:\/\/comunidadtextil.com\/wpnews\/wp-content\/uploads\/2021\/01\/Ernesto-Maurer-presidente-de-CEMATEX-el-Comite-Europeo-de-Fabricantes-de-Maquinaria-Textil.-_5a1-193x300.jpg\" alt=\"\" width=\"140\" height=\"218\" srcset=\"https:\/\/comunidadtextil.com\/wpnews\/wp-content\/uploads\/2021\/01\/Ernesto-Maurer-presidente-de-CEMATEX-el-Comite-Europeo-de-Fabricantes-de-Maquinaria-Textil.-_5a1-193x300.jpg 193w, https:\/\/comunidadtextil.com\/wpnews\/wp-content\/uploads\/2021\/01\/Ernesto-Maurer-presidente-de-CEMATEX-el-Comite-Europeo-de-Fabricantes-de-Maquinaria-Textil.-_5a1-97x150.jpg 97w, https:\/\/comunidadtextil.com\/wpnews\/wp-content\/uploads\/2021\/01\/Ernesto-Maurer-presidente-de-CEMATEX-el-Comite-Europeo-de-Fabricantes-de-Maquinaria-Textil.-_5a1.jpg 579w\" sizes=\"auto, (max-width: 140px) 100vw, 140px\" \/><\/a><p id=\"caption-attachment-9889\" class=\"wp-caption-text\">Ernesto Maurer, presidente de CEMATEX, el Comit\u00e9 Europeo de Fabricantes de Maquinaria Textil.<\/p><\/div>\n<p>Cada ITMA es un reflejo de d\u00f3nde se encuentra la atenci\u00f3n de la industria en t\u00e9rminos de nuevos avances, por lo que no es sorprendente que la exhibici\u00f3n de 2023 abarque tecnolog\u00edas y soluciones que pueden ayudar en el desarrollo de una industria circular m\u00e1s sostenible.<\/p>\n<p>En el \u00faltimo evento, celebrado en 2019 en Barcelona, en medio del ajetreo de los salones repletos de la \u00faltima maquinaria de fabricaci\u00f3n textil, se vislumbraba que m\u00e1s de 100.000 empresarios, profesionales y otros visitantes estaban cada vez m\u00e1s interesados en las credenciales de sostenibilidad de las nuevas soluciones t\u00e9cnicas.<\/p>\n<p>El inter\u00e9s por dicho di\u00e1logo fue ejemplificado por la diversidad de asistentes a la conferencia de sostenibilidad Planet Textiles de MCL News &amp; Media, que atrajo a visitantes por primera vez de fabricantes de maquinaria deseosos de seguir el ritmo del impulso ambiental de la industria. Por lo tanto se espera que tales discusiones sean mucho m\u00e1s frecuentes en 2023 a medida que la industria avanza en esta direcci\u00f3n.<\/p>\n<p>\u00abDado que la pandemia de COVID-19 ha afectado negativamente al entorno empresarial, estaremos monitoreando la situaci\u00f3n de cerca, conscientes de la importancia de la salud y la seguridad de todos los participantes y el personal\u00bb, se\u00f1al\u00f3 Charles Beauduin, presidente de ITMA Services, que organiza el evento.<\/p>\n<table>\n<tbody>\n<tr>\n<td><a href=\"https:\/\/comunidadtextil.com\/wpnews\/wp-content\/uploads\/2021\/01\/itma.jpg\"><img loading=\"lazy\" decoding=\"async\" class=\"size-medium wp-image-9890 aligncenter\" src=\"https:\/\/comunidadtextil.com\/wpnews\/wp-content\/uploads\/2021\/01\/itma-300x150.jpg\" alt=\"\" width=\"300\" height=\"150\" srcset=\"https:\/\/comunidadtextil.com\/wpnews\/wp-content\/uploads\/2021\/01\/itma-300x150.jpg 300w, https:\/\/comunidadtextil.com\/wpnews\/wp-content\/uploads\/2021\/01\/itma-768x384.jpg 768w, https:\/\/comunidadtextil.com\/wpnews\/wp-content\/uploads\/2021\/01\/itma-150x75.jpg 150w, https:\/\/comunidadtextil.com\/wpnews\/wp-content\/uploads\/2021\/01\/itma.jpg 800w\" sizes=\"auto, (max-width: 300px) 100vw, 300px\" \/><\/a><\/td>\n<td><a href=\"https:\/\/comunidadtextil.com\/wpnews\/wp-content\/uploads\/2021\/01\/csm_rieter-itma2019-.jpg\"><img decoding=\"async\" class=\"size-medium wp-image-9888 aligncenter\" src=\"https:\/\/comunidadtextil.com\/wpnews\/wp-content\/uploads\/2021\/01\/csm_rieter-itma2019--300x198.jpg\" alt=\"\" width=\"auto\" height=\"150\" srcset=\"https:\/\/comunidadtextil.com\/wpnews\/wp-content\/uploads\/2021\/01\/csm_rieter-itma2019--300x198.jpg 300w, https:\/\/comunidadtextil.com\/wpnews\/wp-content\/uploads\/2021\/01\/csm_rieter-itma2019--768x506.jpg 768w, https:\/\/comunidadtextil.com\/wpnews\/wp-content\/uploads\/2021\/01\/csm_rieter-itma2019--150x99.jpg 150w, https:\/\/comunidadtextil.com\/wpnews\/wp-content\/uploads\/2021\/01\/csm_rieter-itma2019-.jpg 890w\" sizes=\"(max-width: 300px) 100vw, 300px\" \/><\/a><\/td>\n<\/tr>\n<\/tbody>\n<\/table>\n<p>\u201cAl mismo tiempo, lanzaremos varias iniciativas para crear oportunidades adicionales para ayudar a nuestros expositores a conectarse mejor y hacer negocios con clientes potenciales. Muy pronto anunciaremos las nuevas iniciativas y mejoras a ITMA 2023\u201d.<br \/>\n&#8212;&#8212;&#8212;&#8212;&#8212;&#8212;&#8212;&#8212;&#8212;&#8212;&#8212;&#8212;&#8212;-<br \/>\nT.EVO \/ Comunidad Textil<\/p>\n<p>\u2014\u2014\u2014\u2014\u2014\u2014\u2014\u2014\u2014\u2014\u2014\u2014\u2014\u2014\u2014\u2014\u2014\u2014\u2014\u2014\u2014\u2014\u2014\u2014\u2014\u2014\u2014\u2014\u2014\u2014\u2014\u2014\u2014\u2014\u2014\u2014\u2014\u2014\u2014<\/p>\n<p dir=\"ltr\">Para comunicarse con ComunidadTextil: <span style=\"color: #3366ff;\"><a style=\"color: #3366ff;\" href=\"mailto:contacto@comunidadtextil.com\">contacto@comunidadtextil.com<\/a><\/span><\/p>\n<table border=\"0\" width=\"460\">\n<tbody>\n<tr>\n<td width=\"300\"><a href=\"https:\/\/epson.com.ar\/search\/?text=SURECOLOR&amp;keyword=SURECOLOR\" target=\"_blank\" rel=\"noopener noreferrer\"><img loading=\"lazy\" decoding=\"async\" src=\"\/publicidad\/epson\/epson112020_300x200px.jpg\" alt=\"\" width=\"300\" height=\"200\" border=\"0\" \/><\/a><\/td>\n<td width=\"171\"><a href=\"http:\/\/bit.ly\/2qnuvSs\" target=\"_blank\" rel=\"noopener noreferrer\"><img loading=\"lazy\" decoding=\"async\" src=\"\/publicidad\/crecer-banner-julio17.gif\" alt=\"\" width=\"300\" height=\"200\" border=\"0\" \/><\/a><\/td>\n<\/tr>\n<\/tbody>\n<\/table>\n","protected":false},"excerpt":{"rendered":"<p>El sal\u00f3n de tecnolog\u00eda y maquinaria de textil y confecci\u00f3n m\u00e1s grande del mundo, ITMA, se realizar\u00e1 en Mil\u00e1n (Italia) del 8 al 14 de junio de 2023, y su lema ser\u00e1 \u00abTransformar el mundo de los textiles\u00bb. El importante evento cuatrienal de la industria textil, destacar\u00e1 la sostenibilidad y la circularidad, las tecnolog\u00edas innovadoras, [&hellip;]<\/p>\n","protected":false},"author":1924,"featured_media":0,"comment_status":"closed","ping_status":"closed","sticky":false,"template":"","format":"standard","meta":{"footnotes":""},"categories":[9,50],"tags":[],"class_list":["post-9892","post","type-post","status-publish","format-standard","hentry","category-ferias","category-ferias-proximas","count-0","even alt","author-adminct","last"],"_links":{"self":[{"href":"https:\/\/comunidadtextil.com\/wpnews\/wp-json\/wp\/v2\/posts\/9892","targetHints":{"allow":["GET"]}}],"collection":[{"href":"https:\/\/comunidadtextil.com\/wpnews\/wp-json\/wp\/v2\/posts"}],"about":[{"href":"https:\/\/comunidadtextil.com\/wpnews\/wp-json\/wp\/v2\/types\/post"}],"author":[{"embeddable":true,"href":"https:\/\/comunidadtextil.com\/wpnews\/wp-json\/wp\/v2\/users\/1924"}],"replies":[{"embeddable":true,"href":"https:\/\/comunidadtextil.com\/wpnews\/wp-json\/wp\/v2\/comments?post=9892"}],"version-history":[{"count":6,"href":"https:\/\/comunidadtextil.com\/wpnews\/wp-json\/wp\/v2\/posts\/9892\/revisions"}],"predecessor-version":[{"id":9898,"href":"https:\/\/comunidadtextil.com\/wpnews\/wp-json\/wp\/v2\/posts\/9892\/revisions\/9898"}],"wp:attachment":[{"href":"https:\/\/comunidadtextil.com\/wpnews\/wp-json\/wp\/v2\/media?parent=9892"}],"wp:term":[{"taxonomy":"category","embeddable":true,"href":"https:\/\/comunidadtextil.com\/wpnews\/wp-json\/wp\/v2\/categories?post=9892"},{"taxonomy":"post_tag","embeddable":true,"href":"https:\/\/comunidadtextil.com\/wpnews\/wp-json\/wp\/v2\/tags?post=9892"}],"curies":[{"name":"wp","href":"https:\/\/api.w.org\/{rel}","templated":true}]}}