{"id":9598,"date":"2020-11-12T10:14:38","date_gmt":"2020-11-12T13:14:38","guid":{"rendered":"http:\/\/comunidadtextil.com\/wpnews\/?p=9598"},"modified":"2020-11-12T10:18:09","modified_gmt":"2020-11-12T13:18:09","slug":"el-24-y-25-de-noviembre-se-realiza-la-16o-protextil-el-encuentro-de-la-cadena-textil-y-confeccionista-de-argentina","status":"publish","type":"post","link":"https:\/\/comunidadtextil.com\/wpnews\/2020\/11\/el-24-y-25-de-noviembre-se-realiza-la-16o-protextil-el-encuentro-de-la-cadena-textil-y-confeccionista-de-argentina\/","title":{"rendered":"El 24 y 25 de noviembre se realiza la 16\u00ba PROTEXTIL, el encuentro de la cadena textil y confeccionista de Argentina"},"content":{"rendered":"<div id=\"attachment_9595\" style=\"width: 253px\" class=\"wp-caption alignright\"><a href=\"https:\/\/comunidadtextil.com\/wpnews\/wp-content\/uploads\/2020\/11\/Vista-de-los-asistentes-a-ProTextil1.jpg\"><img loading=\"lazy\" decoding=\"async\" aria-describedby=\"caption-attachment-9595\" class=\" wp-image-9595\" src=\"https:\/\/comunidadtextil.com\/wpnews\/wp-content\/uploads\/2020\/11\/Vista-de-los-asistentes-a-ProTextil1-300x200.jpg\" alt=\"\" width=\"243\" height=\"162\" srcset=\"https:\/\/comunidadtextil.com\/wpnews\/wp-content\/uploads\/2020\/11\/Vista-de-los-asistentes-a-ProTextil1-300x200.jpg 300w, https:\/\/comunidadtextil.com\/wpnews\/wp-content\/uploads\/2020\/11\/Vista-de-los-asistentes-a-ProTextil1-768x512.jpg 768w, https:\/\/comunidadtextil.com\/wpnews\/wp-content\/uploads\/2020\/11\/Vista-de-los-asistentes-a-ProTextil1-1024x683.jpg 1024w, https:\/\/comunidadtextil.com\/wpnews\/wp-content\/uploads\/2020\/11\/Vista-de-los-asistentes-a-ProTextil1-150x100.jpg 150w, https:\/\/comunidadtextil.com\/wpnews\/wp-content\/uploads\/2020\/11\/Vista-de-los-asistentes-a-ProTextil1.jpg 1200w\" sizes=\"auto, (max-width: 243px) 100vw, 243px\" \/><\/a><p id=\"caption-attachment-9595\" class=\"wp-caption-text\">Vista de los asistentes a ProTextil.<\/p><\/div>\n<p>Los d\u00edas 24 y 25 de Noviembre a partir de las 15 se realizar\u00e1 la 16\u00aa Convenci\u00f3n Anual de la Agro Industria Textil y de Indumentaria Argentina | ProTextil.20. Ser\u00e1 de manera virtual. El evento multitudinario de la cadena agro-industrial textil de la Argentina se reunir\u00e1 bajo el lema \u201cProducir es la salida. El sector textil como protagonista\u201d, y contar\u00e1 con importantes panelistas y destacados invitados especiales.<\/p>\n<p>El evento tiene habitualmente la participaci\u00f3n de entre 1.300 y 1500 de los principales actores de toda la cadena de valor textil-indumentaria argentina y este a\u00f1o dada la virtualidad, se brindar\u00e1 la oportunidad de poder participar en vivo y sin cargo.<\/p>\n<p>\u201cDesde una visi\u00f3n fuertemente industrial, que pone a la inversi\u00f3n productiva como condici\u00f3n necesaria para alcanzar el desarrollo nacional, la Fundaci\u00f3n ProTejer organiza este evento bajo la consigna \u201cProducir es la salida. El sector textil como protagonista\u201d, se\u00f1ala la entidad organizadora.<\/p>\n<div id=\"attachment_9596\" style=\"width: 248px\" class=\"wp-caption alignleft\"><a href=\"https:\/\/comunidadtextil.com\/wpnews\/wp-content\/uploads\/2020\/11\/Yeal-Kim-nuevo-presidente-de-la-Fundaci\u00f3n-ProTejer._2.jpg\"><img loading=\"lazy\" decoding=\"async\" aria-describedby=\"caption-attachment-9596\" class=\" wp-image-9596\" src=\"https:\/\/comunidadtextil.com\/wpnews\/wp-content\/uploads\/2020\/11\/Yeal-Kim-nuevo-presidente-de-la-Fundaci\u00f3n-ProTejer._2-300x150.jpg\" alt=\"\" width=\"238\" height=\"119\" srcset=\"https:\/\/comunidadtextil.com\/wpnews\/wp-content\/uploads\/2020\/11\/Yeal-Kim-nuevo-presidente-de-la-Fundaci\u00f3n-ProTejer._2-300x150.jpg 300w, https:\/\/comunidadtextil.com\/wpnews\/wp-content\/uploads\/2020\/11\/Yeal-Kim-nuevo-presidente-de-la-Fundaci\u00f3n-ProTejer._2-150x75.jpg 150w, https:\/\/comunidadtextil.com\/wpnews\/wp-content\/uploads\/2020\/11\/Yeal-Kim-nuevo-presidente-de-la-Fundaci\u00f3n-ProTejer._2.jpg 630w\" sizes=\"auto, (max-width: 238px) 100vw, 238px\" \/><\/a><p id=\"caption-attachment-9596\" class=\"wp-caption-text\">Yeal Kim, nuevo presidente de la Fundaci\u00f3n ProTejer.<\/p><\/div>\n<p>La Fundaci\u00f3n ProTejer anticipa en un comunicado que durante el encuentro se abordar\u00e1n distintas tem\u00e1ticas de inter\u00e9s para el sector en vistas a la promoci\u00f3n del sector textil en todos sus eslabones a nivel federal.<\/p>\n<p>Para la Argentina, \u201cla cadena de valor textil-indumentaria es central en t\u00e9rminos de su aporte al desarrollo del entramado productivo nacional. Desde la explotaci\u00f3n sustentable de los recursos naturales, a las hilander\u00edas, tejedur\u00edas, tintorer\u00edas, confeccionistas y marcas de moda, la industria agrega valor por medio de procesos industriales que incluyen fuertes desarrollos tecnol\u00f3gicos y de innovaci\u00f3n\u201d, explican.<\/p>\n<p>\u201cDe esa forma y con fuerte presencia federal -explica-, la cadena genera empleos genuinos y tracciona al conjunto del aparato productivo en todo el territorio nacional, a la par que robustece las reservas por doble v\u00eda, exportaciones de alto valor agregado y sustituci\u00f3n de importaciones de insumos\u201d.<\/p>\n<p>\u201cEs nuestra intenci\u00f3n que pueda disfrutar de este evento considerado el m\u00e1s importante del sector, tomar contacto con sus problem\u00e1ticas y potencialidades, compartiendo con la platea su visi\u00f3n en un encuentro que involucra a todos los eslabones de la cadena agroindustrial textil e indumentaria de la Argentina.\u201d<\/p>\n<p>En los pr\u00f3ximos d\u00edas la entidad dar\u00e1 a conocer el programa del encuentro y el correspondiente link de inscripci\u00f3n al evento que ser\u00e1, como ya mencionamos, completamente gratuito.<br \/>\n&#8212;&#8212;&#8212;&#8212;&#8212;&#8212;&#8212;&#8212;&#8212;&#8212;&#8212;&#8212;&#8212;&#8212;&#8212;&#8212;&#8212;&#8212;&#8212;&#8211;<br \/>\nFundaci\u00f3n ProTejer \/ Comunidad Textil<\/p>\n<p>\u2014\u2014\u2014\u2014\u2014\u2014\u2014\u2014\u2014\u2014\u2014\u2014\u2014\u2014\u2014\u2014\u2014\u2014\u2014\u2014\u2014\u2014\u2014\u2014\u2014\u2014\u2014\u2014\u2014\u2014\u2014\u2014\u2014\u2014\u2014\u2014\u2014\u2014\u2014\u2014\u2014\u2014\u2014\u2014<\/p>\n<p dir=\"ltr\">Para comunicarse con ComunidadTextil: <span style=\"color: #3366ff;\"><a style=\"color: #3366ff;\" href=\"mailto:contacto@comunidadtextil.com\">contacto@comunidadtextil.com<\/a><\/span><\/p>\n<table border=\"0\" width=\"460\">\n<tbody>\n<tr>\n<td width=\"300\"><a href=\"https:\/\/epson.com.ar\/search\/?text=SURECOLOR&amp;keyword=SURECOLOR\" target=\"_blank\" rel=\"noopener noreferrer\"><img decoding=\"async\" src=\"\/publicidad\/epson\/epson-2000587_300x200px.jpg\" alt=\"\" width=\"290\" height=\"auto\" border=\"0\" \/><\/a><\/td>\n<td width=\"171\"><a href=\"https:\/\/algoselanflandria.com.ar\/\" target=\"_blank\" rel=\"noopener noreferrer\"><img decoding=\"async\" src=\"http:\/\/comunidadtextil.com\/publicidad\/af-2020-300x200px.gif\" alt=\"\" width=\"auto\" height=\"auto\" border=\"0\" \/><\/a><\/td>\n<\/tr>\n<\/tbody>\n<\/table>\n","protected":false},"excerpt":{"rendered":"<p>Los d\u00edas 24 y 25 de Noviembre a partir de las 15 se realizar\u00e1 la 16\u00aa Convenci\u00f3n Anual de la Agro Industria Textil y de Indumentaria Argentina | ProTextil.20. Ser\u00e1 de manera virtual. El evento multitudinario de la cadena agro-industrial textil de la Argentina se reunir\u00e1 bajo el lema \u201cProducir es la salida. El sector [&hellip;]<\/p>\n","protected":false},"author":1924,"featured_media":0,"comment_status":"closed","ping_status":"closed","sticky":false,"template":"","format":"standard","meta":{"footnotes":""},"categories":[8,58],"tags":[],"class_list":["post-9598","post","type-post","status-publish","format-standard","hentry","category-argentina","category-noticias-de-america-latina","count-0","even alt","author-adminct","last"],"_links":{"self":[{"href":"https:\/\/comunidadtextil.com\/wpnews\/wp-json\/wp\/v2\/posts\/9598","targetHints":{"allow":["GET"]}}],"collection":[{"href":"https:\/\/comunidadtextil.com\/wpnews\/wp-json\/wp\/v2\/posts"}],"about":[{"href":"https:\/\/comunidadtextil.com\/wpnews\/wp-json\/wp\/v2\/types\/post"}],"author":[{"embeddable":true,"href":"https:\/\/comunidadtextil.com\/wpnews\/wp-json\/wp\/v2\/users\/1924"}],"replies":[{"embeddable":true,"href":"https:\/\/comunidadtextil.com\/wpnews\/wp-json\/wp\/v2\/comments?post=9598"}],"version-history":[{"count":4,"href":"https:\/\/comunidadtextil.com\/wpnews\/wp-json\/wp\/v2\/posts\/9598\/revisions"}],"predecessor-version":[{"id":9602,"href":"https:\/\/comunidadtextil.com\/wpnews\/wp-json\/wp\/v2\/posts\/9598\/revisions\/9602"}],"wp:attachment":[{"href":"https:\/\/comunidadtextil.com\/wpnews\/wp-json\/wp\/v2\/media?parent=9598"}],"wp:term":[{"taxonomy":"category","embeddable":true,"href":"https:\/\/comunidadtextil.com\/wpnews\/wp-json\/wp\/v2\/categories?post=9598"},{"taxonomy":"post_tag","embeddable":true,"href":"https:\/\/comunidadtextil.com\/wpnews\/wp-json\/wp\/v2\/tags?post=9598"}],"curies":[{"name":"wp","href":"https:\/\/api.w.org\/{rel}","templated":true}]}}