{"id":9531,"date":"2020-10-23T12:11:29","date_gmt":"2020-10-23T15:11:29","guid":{"rendered":"http:\/\/comunidadtextil.com\/wpnews\/?p=9531"},"modified":"2020-10-23T12:12:46","modified_gmt":"2020-10-23T15:12:46","slug":"la-marca-forever-21-cierra-un-acuerdo-con-ar-holdings-para-crecer-en-latinoamerica","status":"publish","type":"post","link":"https:\/\/comunidadtextil.com\/wpnews\/2020\/10\/la-marca-forever-21-cierra-un-acuerdo-con-ar-holdings-para-crecer-en-latinoamerica\/","title":{"rendered":"La marca Forever 21 cierra un acuerdo con AR Holdings para crecer en Latinoam\u00e9rica"},"content":{"rendered":"<p><a href=\"https:\/\/comunidadtextil.com\/wpnews\/wp-content\/uploads\/2020\/10\/forever-21_2_-002.jpg\"><img loading=\"lazy\" decoding=\"async\" class=\"alignleft wp-image-9535 \" src=\"https:\/\/comunidadtextil.com\/wpnews\/wp-content\/uploads\/2020\/10\/forever-21_2_-002-300x250.jpg\" alt=\"\" width=\"240\" height=\"201\" srcset=\"https:\/\/comunidadtextil.com\/wpnews\/wp-content\/uploads\/2020\/10\/forever-21_2_-002-300x250.jpg 300w, https:\/\/comunidadtextil.com\/wpnews\/wp-content\/uploads\/2020\/10\/forever-21_2_-002.jpg 768w, https:\/\/comunidadtextil.com\/wpnews\/wp-content\/uploads\/2020\/10\/forever-21_2_-002-150x125.jpg 150w\" sizes=\"auto, (max-width: 240px) 100vw, 240px\" \/><\/a><\/p>\n<p>Authentic Brands Group (ABG), la empresa matriz del minorista de ropa Forever 21, con sede en Los \u00c1ngeles, anunci\u00f3 una asociaci\u00f3n con AR Holdings para expandir la presencia de la marca en Am\u00e9rica Latina. Esta empresa distribuir\u00e1 la marca en todos los canales, incluido el e-commerce, la venta al por mayor y una red de 26 ubicaciones minoristas f\u00edsicas en Chile, Colombia, Costa Rica, Rep\u00fablica Dominicana, Ecuador, El Salvador, Guatemala, Panam\u00e1 y Per\u00fa.<\/p>\n<p>AR Holdings es un operador minorista y de marcas en Am\u00e9rica Latina, que actualmente representa a m\u00e1s de 18 marcas internacionales en la regi\u00f3n. Se espera que la experiencia local de la empresa ayude a impulsar un crecimiento de Forever 21 en Am\u00e9rica Latina, que aterriz\u00f3 por primera vez en la regi\u00f3n en 2012.<\/p>\n<div id=\"attachment_9533\" style=\"width: 170px\" class=\"wp-caption alignright\"><a href=\"https:\/\/comunidadtextil.com\/wpnews\/wp-content\/uploads\/2020\/10\/Jarrod-Weber-presidente-del-grupo-de-lifestyle-y-director-de-marca-de-ABG.-.jpg\"><img loading=\"lazy\" decoding=\"async\" aria-describedby=\"caption-attachment-9533\" class=\"wp-image-9533 \" src=\"https:\/\/comunidadtextil.com\/wpnews\/wp-content\/uploads\/2020\/10\/Jarrod-Weber-presidente-del-grupo-de-lifestyle-y-director-de-marca-de-ABG.--220x300.jpg\" alt=\"\" width=\"160\" height=\"218\" srcset=\"https:\/\/comunidadtextil.com\/wpnews\/wp-content\/uploads\/2020\/10\/Jarrod-Weber-presidente-del-grupo-de-lifestyle-y-director-de-marca-de-ABG.--220x300.jpg 220w, https:\/\/comunidadtextil.com\/wpnews\/wp-content\/uploads\/2020\/10\/Jarrod-Weber-presidente-del-grupo-de-lifestyle-y-director-de-marca-de-ABG.--110x150.jpg 110w, https:\/\/comunidadtextil.com\/wpnews\/wp-content\/uploads\/2020\/10\/Jarrod-Weber-presidente-del-grupo-de-lifestyle-y-director-de-marca-de-ABG.-.jpg 487w\" sizes=\"auto, (max-width: 160px) 100vw, 160px\" \/><\/a><p id=\"caption-attachment-9533\" class=\"wp-caption-text\">Jarrod Weber, presidente del grupo de lifestyle y director de marca de ABG.<\/p><\/div>\n<p>\u201cEn los \u00faltimos ocho a\u00f1os, Forever 21 ha establecido una s\u00f3lida base en Am\u00e9rica Latina y estamos encantados de lanzar la pr\u00f3xima fase de su crecimiento en la regi\u00f3n\u201d, coment\u00f3 Jarrod Weber, presidente del grupo de lifestyle y director de marca de ABG, en un comunicado.<\/p>\n<p>\u201cAR Holdings es una compa\u00f1\u00eda experimentada en el mercado minorista latinoamericano con una vasta experiencia en las industrias de la moda, el hogar y los restaurantes. Estamos deseando iniciar esta asociaci\u00f3n a largo plazo\u00bb, continu\u00f3.<\/p>\n<p>\u201cNuestra asociaci\u00f3n con ABG, concretamente con Forever 21, en nueve pa\u00edses de Am\u00e9rica Latina es un logro importante para AR Holdings y refleja claramente nuestra determinaci\u00f3n de hacer crecer nuestro negocio en toda la regi\u00f3n\u201d, agreg\u00f3 por su parte el presidente de AR Holdings, John Keith.<\/p>\n<p>Tras haber sido comprada en el tribunal de quiebras por ABG y SPARC Group a principios de este a\u00f1o, Forever 21 tiene actualmente unas 550 tiendas minoristas en 27 pa\u00edses de todo el mundo.<br \/>\n&#8212;&#8212;&#8212;&#8212;&#8212;&#8212;&#8212;&#8212;&#8212;&#8212;&#8212;&#8212;&#8212;&#8212;&#8212;&#8212;&#8212;-<br \/>\nFashion Network \/ Comunidad Textil<\/p>\n<p>\u2014\u2014\u2014\u2014\u2014\u2014\u2014\u2014\u2014\u2014\u2014\u2014\u2014\u2014\u2014\u2014\u2014\u2014\u2014\u2014\u2014\u2014\u2014\u2014\u2014\u2014\u2014\u2014\u2014\u2014\u2014\u2014\u2014\u2014\u2014\u2014\u2014\u2014\u2014\u2014\u2014\u2014\u2014\u2014<\/p>\n<p dir=\"ltr\">Para comunicarse con ComunidadTextil: <span style=\"color: #3366ff;\"><a style=\"color: #3366ff;\" href=\"mailto:contacto@comunidadtextil.com\">contacto@comunidadtextil.com<\/a><\/span><\/p>\n<table border=\"0\" width=\"460\">\n<tbody>\n<tr>\n<td width=\"300\"><a href=\"http:\/\/bit.ly\/2tYQMZ1\" target=\"_blank\" rel=\"noopener noreferrer\"><img loading=\"lazy\" decoding=\"async\" src=\"\/publicidad\/empresrl072017.gif\" alt=\"\" width=\"300\" height=\"200\" border=\"0\" \/><\/a><\/td>\n<td width=\"171\"><a href=\"http:\/\/bit.ly\/2qWIP7i\" target=\"_blank\" rel=\"noopener noreferrer\"><img loading=\"lazy\" decoding=\"async\" src=\"\/publicidad\/banner-ciai.gif\" alt=\"\" width=\"300\" height=\"153\" border=\"0\" \/><\/a><\/td>\n<\/tr>\n<\/tbody>\n<\/table>\n","protected":false},"excerpt":{"rendered":"<p>Authentic Brands Group (ABG), la empresa matriz del minorista de ropa Forever 21, con sede en Los \u00c1ngeles, anunci\u00f3 una asociaci\u00f3n con AR Holdings para expandir la presencia de la marca en Am\u00e9rica Latina. Esta empresa distribuir\u00e1 la marca en todos los canales, incluido el e-commerce, la venta al por mayor y una red de [&hellip;]<\/p>\n","protected":false},"author":1924,"featured_media":0,"comment_status":"closed","ping_status":"closed","sticky":false,"template":"","format":"standard","meta":{"footnotes":""},"categories":[49,58],"tags":[],"class_list":["post-9531","post","type-post","status-publish","format-standard","hentry","category-empresas-negocios","category-noticias-de-america-latina","count-0","even alt","author-adminct","last"],"_links":{"self":[{"href":"https:\/\/comunidadtextil.com\/wpnews\/wp-json\/wp\/v2\/posts\/9531","targetHints":{"allow":["GET"]}}],"collection":[{"href":"https:\/\/comunidadtextil.com\/wpnews\/wp-json\/wp\/v2\/posts"}],"about":[{"href":"https:\/\/comunidadtextil.com\/wpnews\/wp-json\/wp\/v2\/types\/post"}],"author":[{"embeddable":true,"href":"https:\/\/comunidadtextil.com\/wpnews\/wp-json\/wp\/v2\/users\/1924"}],"replies":[{"embeddable":true,"href":"https:\/\/comunidadtextil.com\/wpnews\/wp-json\/wp\/v2\/comments?post=9531"}],"version-history":[{"count":3,"href":"https:\/\/comunidadtextil.com\/wpnews\/wp-json\/wp\/v2\/posts\/9531\/revisions"}],"predecessor-version":[{"id":9538,"href":"https:\/\/comunidadtextil.com\/wpnews\/wp-json\/wp\/v2\/posts\/9531\/revisions\/9538"}],"wp:attachment":[{"href":"https:\/\/comunidadtextil.com\/wpnews\/wp-json\/wp\/v2\/media?parent=9531"}],"wp:term":[{"taxonomy":"category","embeddable":true,"href":"https:\/\/comunidadtextil.com\/wpnews\/wp-json\/wp\/v2\/categories?post=9531"},{"taxonomy":"post_tag","embeddable":true,"href":"https:\/\/comunidadtextil.com\/wpnews\/wp-json\/wp\/v2\/tags?post=9531"}],"curies":[{"name":"wp","href":"https:\/\/api.w.org\/{rel}","templated":true}]}}