{"id":9301,"date":"2020-08-27T12:44:23","date_gmt":"2020-08-27T15:44:23","guid":{"rendered":"http:\/\/comunidadtextil.com\/wpnews\/?p=9301"},"modified":"2020-08-27T12:44:23","modified_gmt":"2020-08-27T15:44:23","slug":"el-sector-textil-de-argentina-comienza-a-mostrar-signos-de-retoma-tras-la-larga-crisis","status":"publish","type":"post","link":"https:\/\/comunidadtextil.com\/wpnews\/2020\/08\/el-sector-textil-de-argentina-comienza-a-mostrar-signos-de-retoma-tras-la-larga-crisis\/","title":{"rendered":"El sector textil de Argentina comienza a mostrar signos de retoma tras la larga crisis"},"content":{"rendered":"<div id=\"attachment_9299\" style=\"width: 257px\" class=\"wp-caption alignright\"><a href=\"https:\/\/comunidadtextil.com\/wpnews\/wp-content\/uploads\/2020\/08\/Jorge-Sorabilla-es-directivo-de-TN-Platex-y-vicepresidente-de-la-Fundaci\u00f3n-ProTejer._.jpg\"><img loading=\"lazy\" decoding=\"async\" aria-describedby=\"caption-attachment-9299\" class=\" wp-image-9299\" src=\"https:\/\/comunidadtextil.com\/wpnews\/wp-content\/uploads\/2020\/08\/Jorge-Sorabilla-es-directivo-de-TN-Platex-y-vicepresidente-de-la-Fundaci\u00f3n-ProTejer._-300x199.jpg\" alt=\"\" width=\"247\" height=\"164\" srcset=\"https:\/\/comunidadtextil.com\/wpnews\/wp-content\/uploads\/2020\/08\/Jorge-Sorabilla-es-directivo-de-TN-Platex-y-vicepresidente-de-la-Fundaci\u00f3n-ProTejer._-300x199.jpg 300w, https:\/\/comunidadtextil.com\/wpnews\/wp-content\/uploads\/2020\/08\/Jorge-Sorabilla-es-directivo-de-TN-Platex-y-vicepresidente-de-la-Fundaci\u00f3n-ProTejer._-768x510.jpg 768w, https:\/\/comunidadtextil.com\/wpnews\/wp-content\/uploads\/2020\/08\/Jorge-Sorabilla-es-directivo-de-TN-Platex-y-vicepresidente-de-la-Fundaci\u00f3n-ProTejer._-150x100.jpg 150w, https:\/\/comunidadtextil.com\/wpnews\/wp-content\/uploads\/2020\/08\/Jorge-Sorabilla-es-directivo-de-TN-Platex-y-vicepresidente-de-la-Fundaci\u00f3n-ProTejer._.jpg 833w\" sizes=\"auto, (max-width: 247px) 100vw, 247px\" \/><\/a><p id=\"caption-attachment-9299\" class=\"wp-caption-text\">Jorge Sorabilla es directivo de TN Platex y vicepresidente de la Fundaci\u00f3n ProTejer.<\/p><\/div>\n<p>La actual pol\u00edtica de priorizar la producci\u00f3n nacional que aplica el Gobierno argentino est\u00e1 generando en la industria textil y confeccionista una leve recuperaci\u00f3n de su actividad, en la medida que los efectos de la pandemia se lo permiten. Directivos de la fundaci\u00f3n proteger reconocen los datos de \u201cun crecimiento que va a continuar\u201d.<\/p>\n<p>Seg\u00fan Jorge Sorabilla, vicepresidente de la Fundaci\u00f3n Pro Tejer, destac\u00f3 que \u201cluego de haber tocado el piso en mayo, comenz\u00f3 la reactivaci\u00f3n en junio y julio y la tendencia marca que el crecimiento va a continuar, por el proceso mismo de sustituci\u00f3n de importaciones\u201d.<\/p>\n<p>El directivo empresario puntualiz\u00f3 que el reemplazo de compras externas por producci\u00f3n nacional es transversal en la cadena textil, pero es m\u00e1s fuerte en \u201clas telas terminadas y la ropa, como las remeras, indumentaria deportiva y vestidos\u201d.<\/p>\n<p>En esta direcci\u00f3n, Sorabilla dej\u00f3 en claro que en este momento los \u201cimportadores est\u00e1n llamando a las f\u00e1bricas nacionales para encargarles la producci\u00f3n de ropa que podr\u00eda llamarse m\u00e1s popular, para clase media y media baja\u201d, en un escenario en el que tambi\u00e9n \u201cjuegan\u201d las denominadas licencias no autom\u00e1ticas, que buscan desalentar las importaciones.<\/p>\n<p>Respecto de la gesti\u00f3n del anterior gobierno, Sorabilla dijo que \u201cel ex presidente Mauricio Macri permiti\u00f3 importaciones que representaron entre el 75 y el 80% de productos que eran sustitutivos de la producci\u00f3n local. De este modo destruy\u00f3 fabricaci\u00f3n argentina, y ahora ese proceso se est\u00e1 revirtiendo\u201d.<\/p>\n<div id=\"attachment_9298\" style=\"width: 252px\" class=\"wp-caption alignleft\"><a href=\"https:\/\/comunidadtextil.com\/wpnews\/wp-content\/uploads\/2020\/08\/Industria-confeccionista_6a.jpg\"><img loading=\"lazy\" decoding=\"async\" aria-describedby=\"caption-attachment-9298\" class=\" wp-image-9298\" src=\"https:\/\/comunidadtextil.com\/wpnews\/wp-content\/uploads\/2020\/08\/Industria-confeccionista_6a-300x200.jpg\" alt=\"\" width=\"242\" height=\"161\" srcset=\"https:\/\/comunidadtextil.com\/wpnews\/wp-content\/uploads\/2020\/08\/Industria-confeccionista_6a-300x200.jpg 300w, https:\/\/comunidadtextil.com\/wpnews\/wp-content\/uploads\/2020\/08\/Industria-confeccionista_6a-150x100.jpg 150w, https:\/\/comunidadtextil.com\/wpnews\/wp-content\/uploads\/2020\/08\/Industria-confeccionista_6a.jpg 600w\" sizes=\"auto, (max-width: 242px) 100vw, 242px\" \/><\/a><p id=\"caption-attachment-9298\" class=\"wp-caption-text\">Industria confeccionista.<\/p><\/div>\n<p>M\u00e1s all\u00e1 de la ca\u00edda del consumo y el empleo por la pandemia, el empresario expres\u00f3 su \u201cesperanza\u201d por culminar el 2020 en niveles mayores al a\u00f1o pasado y con grandes perspectivas para los pr\u00f3ximos a\u00f1os. El presente contrasta con los indicadores de mayo, cuando la producci\u00f3n de ropa cay\u00f3 68,6% interanual debido no s\u00f3lo al cierre obligatorio de las f\u00e1bricas por la pandemia del coronavirus, sino tambi\u00e9n a la cancelaci\u00f3n de pedidos del sector minorista.<\/p>\n<p>La concentraci\u00f3n de la enfermedad en la ciudad de Buenos Aires y su Conurbano, y el consecuente mantenimiento de la cuarentena, hizo que las ventas de ropa de los comercios minoristas se reduzcan 72% interanual durante junio. En tanto, en el resto del pa\u00eds, que pudo relajar el aislamiento, la ca\u00edda se ubic\u00f3 en 23%, seg\u00fan estad\u00edsticas sectoriales.<\/p>\n<p>La intensificaci\u00f3n de la cuarentena durante la primera quincena de julio en el GBA llev\u00f3 a una mayor ca\u00edda de las ventas y a una nueva interrupci\u00f3n de la producci\u00f3n en diversos distritos del Conurbano.<br \/>\n&#8212;&#8212;&#8212;&#8212;&#8212;&#8212;&#8212;&#8212;&#8212;&#8212;&#8212;&#8212;&#8212;&#8212;&#8212;&#8212;<br \/>\nBAE Negocios \/ Comunidad Textil<\/p>\n<p>\u2014\u2014\u2014\u2014\u2014\u2014\u2014\u2014\u2014\u2014\u2014\u2014\u2014\u2014\u2014\u2014\u2014\u2014\u2014\u2014\u2014\u2014\u2014\u2014\u2014\u2014\u2014\u2014\u2014\u2014\u2014\u2014\u2014\u2014\u2014\u2014\u2014\u2014\u2014\u2014\u2014\u2014\u2014\u2014<\/p>\n<p dir=\"ltr\">Para comunicarse con ComunidadTextil: <span style=\"color: #3366ff;\"><a style=\"color: #3366ff;\" href=\"mailto:contacto@comunidadtextil.com\">contacto@comunidadtextil.com<\/a><\/span><\/p>\n<table border=\"0\" width=\"460\">\n<tbody>\n<tr>\n<td width=\"300\"><a href=\"http:\/\/bit.ly\/2qWIP7i\" target=\"_blank\" rel=\"noopener noreferrer\"><img decoding=\"async\" src=\"\/publicidad\/banner-ciai.gif\" alt=\"\" width=\"290\" height=\"auto\" border=\"0\" \/><\/a><\/td>\n<td width=\"171\"><a href=\"https:\/\/www.industriadelamoda.com\/empresas.php\" target=\"_blank\" rel=\"noopener noreferrer\"><img decoding=\"async\" src=\"\/publicidad\/idlm-banner.jpg\" alt=\"\" width=\"290\" height=\"auto\" border=\"0\" \/><\/a><\/td>\n<\/tr>\n<\/tbody>\n<\/table>\n","protected":false},"excerpt":{"rendered":"<p>La actual pol\u00edtica de priorizar la producci\u00f3n nacional que aplica el Gobierno argentino est\u00e1 generando en la industria textil y confeccionista una leve recuperaci\u00f3n de su actividad, en la medida que los efectos de la pandemia se lo permiten. Directivos de la fundaci\u00f3n proteger reconocen los datos de \u201cun crecimiento que va a continuar\u201d. Seg\u00fan [&hellip;]<\/p>\n","protected":false},"author":1924,"featured_media":0,"comment_status":"closed","ping_status":"closed","sticky":false,"template":"","format":"standard","meta":{"footnotes":""},"categories":[70],"tags":[],"class_list":["post-9301","post","type-post","status-publish","format-standard","hentry","category-crisis","count-0","even alt","author-adminct","last"],"_links":{"self":[{"href":"https:\/\/comunidadtextil.com\/wpnews\/wp-json\/wp\/v2\/posts\/9301","targetHints":{"allow":["GET"]}}],"collection":[{"href":"https:\/\/comunidadtextil.com\/wpnews\/wp-json\/wp\/v2\/posts"}],"about":[{"href":"https:\/\/comunidadtextil.com\/wpnews\/wp-json\/wp\/v2\/types\/post"}],"author":[{"embeddable":true,"href":"https:\/\/comunidadtextil.com\/wpnews\/wp-json\/wp\/v2\/users\/1924"}],"replies":[{"embeddable":true,"href":"https:\/\/comunidadtextil.com\/wpnews\/wp-json\/wp\/v2\/comments?post=9301"}],"version-history":[{"count":2,"href":"https:\/\/comunidadtextil.com\/wpnews\/wp-json\/wp\/v2\/posts\/9301\/revisions"}],"predecessor-version":[{"id":9303,"href":"https:\/\/comunidadtextil.com\/wpnews\/wp-json\/wp\/v2\/posts\/9301\/revisions\/9303"}],"wp:attachment":[{"href":"https:\/\/comunidadtextil.com\/wpnews\/wp-json\/wp\/v2\/media?parent=9301"}],"wp:term":[{"taxonomy":"category","embeddable":true,"href":"https:\/\/comunidadtextil.com\/wpnews\/wp-json\/wp\/v2\/categories?post=9301"},{"taxonomy":"post_tag","embeddable":true,"href":"https:\/\/comunidadtextil.com\/wpnews\/wp-json\/wp\/v2\/tags?post=9301"}],"curies":[{"name":"wp","href":"https:\/\/api.w.org\/{rel}","templated":true}]}}