{"id":9207,"date":"2020-07-31T10:21:15","date_gmt":"2020-07-31T13:21:15","guid":{"rendered":"http:\/\/comunidadtextil.com\/wpnews\/?p=9207"},"modified":"2020-07-31T10:21:15","modified_gmt":"2020-07-31T13:21:15","slug":"messe-frankfurt-de-francia-ofrecera-plataforma-digital-para-visitantes-y-expositores","status":"publish","type":"post","link":"https:\/\/comunidadtextil.com\/wpnews\/2020\/07\/messe-frankfurt-de-francia-ofrecera-plataforma-digital-para-visitantes-y-expositores\/","title":{"rendered":"Messe Frankfurt de Francia ofrecer\u00e1 plataforma digital para visitantes y expositores"},"content":{"rendered":"<p><a href=\"https:\/\/comunidadtextil.com\/wpnews\/wp-content\/uploads\/2020\/07\/Texworld-Paris-.jpg\"><img loading=\"lazy\" decoding=\"async\" class=\"alignright wp-image-9191\" src=\"https:\/\/comunidadtextil.com\/wpnews\/wp-content\/uploads\/2020\/07\/Texworld-Paris--300x142.jpg\" alt=\"\" width=\"248\" height=\"120\" \/><\/a>Para cumplir con las expectativas y necesidades de todos los profesionales de la industria de la moda, el organizador de las ferias internacionales de textiles Messe Frankfurt France ha decidido asociarse con Foursource, un especialista en soluciones de abastecimiento textil digital, para ofrecer una plataforma digital en los colores de The Fairyland para Ferias de moda: Apparel Sourcing, Avantex, Leatherworld, Shawls &amp; Scarves, Texworld y Texworld Denim Paris.<\/p>\n<p>\u00abCon esta nueva asociaci\u00f3n, Messe Frankfurt Francia est\u00e1 dando prioridad a la experiencia textil y a los contactos de calidad. Estos nuevos puntos de acceso ayudar\u00e1n a maximizar las oportunidades entre compradores y expositores en la pr\u00f3xima edici\u00f3n de nuestras ferias textiles\u00bb.<\/p>\n<div id=\"attachment_9200\" style=\"width: 166px\" class=\"wp-caption alignleft\"><a href=\"https:\/\/comunidadtextil.com\/wpnews\/wp-content\/uploads\/2020\/07\/Fr\u00e9d\u00e9ric-Bougeard-presidente-de-Messe-Frankfurt-Francia.-.jpg\"><img loading=\"lazy\" decoding=\"async\" aria-describedby=\"caption-attachment-9200\" class=\"size-full wp-image-9200\" src=\"https:\/\/comunidadtextil.com\/wpnews\/wp-content\/uploads\/2020\/07\/Fr\u00e9d\u00e9ric-Bougeard-presidente-de-Messe-Frankfurt-Francia.-.jpg\" alt=\"\" width=\"156\" height=\"219\" srcset=\"https:\/\/comunidadtextil.com\/wpnews\/wp-content\/uploads\/2020\/07\/Fr\u00e9d\u00e9ric-Bougeard-presidente-de-Messe-Frankfurt-Francia.-.jpg 156w, https:\/\/comunidadtextil.com\/wpnews\/wp-content\/uploads\/2020\/07\/Fr\u00e9d\u00e9ric-Bougeard-presidente-de-Messe-Frankfurt-Francia.--107x150.jpg 107w\" sizes=\"auto, (max-width: 156px) 100vw, 156px\" \/><\/a><p id=\"caption-attachment-9200\" class=\"wp-caption-text\">Fr\u00e9d\u00e9ric Bougeard, presidente de Messe Frankfurt Francia.<\/p><\/div>\n<p>Esta plataforma permitir\u00e1 a los expositores de las ferias comerciales Messe Frankfurt Francia (fabricantes de textiles y prendas de vestir, marcas, fabricantes de accesorios, etc.) presentar sus colecciones y sus conocimientos a los compradores internacionales a trav\u00e9s de una soluci\u00f3n de red digital completa: sala de exposici\u00f3n virtual, emparejamiento, definici\u00f3n de necesidades, etc. Los compradores tambi\u00e9n se benefician de una secci\u00f3n espec\u00edfica para definir sus solicitudes y construir su colecci\u00f3n en base a criterios de selecci\u00f3n dise\u00f1ados para el mundo textil: pa\u00eds, cantidades m\u00ednimas, tipo de servicio, certificados, etc.<\/p>\n<p>Con los 15,000 visitantes de las ferias comerciales de Messe Frankfurt France y los 15,000 profesionales ya registrados en la plataforma de abastecimiento en l\u00ednea, casi 30,000 profesionales de textiles y ropa podr\u00e1n beneficiarse de esta herramienta. Disponible a partir del 1 de septiembre en los respectivos sitios web de ferias, esta soluci\u00f3n se ofrecer\u00e1 exclusivamente y por un per\u00edodo renovable de 6 meses a los expositores en la edici\u00f3n de febrero (1-4 de febrero de 2021) de las ferias de Par\u00eds. Ayudar\u00e1 a mantener una relaci\u00f3n de trabajo entre compradores y fabricantes y a apoyarlos en sus proyectos entre dos ediciones de las ferias comerciales Messe Frankfurt Francia.<br \/>\nComo socio de Messe Frankfurt Francia, Foursource ha estado desarrollando desde 2016 bases de datos globales de abastecimiento textil enriquecidas con algoritmos especialmente dise\u00f1ados para facilitar las relaciones entre compradores y fabricantes.<\/p>\n<p><a href=\"https:\/\/comunidadtextil.com\/wpnews\/wp-content\/uploads\/2020\/07\/Texworld-Denim-.-.jpg\"><img loading=\"lazy\" decoding=\"async\" class=\"alignright wp-image-9190\" src=\"https:\/\/comunidadtextil.com\/wpnews\/wp-content\/uploads\/2020\/07\/Texworld-Denim-.--300x143.jpg\" alt=\"\" width=\"246\" height=\"120\" \/><\/a>Proporcionando la m\u00e1xima comodidad para los visitantes, Apparel Sourcing Paris, Avantex Paris, Leatherworld Paris, Shawls &amp; Scarves Paris, Texworld Paris y Texworld Denim Paris pertenecen al grupo de ferias comerciales relacionadas organizadas por Messe Frankfurt France, celebradas en el mismo lugar, en el mismo fechas y donde la entrada es gratuita previa presentaci\u00f3n de credenciales profesionales.<\/p>\n<p>Messe Frankfurt es el mayor organizador de ferias, congresos y eventos del mundo con su propio recinto ferial. Con m\u00e1s de 2.600 * empleados en 30 ubicaciones, la compa\u00f1\u00eda genera ventas anuales de alrededor de \u20ac 733 * millones. Tenemos v\u00ednculos estrechos con nuestros sectores industriales y atendemos los intereses comerciales de nuestros clientes de manera eficiente en el marco de nuestros campos comerciales Ferias y eventos, Ubicaciones y Servicios.<\/p>\n<p>Una de las USP clave del Grupo es su red de ventas global estrechamente unida, que se extiende por todo el mundo. Nuestra amplia gama de servicios, tanto in situ como en l\u00ednea, garantiza que los clientes de todo el mundo disfruten de una alta calidad y flexibilidad consistentes al planificar, organizar y organizar sus eventos. La amplia gama de servicios incluye el alquiler de terrenos de exhibici\u00f3n, construcci\u00f3n y comercializaci\u00f3n de ferias, personal y servicios de alimentos. Con sede en Frankfurt am Main, la empresa es propiedad de la ciudad de Frankfurt (60 por ciento) y el estado de Hesse (40 por ciento).<br \/>\n&#8212;&#8212;&#8212;&#8212;&#8212;&#8212;&#8212;&#8212;&#8212;&#8212;&#8212;&#8212;&#8212;&#8212;&#8212;&#8212;-<br \/>\nMesse Frankfurt \/ Comunidad Textil<\/p>\n<p>\u2014\u2014\u2014\u2014\u2014\u2014\u2014\u2014\u2014\u2014\u2014\u2014\u2014\u2014\u2014\u2014\u2014\u2014\u2014\u2014\u2014\u2014\u2014\u2014\u2014\u2014\u2014\u2014\u2014\u2014\u2014\u2014\u2014\u2014\u2014\u2014\u2014\u2014\u2014\u2014\u2014\u2014\u2014\u2014<\/p>\n<p dir=\"ltr\">Para comunicarse con ComunidadTextil: <span style=\"color: #3366ff;\"><a style=\"color: #3366ff;\" href=\"mailto:contacto@comunidadtextil.com\">contacto@comunidadtextil.com<\/a><\/span><\/p>\n<table border=\"0\" width=\"460\">\n<tbody>\n<tr>\n<td width=\"300\"><a href=\"http:\/\/bit.ly\/2pCZjRd\" target=\"_blank\" rel=\"noopener noreferrer\"><img decoding=\"async\" src=\"\/publicidad\/fajunio300x200_3a4_2021.gif\" width=\"290\" height=\"auto\" \/><\/a><\/td>\n<td width=\"171\"><a href=\"http:\/\/www.actibiz.com.ar\" target=\"_blank\" rel=\"noopener noreferrer\"><img decoding=\"async\" src=\"\/publicidad\/actibiz2019.jpg\" alt=\"\" width=\"290\" height=\"auto\" border=\"0\" \/><\/a><\/td>\n<\/tr>\n<\/tbody>\n<\/table>\n","protected":false},"excerpt":{"rendered":"<p>Para cumplir con las expectativas y necesidades de todos los profesionales de la industria de la moda, el organizador de las ferias internacionales de textiles Messe Frankfurt France ha decidido asociarse con Foursource, un especialista en soluciones de abastecimiento textil digital, para ofrecer una plataforma digital en los colores de The Fairyland para Ferias de [&hellip;]<\/p>\n","protected":false},"author":1924,"featured_media":0,"comment_status":"closed","ping_status":"closed","sticky":false,"template":"","format":"standard","meta":{"footnotes":""},"categories":[9],"tags":[],"class_list":["post-9207","post","type-post","status-publish","format-standard","hentry","category-ferias","count-0","even alt","author-adminct","last"],"_links":{"self":[{"href":"https:\/\/comunidadtextil.com\/wpnews\/wp-json\/wp\/v2\/posts\/9207","targetHints":{"allow":["GET"]}}],"collection":[{"href":"https:\/\/comunidadtextil.com\/wpnews\/wp-json\/wp\/v2\/posts"}],"about":[{"href":"https:\/\/comunidadtextil.com\/wpnews\/wp-json\/wp\/v2\/types\/post"}],"author":[{"embeddable":true,"href":"https:\/\/comunidadtextil.com\/wpnews\/wp-json\/wp\/v2\/users\/1924"}],"replies":[{"embeddable":true,"href":"https:\/\/comunidadtextil.com\/wpnews\/wp-json\/wp\/v2\/comments?post=9207"}],"version-history":[{"count":2,"href":"https:\/\/comunidadtextil.com\/wpnews\/wp-json\/wp\/v2\/posts\/9207\/revisions"}],"predecessor-version":[{"id":9209,"href":"https:\/\/comunidadtextil.com\/wpnews\/wp-json\/wp\/v2\/posts\/9207\/revisions\/9209"}],"wp:attachment":[{"href":"https:\/\/comunidadtextil.com\/wpnews\/wp-json\/wp\/v2\/media?parent=9207"}],"wp:term":[{"taxonomy":"category","embeddable":true,"href":"https:\/\/comunidadtextil.com\/wpnews\/wp-json\/wp\/v2\/categories?post=9207"},{"taxonomy":"post_tag","embeddable":true,"href":"https:\/\/comunidadtextil.com\/wpnews\/wp-json\/wp\/v2\/tags?post=9207"}],"curies":[{"name":"wp","href":"https:\/\/api.w.org\/{rel}","templated":true}]}}