{"id":9203,"date":"2020-07-31T10:10:59","date_gmt":"2020-07-31T13:10:59","guid":{"rendered":"http:\/\/comunidadtextil.com\/wpnews\/?p=9203"},"modified":"2020-07-31T10:10:59","modified_gmt":"2020-07-31T13:10:59","slug":"elegiran-a-5-disenadores-de-colombia-para-presentarse-en-qatar-y-el-mercado-arabe","status":"publish","type":"post","link":"https:\/\/comunidadtextil.com\/wpnews\/2020\/07\/elegiran-a-5-disenadores-de-colombia-para-presentarse-en-qatar-y-el-mercado-arabe\/","title":{"rendered":"Elegir\u00e1n a 5 dise\u00f1adores de Colombia para presentarse en Qatar y el mercado \u00e1rabe"},"content":{"rendered":"<p><a href=\"https:\/\/comunidadtextil.com\/wpnews\/wp-content\/uploads\/2020\/07\/Inexmoda_ProColombia.jpg\"><img loading=\"lazy\" decoding=\"async\" class=\"wp-image-9201 alignleft\" src=\"https:\/\/comunidadtextil.com\/wpnews\/wp-content\/uploads\/2020\/07\/Inexmoda_ProColombia-300x186.jpg\" alt=\"\" width=\"250\" height=\"157\" \/><\/a>Por medio de una alianza estrat\u00e9gica entre Inexmoda, ProColombia y Fashion Trust Arabia, reaizan un concurso para dise\u00f1adores colombianos. Los cinco premiados viajar\u00e1n a Qatar a realizar un intercambio con dise\u00f1adores \u00e1rabes, como parte la edici\u00f3n del Fashion Trust Arabia en 2021.<\/p>\n<p>\u201cEstoy encantada de ver como la alianza entre los creativos de Colombia y nuestra entidad se ha vuelto una realidad\u201d declar\u00f3 Al Mayassa Al Thani, copresidente del Fashion Trust Arabia. \u201cEsta alianza estrat\u00e9gica entre Inexmoda, ProColombia y Fashion Trust Arabia nos permitir\u00e1 unir la moda y el mundo creativo de Am\u00e9rica Latina y el mundo \u00e1rabe, brind\u00e1ndole a los j\u00f3venes dise\u00f1adores proyecci\u00f3n internacional y una plataforma hacia nuevos mercados\u201d, agreg\u00f3.<\/p>\n<div id=\"attachment_9195\" style=\"width: 126px\" class=\"wp-caption alignright\"><a href=\"https:\/\/comunidadtextil.com\/wpnews\/wp-content\/uploads\/2020\/07\/Carlos-Botero-director-de-Inexmoda..jpg\"><img loading=\"lazy\" decoding=\"async\" aria-describedby=\"caption-attachment-9195\" class=\" wp-image-9195\" src=\"https:\/\/comunidadtextil.com\/wpnews\/wp-content\/uploads\/2020\/07\/Carlos-Botero-director-de-Inexmoda.-167x300.jpg\" alt=\"\" width=\"116\" height=\"208\" srcset=\"https:\/\/comunidadtextil.com\/wpnews\/wp-content\/uploads\/2020\/07\/Carlos-Botero-director-de-Inexmoda.-167x300.jpg 167w, https:\/\/comunidadtextil.com\/wpnews\/wp-content\/uploads\/2020\/07\/Carlos-Botero-director-de-Inexmoda.-83x150.jpg 83w, https:\/\/comunidadtextil.com\/wpnews\/wp-content\/uploads\/2020\/07\/Carlos-Botero-director-de-Inexmoda..jpg 220w\" sizes=\"auto, (max-width: 116px) 100vw, 116px\" \/><\/a><p id=\"caption-attachment-9195\" class=\"wp-caption-text\">Carlos Botero, director de Inexmoda.<\/p><\/div>\n<p>Fashion Trust Arabia es una organizaci\u00f3n no comercial que ofrece apoyo financiero y acompa\u00f1amiento en negocios a los dise\u00f1adores de los pa\u00edses \u00e1rabes.<\/p>\n<p>El concurso seleccionar\u00e1 5 finalistas que tendr\u00e1n mentor\u00edas especializadas de preparaci\u00f3n con la dise\u00f1adora colombiana Johanna Ortiz, Inexmoda y otros exponentes de la industria antes de su viaje a Doha Qatar el pr\u00f3ximo a\u00f1o, donde ser\u00e1 la premiaci\u00f3n.<\/p>\n<p>Seg\u00fan Flavia Santoro, presidenta de ProColombia, esta alianza entre la entidad, Inexmoda y Fashion Trust Arabia se convertir\u00e1 en una gran vitrina de exhibici\u00f3n de la moda colombiana en la regi\u00f3n de Oriente Medio y Norte de \u00c1frica (MENA, por sus siglas en ingl\u00e9s). Y adem\u00e1s ser\u00e1 una gran oportunidad para que los dise\u00f1adores y las marcas colombianas demuestren su calidad y dise\u00f1o, en un mercado como el de Qatar, que est\u00e1 apostando fuertemente a la moda y que es considerado como el mercado de lujo de m\u00e1s r\u00e1pido crecimiento en el mundo.<\/p>\n<p><a href=\"https:\/\/comunidadtextil.com\/wpnews\/wp-content\/uploads\/2020\/07\/col3_1_0.jpg\"><img loading=\"lazy\" decoding=\"async\" class=\" wp-image-9196 alignleft\" src=\"https:\/\/comunidadtextil.com\/wpnews\/wp-content\/uploads\/2020\/07\/col3_1_0-172x300.jpg\" alt=\"\" width=\"134\" height=\"230\" \/><\/a>Entre los requisitos para concursar se exige que los dise\u00f1adores sean colombianos, tener entre 2 y 10 a\u00f1os de experiencia con su marca y que est\u00e9n radicadas en el pa\u00eds, y deben presentar una colecci\u00f3n en la categor\u00eda de \u2018ready to wear\u2019 femenino.<\/p>\n<p>El ganador del concurso contar\u00e1 con un a\u00f1o de mentor\u00eda y acompa\u00f1amiento de expertos. Por el Fashion Trust Arabia han pasado jurados, expertos y mentores de la talla de Tim Blanks, Jefferson Hack, Sarah Andelman y Victoria Beckham, entre otros.<\/p>\n<p>Los cinco finalistas ser\u00e1n anunciados a mediados del mes de noviembre de este a\u00f1o e iniciar\u00e1n su preparaci\u00f3n para asistir a la edici\u00f3n 2021 del Fashion Trust Arabia en Doha.<br \/>\n&#8212;&#8212;&#8212;&#8212;&#8212;&#8212;&#8212;&#8212;&#8212;&#8212;&#8212;&#8212;&#8212;&#8212;&#8212;&#8212;&#8212;&#8212;<br \/>\nFashion Network \/ Comunidad Textil<br \/>\n<a href=\"https:\/\/pe.fashionnetwork.com\/news\/La-moda-colombiana-viaja-al-medio-oriente-con-fashion-trust-arabia,1234362.html\" target=\"_blank\" rel=\"noopener noreferrer\">La moda colombiana viaja al medio oriente con fashion trust arabia<\/a><br \/>\n\u2014\u2014\u2014\u2014\u2014\u2014\u2014\u2014\u2014\u2014\u2014\u2014\u2014\u2014\u2014\u2014\u2014\u2014\u2014\u2014\u2014\u2014\u2014\u2014\u2014\u2014\u2014\u2014\u2014\u2014\u2014\u2014\u2014\u2014\u2014\u2014\u2014\u2014\u2014\u2014\u2014\u2014\u2014\u2014<\/p>\n<p dir=\"ltr\">Para comunicarse con ComunidadTextil: <span style=\"color: #3366ff;\"><a style=\"color: #3366ff;\" href=\"mailto:contacto@comunidadtextil.com\">contacto@comunidadtextil.com<\/a><\/span><\/p>\n<table border=\"0\" width=\"460\">\n<tbody>\n<tr>\n<td width=\"300\"><a href=\"https:\/\/www.thermore.com\/click_counter.php?campagna=513\" target=\"_blank\" rel=\"noopener noreferrer\"><img decoding=\"async\" src=\"\/publicidad\/20_06_thermore300x200px .jpg\" alt=\"\" width=\"290\" height=\"auto\" border=\"0\" \/><\/a><\/td>\n<td width=\"171\"><a href=\"http:\/\/www.intertextunisia.com\" target=\"_blank\" rel=\"noopener noreferrer\"><img decoding=\"async\" src=\"\/publicidad\/intertextunisia102020.jpg\" alt=\"\" width=\"290\" height=\"auto\" \/><\/a><\/td>\n<\/tr>\n<\/tbody>\n<\/table>\n","protected":false},"excerpt":{"rendered":"<p>Por medio de una alianza estrat\u00e9gica entre Inexmoda, ProColombia y Fashion Trust Arabia, reaizan un concurso para dise\u00f1adores colombianos. Los cinco premiados viajar\u00e1n a Qatar a realizar un intercambio con dise\u00f1adores \u00e1rabes, como parte la edici\u00f3n del Fashion Trust Arabia en 2021. \u201cEstoy encantada de ver como la alianza entre los creativos de Colombia y [&hellip;]<\/p>\n","protected":false},"author":1924,"featured_media":0,"comment_status":"closed","ping_status":"closed","sticky":false,"template":"","format":"standard","meta":{"footnotes":""},"categories":[48],"tags":[],"class_list":["post-9203","post","type-post","status-publish","format-standard","hentry","category-moda","count-0","even alt","author-adminct","last"],"_links":{"self":[{"href":"https:\/\/comunidadtextil.com\/wpnews\/wp-json\/wp\/v2\/posts\/9203","targetHints":{"allow":["GET"]}}],"collection":[{"href":"https:\/\/comunidadtextil.com\/wpnews\/wp-json\/wp\/v2\/posts"}],"about":[{"href":"https:\/\/comunidadtextil.com\/wpnews\/wp-json\/wp\/v2\/types\/post"}],"author":[{"embeddable":true,"href":"https:\/\/comunidadtextil.com\/wpnews\/wp-json\/wp\/v2\/users\/1924"}],"replies":[{"embeddable":true,"href":"https:\/\/comunidadtextil.com\/wpnews\/wp-json\/wp\/v2\/comments?post=9203"}],"version-history":[{"count":3,"href":"https:\/\/comunidadtextil.com\/wpnews\/wp-json\/wp\/v2\/posts\/9203\/revisions"}],"predecessor-version":[{"id":9206,"href":"https:\/\/comunidadtextil.com\/wpnews\/wp-json\/wp\/v2\/posts\/9203\/revisions\/9206"}],"wp:attachment":[{"href":"https:\/\/comunidadtextil.com\/wpnews\/wp-json\/wp\/v2\/media?parent=9203"}],"wp:term":[{"taxonomy":"category","embeddable":true,"href":"https:\/\/comunidadtextil.com\/wpnews\/wp-json\/wp\/v2\/categories?post=9203"},{"taxonomy":"post_tag","embeddable":true,"href":"https:\/\/comunidadtextil.com\/wpnews\/wp-json\/wp\/v2\/tags?post=9203"}],"curies":[{"name":"wp","href":"https:\/\/api.w.org\/{rel}","templated":true}]}}