{"id":8892,"date":"2020-05-18T13:24:39","date_gmt":"2020-05-18T16:24:39","guid":{"rendered":"http:\/\/comunidadtextil.com\/wpnews\/?p=8892"},"modified":"2020-05-18T13:24:39","modified_gmt":"2020-05-18T16:24:39","slug":"pacto-de-grandes-empresas-y-sectores-sindicales-para-buscar-recuperar-la-industria","status":"publish","type":"post","link":"https:\/\/comunidadtextil.com\/wpnews\/2020\/05\/pacto-de-grandes-empresas-y-sectores-sindicales-para-buscar-recuperar-la-industria\/","title":{"rendered":"Pacto de grandes empresas y sectores sindicales para buscar recuperar la industria"},"content":{"rendered":"<div id=\"attachment_8893\" style=\"width: 257px\" class=\"wp-caption alignright\"><a href=\"https:\/\/comunidadtextil.com\/wpnews\/wp-content\/uploads\/2020\/05\/F\u00e1brica-confeccionista-en-Bangladesh_9.jpg\"><img loading=\"lazy\" decoding=\"async\" aria-describedby=\"caption-attachment-8893\" class=\" wp-image-8893\" src=\"https:\/\/comunidadtextil.com\/wpnews\/wp-content\/uploads\/2020\/05\/F\u00e1brica-confeccionista-en-Bangladesh_9-300x188.jpg\" alt=\"\" width=\"247\" height=\"155\" srcset=\"https:\/\/comunidadtextil.com\/wpnews\/wp-content\/uploads\/2020\/05\/F\u00e1brica-confeccionista-en-Bangladesh_9-300x188.jpg 300w, https:\/\/comunidadtextil.com\/wpnews\/wp-content\/uploads\/2020\/05\/F\u00e1brica-confeccionista-en-Bangladesh_9-768x480.jpg 768w, https:\/\/comunidadtextil.com\/wpnews\/wp-content\/uploads\/2020\/05\/F\u00e1brica-confeccionista-en-Bangladesh_9-1024x640.jpg 1024w, https:\/\/comunidadtextil.com\/wpnews\/wp-content\/uploads\/2020\/05\/F\u00e1brica-confeccionista-en-Bangladesh_9-150x94.jpg 150w, https:\/\/comunidadtextil.com\/wpnews\/wp-content\/uploads\/2020\/05\/F\u00e1brica-confeccionista-en-Bangladesh_9.jpg 1080w\" sizes=\"auto, (max-width: 247px) 100vw, 247px\" \/><\/a><p id=\"caption-attachment-8893\" class=\"wp-caption-text\">F\u00e1brica confeccionista en Bangladesh.<\/p><\/div>\n<p>La Organizaci\u00f3n Internacional del Trabajo (OIT) esta actuando como eje vertebrador de una propuesta de entidades los trabajadores y asociaciones empresarias y grandes marcas, en busca de medidas de apoyo a las industrias textiles. El objetivo de este plan de acci\u00f3n global es superar los problemas econ\u00f3micos derivados de la pandemia y proteger los ingresos, la salud y el empleo de los trabajadores. En esta iniciativa no est\u00e1n representadas las PYMEs.<\/p>\n<p>Esta acci\u00f3n de grandes marcas y ciertos sectores sindicales, busca de sostener la actividad textil confeccionista y la producci\u00f3n global tal cual era antes de la pandemia. Sin embargo, instan a que se en adelante se adopten sistemas sostenibles de protecci\u00f3n social para lograr una industria textil m\u00e1s justa.<\/p>\n<p><a href=\"https:\/\/comunidadtextil.com\/wpnews\/wp-content\/uploads\/2020\/05\/1-23.jpg\"><img loading=\"lazy\" decoding=\"async\" class=\" wp-image-8894 alignleft\" src=\"https:\/\/comunidadtextil.com\/wpnews\/wp-content\/uploads\/2020\/05\/1-23-300x180.jpg\" alt=\"\" width=\"245\" height=\"149\" \/><\/a>Las organizaciones, sindicatos y c\u00e1maras empresarias que se han sumado a la iniciativa son: la Organizaci\u00f3n Internacional de Empleadores (OIE); la Confederaci\u00f3n Sindical Internacional (CSI); IndustriALL Gloabal Union; la Federeaci\u00f3n de Empleadores de Bangladesh; as\u00ed como importantes marcas y minoristas. Entre estos estacan: Adidas; C&amp;A; H&amp;M Group; la Federaci\u00f3n Internacional de la Industria del Vestido; Inditex; M&amp;S; Primark; PVH Corporation; Ralph Lauren; Tchibo; VF Corporation; Under Armour y Zalando.<\/p>\n<p>Una declaraci\u00f3n de esta iniciativa se\u00f1ala que \u201cse comprometen a trabajar junto con los gobiernos y las instituciones financieras para movilizar fondos econ\u00f3micos. Dichos fondos deber\u00edan permitir a los fabricantes garantizar la continuidad de sus actividades. Entre ellas el pago de los salarios, as\u00ed como el apoyo a los ingresos y a los planes de conservaci\u00f3n de empleo. Todo ello con el fin de hacer frente al impacto de la crisis sanitaria actual\u201d, dice.<\/p>\n<p>Exponemos a continuaci\u00f3n una selecci\u00f3n de declaraciones hechas por destacados miembros de las entidades y compa\u00f1\u00edas suscritas al pacto:<\/p>\n<p><a href=\"https:\/\/comunidadtextil.com\/wpnews\/wp-content\/uploads\/2020\/05\/F\u00e1brica-confeccionista-en-Bangladesh_7.jpg\"><img loading=\"lazy\" decoding=\"async\" class=\"alignright  wp-image-8895\" src=\"https:\/\/comunidadtextil.com\/wpnews\/wp-content\/uploads\/2020\/05\/F\u00e1brica-confeccionista-en-Bangladesh_7-300x169.jpg\" alt=\"\" width=\"247\" height=\"141\" \/><\/a>Roberto Su\u00e1rez Santos, secretario general de la Organizaci\u00f3n Internacional de Empleadores, OIE, explic\u00f3 que \u201cel impacto econ\u00f3mico de la pandemia en esta importante industria requiere una respuesta mundial. La OIE se une a este llamamiento a la acci\u00f3n con el objetivo de apoyar la continuidad de las empresas y la subsistencia de los trabajadores de la industria textil durante este dif\u00edcil periodo. Se trata de una iniciativa voluntaria que se centra en movilizar la acci\u00f3n colectiva. No pretende dejar de lado a los agentes, las empresas y las organizaciones que no puedan unirse\u201d, asegur\u00f3.<\/p>\n<p>Por su parte Guy Ryder, Director General de la Organizaci\u00f3n Internacional del Trabajo (OIT), opin\u00f3 que \u201cla OIT est\u00e1 muy preocupada por la amenaza que supone el COVID-19 para millones de empleos en la industrial textil mundial. Estamos ante una crisis sin precedentes que solo puede resolverse con la solidaridad de todos. La prioridad debe ser preservar las empresas y proteger a los trabajadores. En el n\u00facleo de esto se encuentra el di\u00e1logo social efectivo entre los gobiernos y las organizaciones de trabajadores y de empleadores. Instamos a todos los actores a atender este llamamiento y a tomar medidas conjuntas que nos ayuden a evitar una cat\u00e1strofe para la industria\u201d.<\/p>\n<p>La OIE, la CSI, la OIT y las dem\u00e1s organizaciones que respaldan esta declaraci\u00f3n se comprometieron, de acuerdo con sus respectivas funciones, a apoyar el desarrollo de los pisos de protecci\u00f3n social y a ampliar la protecci\u00f3n social de los trabajadores y empleadores de la industria textil.<\/p>\n<p>Explicaron que en los pr\u00f3ximos d\u00edas se establecer\u00e1 un grupo de trabajo internacional convocado por la OIT y coordinado por la OIE y la CSI, en la que participar\u00e1n marcas y fabricantes, organizaciones de trabajadores y de empleadores, as\u00ed como gobiernos, para seguir elaborando las medidas de aplicaci\u00f3n necesarias para cumplir estos compromisos.<br \/>\n&#8212;&#8212;&#8212;&#8212;&#8212;&#8212;&#8212;&#8212;&#8212;&#8212;&#8212;&#8212;&#8212;&#8212;&#8212;&#8211;<br \/>\nPinkertModa \/ Comunidad Textil<\/p>\n<p dir=\"ltr\">\u2014\u2014\u2014\u2014\u2014\u2014\u2014\u2014\u2014\u2014\u2014\u2014\u2014\u2014\u2014\u2014\u2014\u2014\u2014\u2014\u2014\u2014\u2014\u2014\u2014\u2014\u2014\u2014\u2014\u2014\u2014\u2014\u2014\u2014\u2014\u2014\u2014\u2014\u2014\u2014\u2014\u2014\u2014\u2014<\/p>\n<p dir=\"ltr\">Para comunicarse con ComunidadTextil: <span style=\"color: #3366ff;\"><a style=\"color: #3366ff;\" href=\"mailto:contacto@comunidadtextil.com\">contacto@comunidadtextil.com<\/a><\/span><\/p>\n<table border=\"0\" width=\"460\">\n<tbody>\n<tr>\n<td width=\"300\"><a href=\"http:\/\/bit.ly\/2qWIP7i\" target=\"_blank\" rel=\"noopener noreferrer\"><img loading=\"lazy\" decoding=\"async\" src=\"\/publicidad\/banner-ciai.gif\" alt=\"\" width=\"300\" height=\"153\" border=\"0\" \/><\/a><\/td>\n<td width=\"171\"><a href=\"http:\/\/bit.ly\/2pCZjRd\" target=\"_blank\" rel=\"noopener noreferrer\"><img loading=\"lazy\" decoding=\"async\" src=\"\/publicidad\/fajunio300x200.jpg\" width=\"300\" height=\"200\" \/><\/a><\/td>\n<\/tr>\n<\/tbody>\n<\/table>\n","protected":false},"excerpt":{"rendered":"<p>La Organizaci\u00f3n Internacional del Trabajo (OIT) esta actuando como eje vertebrador de una propuesta de entidades los trabajadores y asociaciones empresarias y grandes marcas, en busca de medidas de apoyo a las industrias textiles. El objetivo de este plan de acci\u00f3n global es superar los problemas econ\u00f3micos derivados de la pandemia y proteger los ingresos, [&hellip;]<\/p>\n","protected":false},"author":1924,"featured_media":0,"comment_status":"closed","ping_status":"closed","sticky":false,"template":"","format":"standard","meta":{"footnotes":""},"categories":[70,52,53],"tags":[],"class_list":["post-8892","post","type-post","status-publish","format-standard","hentry","category-crisis","category-industria-de-la-confeccion","category-industria-textil","count-0","even alt","author-adminct","last"],"_links":{"self":[{"href":"https:\/\/comunidadtextil.com\/wpnews\/wp-json\/wp\/v2\/posts\/8892","targetHints":{"allow":["GET"]}}],"collection":[{"href":"https:\/\/comunidadtextil.com\/wpnews\/wp-json\/wp\/v2\/posts"}],"about":[{"href":"https:\/\/comunidadtextil.com\/wpnews\/wp-json\/wp\/v2\/types\/post"}],"author":[{"embeddable":true,"href":"https:\/\/comunidadtextil.com\/wpnews\/wp-json\/wp\/v2\/users\/1924"}],"replies":[{"embeddable":true,"href":"https:\/\/comunidadtextil.com\/wpnews\/wp-json\/wp\/v2\/comments?post=8892"}],"version-history":[{"count":1,"href":"https:\/\/comunidadtextil.com\/wpnews\/wp-json\/wp\/v2\/posts\/8892\/revisions"}],"predecessor-version":[{"id":8896,"href":"https:\/\/comunidadtextil.com\/wpnews\/wp-json\/wp\/v2\/posts\/8892\/revisions\/8896"}],"wp:attachment":[{"href":"https:\/\/comunidadtextil.com\/wpnews\/wp-json\/wp\/v2\/media?parent=8892"}],"wp:term":[{"taxonomy":"category","embeddable":true,"href":"https:\/\/comunidadtextil.com\/wpnews\/wp-json\/wp\/v2\/categories?post=8892"},{"taxonomy":"post_tag","embeddable":true,"href":"https:\/\/comunidadtextil.com\/wpnews\/wp-json\/wp\/v2\/tags?post=8892"}],"curies":[{"name":"wp","href":"https:\/\/api.w.org\/{rel}","templated":true}]}}