{"id":8826,"date":"2020-04-27T11:13:41","date_gmt":"2020-04-27T14:13:41","guid":{"rendered":"http:\/\/comunidadtextil.com\/wpnews\/?p=8826"},"modified":"2020-04-27T11:13:41","modified_gmt":"2020-04-27T14:13:41","slug":"la-mayoria-de-los-argentinos-cree-que-en-el-periodo-post-pandemia-reducira-compras","status":"publish","type":"post","link":"https:\/\/comunidadtextil.com\/wpnews\/2020\/04\/la-mayoria-de-los-argentinos-cree-que-en-el-periodo-post-pandemia-reducira-compras\/","title":{"rendered":"La mayor\u00eda de los argentinos cree que en el per\u00edodo post pandemia reducir\u00e1 compras"},"content":{"rendered":"<p><a href=\"https:\/\/comunidadtextil.com\/wpnews\/wp-content\/uploads\/2020\/04\/COMERCIO-MINORISTA-DE-ROPA_2-.jpg\"><img loading=\"lazy\" decoding=\"async\" class=\" wp-image-8810 alignleft\" src=\"https:\/\/comunidadtextil.com\/wpnews\/wp-content\/uploads\/2020\/04\/COMERCIO-MINORISTA-DE-ROPA_2--300x169.jpg\" alt=\"\" width=\"245\" height=\"140\" \/><\/a>El 74% de los consumidores argentinos cree que durante 2020 disminuir\u00e1 sus gastos a causa de la crisis de la pandemia por coronavirus, de acuerdo al estudio Consumer Sentiment de Boston Consulting Group (BCG).<\/p>\n<p>Adempas, el estudio de BCG resalta que, debido a las nuevas din\u00e1micas establecidas a ra\u00edz de la cuarentena, los pa\u00edses sudamericanos se est\u00e1n amoldando r\u00e1pidamente a las compras y transacciones a trav\u00e9s de e-commerce y canales digitales.<\/p>\n<p>En ese sentido, el estudio destaca la importancia que los consumidores dan a las promociones para la venta. En el caso de los argentinos, el 75% afirm\u00f3 que realiza compras en promociones con cierta regularidad, destac\u00e1ndose las categor\u00edas de indumentaria y cuidado personal.<\/p>\n<p><a href=\"https:\/\/comunidadtextil.com\/wpnews\/wp-content\/uploads\/2020\/04\/comercios-1-.jpg\"><img loading=\"lazy\" decoding=\"async\" class=\"alignright  wp-image-8812\" src=\"https:\/\/comunidadtextil.com\/wpnews\/wp-content\/uploads\/2020\/04\/comercios-1--300x194.jpg\" alt=\"\" width=\"246\" height=\"161\" srcset=\"https:\/\/comunidadtextil.com\/wpnews\/wp-content\/uploads\/2020\/04\/comercios-1--768x498.jpg 768w, https:\/\/comunidadtextil.com\/wpnews\/wp-content\/uploads\/2020\/04\/comercios-1--150x97.jpg 150w\" sizes=\"auto, (max-width: 246px) 100vw, 246px\" \/><\/a>Aunque el 78% de los argentinos encuestados considera que su pa\u00eds ya atravesaba una crisis econ\u00f3mica antes de la pandemia, s\u00f3lo el 65% de percibe con optimismo el futuro econ\u00f3mico de Argentina en los pr\u00f3ximos 5 a\u00f1os.<\/p>\n<p>Frente a este panorama, desde BCG proponen cuatro acciones claves para que las empresas lleven a cabo: diferenciarse v\u00eda pricing (definici\u00f3n de precios) y construcci\u00f3n de marca, impulsar Consumer Journeys (experiencias del cliente) digitales, reforzar el conocimiento del consumidor a trav\u00e9s de datos y anal\u00edtica, y redoblar esfuerzos por mayor eficiencia.<br \/>\n&#8212;&#8212;&#8212;&#8212;&#8212;&#8212;&#8212;&#8212;&#8212;&#8212;&#8212;&#8212;&#8212;&#8212;&#8212;&#8212;&#8212;&#8211;<br \/>\nFashion Network \/ Comunidad Textil<\/p>\n<p dir=\"ltr\">\u2014\u2014\u2014\u2014\u2014\u2014\u2014\u2014\u2014\u2014\u2014\u2014\u2014\u2014\u2014\u2014\u2014\u2014\u2014\u2014\u2014\u2014\u2014\u2014\u2014\u2014\u2014\u2014\u2014\u2014\u2014\u2014\u2014\u2014\u2014\u2014\u2014\u2014\u2014\u2014\u2014\u2014\u2014\u2014<\/p>\n<p dir=\"ltr\">Para comunicarse con ComunidadTextil: <span style=\"color: #3366ff;\"><a style=\"color: #3366ff;\" href=\"mailto:contacto@comunidadtextil.com\">contacto@comunidadtextil.com<\/a><\/span><\/p>\n<table border=\"0\" width=\"460\">\n<tbody>\n<tr>\n<td width=\"300\"><a href=\"http:\/\/bit.ly\/2qWIP7i\" target=\"_blank\" rel=\"noopener noreferrer\"><img loading=\"lazy\" decoding=\"async\" src=\"\/publicidad\/banner-ciai.gif\" alt=\"\" width=\"300\" height=\"153\" border=\"0\" \/><\/a><\/td>\n<td width=\"171\"><a href=\"http:\/\/www.intertextunisia.com\" target=\"_blank\" rel=\"noopener noreferrer\"><img loading=\"lazy\" decoding=\"async\" src=\"\/publicidad\/intertextunisia102020.jpg\" alt=\"\" width=\"300\" height=\"170\" \/><\/a><\/td>\n<\/tr>\n<\/tbody>\n<\/table>\n","protected":false},"excerpt":{"rendered":"<p>El 74% de los consumidores argentinos cree que durante 2020 disminuir\u00e1 sus gastos a causa de la crisis de la pandemia por coronavirus, de acuerdo al estudio Consumer Sentiment de Boston Consulting Group (BCG). Adempas, el estudio de BCG resalta que, debido a las nuevas din\u00e1micas establecidas a ra\u00edz de la cuarentena, los pa\u00edses sudamericanos [&hellip;]<\/p>\n","protected":false},"author":1924,"featured_media":0,"comment_status":"closed","ping_status":"closed","sticky":false,"template":"","format":"standard","meta":{"footnotes":""},"categories":[8,70],"tags":[],"class_list":["post-8826","post","type-post","status-publish","format-standard","hentry","category-argentina","category-crisis","count-0","even alt","author-adminct","last"],"_links":{"self":[{"href":"https:\/\/comunidadtextil.com\/wpnews\/wp-json\/wp\/v2\/posts\/8826","targetHints":{"allow":["GET"]}}],"collection":[{"href":"https:\/\/comunidadtextil.com\/wpnews\/wp-json\/wp\/v2\/posts"}],"about":[{"href":"https:\/\/comunidadtextil.com\/wpnews\/wp-json\/wp\/v2\/types\/post"}],"author":[{"embeddable":true,"href":"https:\/\/comunidadtextil.com\/wpnews\/wp-json\/wp\/v2\/users\/1924"}],"replies":[{"embeddable":true,"href":"https:\/\/comunidadtextil.com\/wpnews\/wp-json\/wp\/v2\/comments?post=8826"}],"version-history":[{"count":1,"href":"https:\/\/comunidadtextil.com\/wpnews\/wp-json\/wp\/v2\/posts\/8826\/revisions"}],"predecessor-version":[{"id":8827,"href":"https:\/\/comunidadtextil.com\/wpnews\/wp-json\/wp\/v2\/posts\/8826\/revisions\/8827"}],"wp:attachment":[{"href":"https:\/\/comunidadtextil.com\/wpnews\/wp-json\/wp\/v2\/media?parent=8826"}],"wp:term":[{"taxonomy":"category","embeddable":true,"href":"https:\/\/comunidadtextil.com\/wpnews\/wp-json\/wp\/v2\/categories?post=8826"},{"taxonomy":"post_tag","embeddable":true,"href":"https:\/\/comunidadtextil.com\/wpnews\/wp-json\/wp\/v2\/tags?post=8826"}],"curies":[{"name":"wp","href":"https:\/\/api.w.org\/{rel}","templated":true}]}}