{"id":8804,"date":"2020-04-23T11:13:24","date_gmt":"2020-04-23T14:13:24","guid":{"rendered":"http:\/\/comunidadtextil.com\/wpnews\/?p=8804"},"modified":"2020-04-23T11:13:45","modified_gmt":"2020-04-23T14:13:45","slug":"la-industria-textil-colombiana-exige-al-gobierno-acciones-y-asistencia-para-sostenerse","status":"publish","type":"post","link":"https:\/\/comunidadtextil.com\/wpnews\/2020\/04\/la-industria-textil-colombiana-exige-al-gobierno-acciones-y-asistencia-para-sostenerse\/","title":{"rendered":"La industria textil colombiana exige al gobierno acciones y asistencia para sostenerse"},"content":{"rendered":"<div id=\"attachment_8782\" style=\"width: 251px\" class=\"wp-caption alignleft\"><a href=\"https:\/\/comunidadtextil.com\/wpnews\/wp-content\/uploads\/2020\/04\/F\u00e1brica-de-confecciones-en-Colombia-3.jpg\"><img loading=\"lazy\" decoding=\"async\" aria-describedby=\"caption-attachment-8782\" class=\"wp-image-8782 \" src=\"https:\/\/comunidadtextil.com\/wpnews\/wp-content\/uploads\/2020\/04\/F\u00e1brica-de-confecciones-en-Colombia-3-300x225.jpg\" alt=\"\" width=\"241\" height=\"181\" srcset=\"https:\/\/comunidadtextil.com\/wpnews\/wp-content\/uploads\/2020\/04\/F\u00e1brica-de-confecciones-en-Colombia-3-300x225.jpg 300w, https:\/\/comunidadtextil.com\/wpnews\/wp-content\/uploads\/2020\/04\/F\u00e1brica-de-confecciones-en-Colombia-3-150x113.jpg 150w, https:\/\/comunidadtextil.com\/wpnews\/wp-content\/uploads\/2020\/04\/F\u00e1brica-de-confecciones-en-Colombia-3.jpg 350w\" sizes=\"auto, (max-width: 241px) 100vw, 241px\" \/><\/a><p id=\"caption-attachment-8782\" class=\"wp-caption-text\">F\u00e1brica de confecciones en Colombia.<\/p><\/div>\n<p>El Sistema Moda en Colombia y toda la cadena textil se preparan para el peor escenario de su historia en los pr\u00f3ximos meses, con producciones congeladas, ventas frenadas y colecciones que no vieron la calle. Los empresarios del sector anuncian que las soluciones del Gobierno no son suficientes pues generar\u00edan un sobre endeudamiento.<\/p>\n<p>El pa\u00eds se prepara para el final tentativo del aislamiento obligatorio el pr\u00f3ximo 27 de abril, fecha que marcar\u00e1 el inicio del aislamiento inteligente. Los empresarios del textil contin\u00faan pidiendo al Gobierno soluciones tangibles, desde subsidios hasta exenciones tributarias, en reemplazo de las anunciadas medidas crediticia. Sin embargo, aseguran que a\u00fan no han tenido respuesta.<\/p>\n<p>La industria textil es una de las ramas del sector manufacturero de Colombia de gran importancia para la econom\u00eda debido a la enorme fuerza laboral que ocupa. Seg\u00fan cifras oficiales la plantilla del sector textil confeccionista se elevar\u00eda por encima de los 2,5 millones de personas.<\/p>\n<p><a href=\"https:\/\/comunidadtextil.com\/wpnews\/wp-content\/uploads\/2020\/04\/F\u00e1brica-textil-en-Colombia-2.jpg\"><img loading=\"lazy\" decoding=\"async\" class=\"alignright wp-image-8783\" src=\"https:\/\/comunidadtextil.com\/wpnews\/wp-content\/uploads\/2020\/04\/F\u00e1brica-textil-en-Colombia-2-300x208.jpg\" alt=\"\" width=\"242\" height=\"169\" srcset=\"https:\/\/comunidadtextil.com\/wpnews\/wp-content\/uploads\/2020\/04\/F\u00e1brica-textil-en-Colombia-2-300x208.jpg 300w, https:\/\/comunidadtextil.com\/wpnews\/wp-content\/uploads\/2020\/04\/F\u00e1brica-textil-en-Colombia-2-150x104.jpg 150w, https:\/\/comunidadtextil.com\/wpnews\/wp-content\/uploads\/2020\/04\/F\u00e1brica-textil-en-Colombia-2.jpg 345w\" sizes=\"auto, (max-width: 242px) 100vw, 242px\" \/><\/a>Entretanto, en medio de la crisis, la vicepresidenta de Colombia, Marta Luc\u00eda Ram\u00edrez, anunci\u00f3 que la reactivaci\u00f3n econ\u00f3mica del pa\u00eds est\u00e1 pr\u00f3xima pero ser\u00e1 paulatina y escalonada, con el transporte, la infraestructura y la manufactura entre las prioridades.<\/p>\n<p>Ram\u00edrez inform\u00f3 adem\u00e1s que ya son m\u00e1s de 400 las empresas textiles que se encuentran funcionando en el pa\u00eds como parte del programa de aprovisionamiento de material de bioseguridad para las cl\u00ednicas y hospitales.<br \/>\n&#8212;&#8212;&#8212;&#8212;&#8212;&#8212;&#8212;&#8212;&#8212;&#8212;&#8212;&#8212;&#8212;&#8212;&#8212;&#8212;&#8212;&#8211;<br \/>\nFashion Network \/ Comunidad Textil<\/p>\n<p dir=\"ltr\">\u2014\u2014\u2014\u2014\u2014\u2014\u2014\u2014\u2014\u2014\u2014\u2014\u2014\u2014\u2014\u2014\u2014\u2014\u2014\u2014\u2014\u2014\u2014\u2014\u2014\u2014\u2014\u2014\u2014\u2014\u2014\u2014\u2014\u2014\u2014\u2014\u2014\u2014\u2014\u2014\u2014\u2014\u2014\u2014<\/p>\n<p dir=\"ltr\">Para comunicarse con ComunidadTextil: <span style=\"color: #3366ff;\"><a style=\"color: #3366ff;\" href=\"mailto:contacto@comunidadtextil.com\">contacto@comunidadtextil.com<\/a><\/span><\/p>\n<table border=\"0\" width=\"460\">\n<tbody>\n<tr>\n<td width=\"300\"><img loading=\"lazy\" decoding=\"async\" src=\"http:\/\/cueroamerica.info\/img\/publicidad\/fajunio300x200_3a4_2021.gif\" width=\"300\" height=\"200\" \/><\/td>\n<td width=\"171\"><a href=\"http:\/\/bit.ly\/2tYQMZ1\" target=\"_blank\" rel=\"noopener noreferrer\"><img loading=\"lazy\" decoding=\"async\" src=\"\/publicidad\/empresrl072017.gif\" alt=\"\" width=\"300\" height=\"200\" border=\"0\" \/><\/a><\/td>\n<\/tr>\n<\/tbody>\n<\/table>\n","protected":false},"excerpt":{"rendered":"<p>El Sistema Moda en Colombia y toda la cadena textil se preparan para el peor escenario de su historia en los pr\u00f3ximos meses, con producciones congeladas, ventas frenadas y colecciones que no vieron la calle. Los empresarios del sector anuncian que las soluciones del Gobierno no son suficientes pues generar\u00edan un sobre endeudamiento. El pa\u00eds [&hellip;]<\/p>\n","protected":false},"author":1924,"featured_media":0,"comment_status":"closed","ping_status":"closed","sticky":false,"template":"","format":"standard","meta":{"footnotes":""},"categories":[70,58],"tags":[],"class_list":["post-8804","post","type-post","status-publish","format-standard","hentry","category-crisis","category-noticias-de-america-latina","count-0","even alt","author-adminct","last"],"_links":{"self":[{"href":"https:\/\/comunidadtextil.com\/wpnews\/wp-json\/wp\/v2\/posts\/8804","targetHints":{"allow":["GET"]}}],"collection":[{"href":"https:\/\/comunidadtextil.com\/wpnews\/wp-json\/wp\/v2\/posts"}],"about":[{"href":"https:\/\/comunidadtextil.com\/wpnews\/wp-json\/wp\/v2\/types\/post"}],"author":[{"embeddable":true,"href":"https:\/\/comunidadtextil.com\/wpnews\/wp-json\/wp\/v2\/users\/1924"}],"replies":[{"embeddable":true,"href":"https:\/\/comunidadtextil.com\/wpnews\/wp-json\/wp\/v2\/comments?post=8804"}],"version-history":[{"count":2,"href":"https:\/\/comunidadtextil.com\/wpnews\/wp-json\/wp\/v2\/posts\/8804\/revisions"}],"predecessor-version":[{"id":8806,"href":"https:\/\/comunidadtextil.com\/wpnews\/wp-json\/wp\/v2\/posts\/8804\/revisions\/8806"}],"wp:attachment":[{"href":"https:\/\/comunidadtextil.com\/wpnews\/wp-json\/wp\/v2\/media?parent=8804"}],"wp:term":[{"taxonomy":"category","embeddable":true,"href":"https:\/\/comunidadtextil.com\/wpnews\/wp-json\/wp\/v2\/categories?post=8804"},{"taxonomy":"post_tag","embeddable":true,"href":"https:\/\/comunidadtextil.com\/wpnews\/wp-json\/wp\/v2\/tags?post=8804"}],"curies":[{"name":"wp","href":"https:\/\/api.w.org\/{rel}","templated":true}]}}