{"id":8789,"date":"2020-04-23T10:37:15","date_gmt":"2020-04-23T13:37:15","guid":{"rendered":"http:\/\/comunidadtextil.com\/wpnews\/?p=8789"},"modified":"2020-04-27T13:33:20","modified_gmt":"2020-04-27T16:33:20","slug":"messe-franfurt-argentina-le-puso-nueva-fecha-las-ferias-emitex-simatex-y-confemaq","status":"publish","type":"post","link":"https:\/\/comunidadtextil.com\/wpnews\/2020\/04\/messe-franfurt-argentina-le-puso-nueva-fecha-las-ferias-emitex-simatex-y-confemaq\/","title":{"rendered":"Messe Frankfurt Argentina le puso nueva fecha las ferias Emitex, Simatex y Confemaq"},"content":{"rendered":"<p><a href=\"https:\/\/comunidadtextil.com\/wpnews\/wp-content\/uploads\/2020\/04\/8-002.jpg\"><img loading=\"lazy\" decoding=\"async\" class=\"alignright wp-image-8786\" src=\"https:\/\/comunidadtextil.com\/wpnews\/wp-content\/uploads\/2020\/04\/8-002-300x225.jpg\" alt=\"\" width=\"242\" height=\"183\" srcset=\"https:\/\/comunidadtextil.com\/wpnews\/wp-content\/uploads\/2020\/04\/8-002-300x225.jpg 300w, https:\/\/comunidadtextil.com\/wpnews\/wp-content\/uploads\/2020\/04\/8-002-768x576.jpg 768w, https:\/\/comunidadtextil.com\/wpnews\/wp-content\/uploads\/2020\/04\/8-002-1024x768.jpg 1024w, https:\/\/comunidadtextil.com\/wpnews\/wp-content\/uploads\/2020\/04\/8-002-150x112.jpg 150w\" sizes=\"auto, (max-width: 242px) 100vw, 242px\" \/><\/a>Messe Frankfurt Argentina anunci\u00f3 que ante la prolongaci\u00f3n de la pandemia y sus efectos, las ferias Simatex, Emitex y Confemaq se realizar\u00e1n en abril de 2021. Simatex estar\u00e1 abierta del 12 al 15 de abril y Emitex y Confemaq ser\u00e1n inauguradas un d\u00eda despu\u00e9s, del 13 al 15 de abril.<\/p>\n<p>Teniendo en cuenta la prolongaci\u00f3n de la pandemia y sus efectos, los organizadores de las ferias Simatex, Emitex y Confemaq, Messe Franfurt Argentina, anunci\u00f3 su desplazamiento hasta mes de abril de 2021.<\/p>\n<p>El encuentro m\u00e1s importante de la industria textil de Argentina confirm\u00f3 la fecha: Simatex estar\u00e1 abierta del 12 al 15 de abril y Emitex y Confemaq se dispondr\u00e1n un d\u00eda despu\u00e9s, del 13 al 15 de abril de 2021. Las tres exposiciones se llevar\u00e1n a cabo en simult\u00e1neo, en el Centro Costa Salguero de Buenos Aires.<\/p>\n<p><a href=\"https:\/\/comunidadtextil.com\/wpnews\/wp-content\/uploads\/2020\/04\/3Epson_a.jpg\"><img loading=\"lazy\" decoding=\"async\" class=\" wp-image-8787 alignleft\" src=\"https:\/\/comunidadtextil.com\/wpnews\/wp-content\/uploads\/2020\/04\/3Epson_a-300x225.jpg\" alt=\"\" width=\"248\" height=\"187\" srcset=\"https:\/\/comunidadtextil.com\/wpnews\/wp-content\/uploads\/2020\/04\/3Epson_a-300x225.jpg 300w, https:\/\/comunidadtextil.com\/wpnews\/wp-content\/uploads\/2020\/04\/3Epson_a-768x576.jpg 768w, https:\/\/comunidadtextil.com\/wpnews\/wp-content\/uploads\/2020\/04\/3Epson_a-1024x768.jpg 1024w, https:\/\/comunidadtextil.com\/wpnews\/wp-content\/uploads\/2020\/04\/3Epson_a-150x112.jpg 150w, https:\/\/comunidadtextil.com\/wpnews\/wp-content\/uploads\/2020\/04\/3Epson_a.jpg 1091w\" sizes=\"auto, (max-width: 248px) 100vw, 248px\" \/><\/a>El evento, que ten\u00eda previsto realizarse en abril de este a\u00f1o, fue postergado debido a las medidas de prevenci\u00f3n adoptadas por las autoridades nacionales de Argentina ante la propagaci\u00f3n del nuevo coronavirus.<\/p>\n<p>Desde hace m\u00e1s de 18 a\u00f1os, Emitex, Simatex y Confemaq promueven exitosamente los negocios y la actualizaci\u00f3n profesional en la industria textil, por lo que la postergaci\u00f3n s\u00f3lo har\u00e1 acrecentar el inter\u00e9s estos sdalones.<\/p>\n<p>La experiencia en los resultados de Emitex, Simatex y Confemaq deja en claro que son exposiciones de referencia en la regi\u00f3n y se enmarcan en las tendencias mundiales. Adem\u00e1s, ubican a la moda como un sector influyente en el marco de los problemas m\u00e1s acuciantes del mundo, especialmente cuando se deje atr\u00e1s la atroz pandemia.<\/p>\n<p><a href=\"https:\/\/comunidadtextil.com\/wpnews\/wp-content\/uploads\/2020\/04\/4.jpg\"><img loading=\"lazy\" decoding=\"async\" class=\"alignright wp-image-8788\" src=\"https:\/\/comunidadtextil.com\/wpnews\/wp-content\/uploads\/2020\/04\/4-300x200.jpg\" alt=\"\" width=\"247\" height=\"166\" srcset=\"https:\/\/comunidadtextil.com\/wpnews\/wp-content\/uploads\/2020\/04\/4-300x200.jpg 300w, https:\/\/comunidadtextil.com\/wpnews\/wp-content\/uploads\/2020\/04\/4-150x100.jpg 150w, https:\/\/comunidadtextil.com\/wpnews\/wp-content\/uploads\/2020\/04\/4.jpg 551w\" sizes=\"auto, (max-width: 247px) 100vw, 247px\" \/><\/a>Por otra parte, las ferias est\u00e1n alineadas al compromiso con los Objetivos de Desarrollo Sostenible (ODS), que mantiene la red Texpertise Network de Messe Frankfurt, #ESC 2020, que tendr\u00e1 a la sustentabilidad como eje.<\/p>\n<p>En este sentido, ese tema tendr\u00e1 un espacio de difusi\u00f3n e informaci\u00f3n de las empresas que se encaminan hacia el cambio y que trabajan la sostenibilidad en la industria textil.<\/p>\n<p>La tem\u00e1tica ambiental tambi\u00e9n se abordar\u00e1 desde perspectivas acad\u00e9micas y de negocios a trav\u00e9s de diversas charlas a cargo de expositores y expertos. Con esta iniciativa, el evento busca promover mejores pr\u00e1cticas en la producci\u00f3n textil, alentando y difundiendo a empresas y marcas que desean comunicar su potencial sostenible.<\/p>\n<p>Luego del duro per\u00edodo que estamos transitando, seguramente las ferias ser\u00e1n un vital punto de reencuentro a nivel humano y profesional. Por eso debemos hacer todos los esfuerzos necesarios para asegurarnos de que en abril no falte nadie.<br \/>\n&#8212;&#8212;&#8212;&#8212;&#8212;&#8212;&#8212;&#8212;&#8212;&#8212;&#8212;&#8212;&#8212;&#8212;&#8212;&#8212;&#8212;-<br \/>\nMesse Frankfurt \/ Comunidad Textil<\/p>\n<p dir=\"ltr\">\u2014\u2014\u2014\u2014\u2014\u2014\u2014\u2014\u2014\u2014\u2014\u2014\u2014\u2014\u2014\u2014\u2014\u2014\u2014\u2014\u2014\u2014\u2014\u2014\u2014\u2014\u2014\u2014\u2014\u2014\u2014\u2014\u2014\u2014\u2014\u2014\u2014\u2014\u2014\u2014\u2014\u2014\u2014\u2014<\/p>\n<p dir=\"ltr\">Para comunicarse con ComunidadTextil: <span style=\"color: #3366ff;\"><a style=\"color: #3366ff;\" href=\"mailto:contacto@comunidadtextil.com\">contacto@comunidadtextil.com<\/a><\/span><\/p>\n<table border=\"0\" width=\"460\">\n<tbody>\n<tr>\n<td width=\"300\"><a href=\"https:\/\/algoselanflandria.com.ar\/\" target=\"_blank\" rel=\"noopener noreferrer\"><img decoding=\"async\" src=\"http:\/\/comunidadtextil.com\/publicidad\/banner-af2019a.gif\" alt=\"\" width=\"auto\" height=\"auto\" border=\"0\" \/><\/a><\/td>\n<td width=\"171\"><a href=\"http:\/\/bit.ly\/2roUAoq\" target=\"_blank\" rel=\"noopener noreferrer\"><img loading=\"lazy\" decoding=\"async\" src=\"http:\/\/comunidadtextil.com\/cursos300x200.jpg\" alt=\"\" width=\"300\" height=\"200\" border=\"0\" \/><\/a><\/td>\n<\/tr>\n<\/tbody>\n<\/table>\n","protected":false},"excerpt":{"rendered":"<p>Messe Frankfurt Argentina anunci\u00f3 que ante la prolongaci\u00f3n de la pandemia y sus efectos, las ferias Simatex, Emitex y Confemaq se realizar\u00e1n en abril de 2021. Simatex estar\u00e1 abierta del 12 al 15 de abril y Emitex y Confemaq ser\u00e1n inauguradas un d\u00eda despu\u00e9s, del 13 al 15 de abril. Teniendo en cuenta la prolongaci\u00f3n [&hellip;]<\/p>\n","protected":false},"author":1924,"featured_media":0,"comment_status":"closed","ping_status":"closed","sticky":false,"template":"","format":"standard","meta":{"footnotes":""},"categories":[9,50],"tags":[],"class_list":["post-8789","post","type-post","status-publish","format-standard","hentry","category-ferias","category-ferias-proximas","count-0","even alt","author-adminct","last"],"_links":{"self":[{"href":"https:\/\/comunidadtextil.com\/wpnews\/wp-json\/wp\/v2\/posts\/8789","targetHints":{"allow":["GET"]}}],"collection":[{"href":"https:\/\/comunidadtextil.com\/wpnews\/wp-json\/wp\/v2\/posts"}],"about":[{"href":"https:\/\/comunidadtextil.com\/wpnews\/wp-json\/wp\/v2\/types\/post"}],"author":[{"embeddable":true,"href":"https:\/\/comunidadtextil.com\/wpnews\/wp-json\/wp\/v2\/users\/1924"}],"replies":[{"embeddable":true,"href":"https:\/\/comunidadtextil.com\/wpnews\/wp-json\/wp\/v2\/comments?post=8789"}],"version-history":[{"count":3,"href":"https:\/\/comunidadtextil.com\/wpnews\/wp-json\/wp\/v2\/posts\/8789\/revisions"}],"predecessor-version":[{"id":8839,"href":"https:\/\/comunidadtextil.com\/wpnews\/wp-json\/wp\/v2\/posts\/8789\/revisions\/8839"}],"wp:attachment":[{"href":"https:\/\/comunidadtextil.com\/wpnews\/wp-json\/wp\/v2\/media?parent=8789"}],"wp:term":[{"taxonomy":"category","embeddable":true,"href":"https:\/\/comunidadtextil.com\/wpnews\/wp-json\/wp\/v2\/categories?post=8789"},{"taxonomy":"post_tag","embeddable":true,"href":"https:\/\/comunidadtextil.com\/wpnews\/wp-json\/wp\/v2\/tags?post=8789"}],"curies":[{"name":"wp","href":"https:\/\/api.w.org\/{rel}","templated":true}]}}