{"id":8717,"date":"2020-03-19T14:55:08","date_gmt":"2020-03-19T17:55:08","guid":{"rendered":"http:\/\/comunidadtextil.com\/wpnews\/?p=8717"},"modified":"2020-03-19T14:55:08","modified_gmt":"2020-03-19T17:55:08","slug":"la-universidad-tecnologica-crea-un-postgrado-en-gestion-de-empresas-textiles-y-moda","status":"publish","type":"post","link":"https:\/\/comunidadtextil.com\/wpnews\/2020\/03\/la-universidad-tecnologica-crea-un-postgrado-en-gestion-de-empresas-textiles-y-moda\/","title":{"rendered":"La Universidad Tecnol\u00f3gica crea un postgrado en gesti\u00f3n de empresas textiles y moda"},"content":{"rendered":"<div id=\"attachment_8700\" style=\"width: 210px\" class=\"wp-caption alignleft\"><a href=\"https:\/\/comunidadtextil.com\/wpnews\/wp-content\/uploads\/2020\/03\/La-Ing.-Patricia-Marino-directora-del-postgrado-de-la-UTN_.jpg\"><img loading=\"lazy\" decoding=\"async\" aria-describedby=\"caption-attachment-8700\" class=\" wp-image-8700\" src=\"https:\/\/comunidadtextil.com\/wpnews\/wp-content\/uploads\/2020\/03\/La-Ing.-Patricia-Marino-directora-del-postgrado-de-la-UTN_-300x298.jpg\" alt=\"\" width=\"200\" height=\"199\" srcset=\"https:\/\/comunidadtextil.com\/wpnews\/wp-content\/uploads\/2020\/03\/La-Ing.-Patricia-Marino-directora-del-postgrado-de-la-UTN_-300x298.jpg 300w, https:\/\/comunidadtextil.com\/wpnews\/wp-content\/uploads\/2020\/03\/La-Ing.-Patricia-Marino-directora-del-postgrado-de-la-UTN_-150x150.jpg 150w, https:\/\/comunidadtextil.com\/wpnews\/wp-content\/uploads\/2020\/03\/La-Ing.-Patricia-Marino-directora-del-postgrado-de-la-UTN_-80x80.jpg 80w, https:\/\/comunidadtextil.com\/wpnews\/wp-content\/uploads\/2020\/03\/La-Ing.-Patricia-Marino-directora-del-postgrado-de-la-UTN_.jpg 536w\" sizes=\"auto, (max-width: 200px) 100vw, 200px\" \/><\/a><p id=\"caption-attachment-8700\" class=\"wp-caption-text\">La Ing. Patricia Marino directora del postgrado de la UTN.<\/p><\/div>\n<p>La Universidad Tecnol\u00f3gica Nacional (UTN) de Argentina lanz\u00f3 la Especializaci\u00f3n en Gesti\u00f3n de la Innovaci\u00f3n en Empresas Textiles y de la Moda, que tendr\u00e1 una duraci\u00f3n de 18 meses de cursada presencial. La directora del posgrado, la Ing. Patricia Marino, explica el su objetivo es formar profesionales que puedan comprender el marco global del sector. Se busca que los profesionales est\u00e9n capacitados para lograr que las empresas argentinas compitan en los mercados internacionales con productos diferenciados e innovadores.<\/p>\n<p>El nuevo posgrado aspira a que sus graduados puedan desempe\u00f1arse en empresas textiles y de indumentaria o armar un emprendimiento propio, en base a la innovaci\u00f3n en los productos y la gesti\u00f3n.<\/p>\n<p>Patricia Marino resalt\u00f3 la importancia de la industria textil y de la moda a nivel nacional, porque la producci\u00f3n \u201cintegra toda la cadena de valor\u201d. El algod\u00f3n, por ejemplo, llega a un valor 37 veces mayor que su costo cuando se transforma en una prenda de dise\u00f1o. \u201cEsta cadena es una de las que ocupa la mayor cantidad de mano de obra\u201d, afirm\u00f3 Marino y subray\u00f3 que esa situaci\u00f3n lleva a que \u201cla industria argentina sea un competidor de mucho potencial\u201d. Por eso los profesionales recibir\u00e1n herramientas para abordar la problem\u00e1tica local con una aspiraci\u00f3n internacional.<\/p>\n<p>En el armado del plan de estudios, Marino y su equipo tuvieron en cuenta que se necesita \u201cuna diversidad de perfiles profesionales cada vez m\u00e1s amplia\u201d. Entonces, pusieron el foco hacia expertos de ingenier\u00eda, arquitectura, dise\u00f1o, administraci\u00f3n, con un espectro amplio que puede abarcar a cualquier profesional que est\u00e9 relacionado con empresas del sector.<\/p>\n<div id=\"attachment_8705\" style=\"width: 256px\" class=\"wp-caption alignright\"><a href=\"https:\/\/comunidadtextil.com\/wpnews\/wp-content\/uploads\/2020\/03\/Sede-de-la-Universidad-T\u00e9cnil\u00f3gica-Nacional-UTN-en-Buenos-Aires.-_2a.jpg\"><img loading=\"lazy\" decoding=\"async\" aria-describedby=\"caption-attachment-8705\" class=\" wp-image-8705\" src=\"https:\/\/comunidadtextil.com\/wpnews\/wp-content\/uploads\/2020\/03\/Sede-de-la-Universidad-T\u00e9cnil\u00f3gica-Nacional-UTN-en-Buenos-Aires.-_2a-300x199.jpg\" alt=\"\" width=\"246\" height=\"163\" srcset=\"https:\/\/comunidadtextil.com\/wpnews\/wp-content\/uploads\/2020\/03\/Sede-de-la-Universidad-T\u00e9cnil\u00f3gica-Nacional-UTN-en-Buenos-Aires.-_2a-300x199.jpg 300w, https:\/\/comunidadtextil.com\/wpnews\/wp-content\/uploads\/2020\/03\/Sede-de-la-Universidad-T\u00e9cnil\u00f3gica-Nacional-UTN-en-Buenos-Aires.-_2a-768x508.jpg 768w, https:\/\/comunidadtextil.com\/wpnews\/wp-content\/uploads\/2020\/03\/Sede-de-la-Universidad-T\u00e9cnil\u00f3gica-Nacional-UTN-en-Buenos-Aires.-_2a-150x99.jpg 150w, https:\/\/comunidadtextil.com\/wpnews\/wp-content\/uploads\/2020\/03\/Sede-de-la-Universidad-T\u00e9cnil\u00f3gica-Nacional-UTN-en-Buenos-Aires.-_2a.jpg 1000w\" sizes=\"auto, (max-width: 246px) 100vw, 246px\" \/><\/a><p id=\"caption-attachment-8705\" class=\"wp-caption-text\">Sede de la Universidad T\u00e9cnil\u00f3gica Nacional, UTN, en Buenos Aires.<\/p><\/div>\n<p>El sector textil-indumentaria-moda argentino es federal, con materias primas diversificadas como lana de oveja, vicu\u00f1a, llama, guanaco, mohair y cashmere, entre otras.<\/p>\n<p>Patricia Marino sostuvo que la tradici\u00f3n nacional tiene una gran habilidad en el desarrollo de productos y marcas con identidad, donde \u201clas fibras naturales presentan la oportunidad principal de diferenciarse\u201d de otras industrias fuertes como la de Brasil o incluso la de China.<\/p>\n<p>En la actualidad, hay una b\u00fasqueda global de reducir el impacto ambiental con nuevas miradas sobre las formas productivas y de log\u00edstica. Existen aplicaciones no tradicionales para la producci\u00f3n textil. En este sentido Marino destac\u00f3 \u201cla nanotecnolog\u00eda, los biomateriales y la conectividad\u201d como \u00e1mbitos donde se desarrollan materiales \u201cnovedosos, de propiedades extraordinarias, con aplicaci\u00f3n en construcci\u00f3n, medicina y transporte\u201d.<\/p>\n<p>Para Patricia Marino, \u201cson muy relevantes las acciones que se llevan a cabo en la esfera de la econom\u00eda nacional\u201d en favor de las peque\u00f1as y medianas empresas del sector, por eso es clave el consumo interno. La importaci\u00f3n que introduce productos hechos con mano de obra intensiva es un factor que lo desgasta. En \u00e9pocas de recesi\u00f3n econ\u00f3mica, es uno de los sectores m\u00e1s afectados por la contracci\u00f3n del consumo. \u201cEs imperativo alentar la presencia sectorial en los mercados internacionales\u201d, enfatiz\u00f3 la acad\u00e9mica.<br \/>\n&#8212;&#8212;&#8212;&#8212;&#8212;&#8212;&#8212;&#8212;&#8212;&#8212;&#8212;&#8212;&#8212;&#8211;<br \/>\nP\u00e1gina 12 \/ Comunidad Textil<\/p>\n<p dir=\"ltr\">\u2014\u2014\u2014\u2014\u2014\u2014\u2014\u2014\u2014\u2014\u2014\u2014\u2014\u2014\u2014\u2014\u2014\u2014\u2014\u2014\u2014\u2014\u2014\u2014\u2014\u2014\u2014\u2014\u2014\u2014\u2014\u2014\u2014\u2014\u2014\u2014\u2014\u2014\u2014\u2014\u2014\u2014\u2014\u2014<\/p>\n<p dir=\"ltr\">Para comunicarse con ComunidadTextil: <span style=\"color: #3366ff;\"><a style=\"color: #3366ff;\" href=\"mailto:contacto@comunidadtextil.com\">contacto@comunidadtextil.com<\/a><\/span><\/p>\n<table border=\"0\" width=\"460\">\n<tbody>\n<tr>\n<td width=\"300\"><a href=\"http:\/\/www.intertextunisia.com\" target=\"_blank\" rel=\"noopener noreferrer\"><img loading=\"lazy\" decoding=\"async\" src=\"\/publicidad\/intertextunisia102020.jpg\" alt=\"\" width=\"300\" height=\"170\" \/><\/a><\/td>\n<td width=\"171\"><a href=\"http:\/\/bit.ly\/2qnuvSs\" target=\"_blank\" rel=\"noopener noreferrer\"><img loading=\"lazy\" decoding=\"async\" src=\"\/publicidad\/crecer-banner-julio17.gif\" alt=\"\" width=\"300\" height=\"200\" border=\"0\" \/><\/a><\/td>\n<\/tr>\n<\/tbody>\n<\/table>\n","protected":false},"excerpt":{"rendered":"<p>La Universidad Tecnol\u00f3gica Nacional (UTN) de Argentina lanz\u00f3 la Especializaci\u00f3n en Gesti\u00f3n de la Innovaci\u00f3n en Empresas Textiles y de la Moda, que tendr\u00e1 una duraci\u00f3n de 18 meses de cursada presencial. La directora del posgrado, la Ing. Patricia Marino, explica el su objetivo es formar profesionales que puedan comprender el marco global del sector. [&hellip;]<\/p>\n","protected":false},"author":1924,"featured_media":0,"comment_status":"closed","ping_status":"closed","sticky":false,"template":"","format":"standard","meta":{"footnotes":""},"categories":[8,58,66],"tags":[],"class_list":["post-8717","post","type-post","status-publish","format-standard","hentry","category-argentina","category-noticias-de-america-latina","category-recursos-humanos","count-0","even alt","author-adminct","last"],"_links":{"self":[{"href":"https:\/\/comunidadtextil.com\/wpnews\/wp-json\/wp\/v2\/posts\/8717","targetHints":{"allow":["GET"]}}],"collection":[{"href":"https:\/\/comunidadtextil.com\/wpnews\/wp-json\/wp\/v2\/posts"}],"about":[{"href":"https:\/\/comunidadtextil.com\/wpnews\/wp-json\/wp\/v2\/types\/post"}],"author":[{"embeddable":true,"href":"https:\/\/comunidadtextil.com\/wpnews\/wp-json\/wp\/v2\/users\/1924"}],"replies":[{"embeddable":true,"href":"https:\/\/comunidadtextil.com\/wpnews\/wp-json\/wp\/v2\/comments?post=8717"}],"version-history":[{"count":2,"href":"https:\/\/comunidadtextil.com\/wpnews\/wp-json\/wp\/v2\/posts\/8717\/revisions"}],"predecessor-version":[{"id":8719,"href":"https:\/\/comunidadtextil.com\/wpnews\/wp-json\/wp\/v2\/posts\/8717\/revisions\/8719"}],"wp:attachment":[{"href":"https:\/\/comunidadtextil.com\/wpnews\/wp-json\/wp\/v2\/media?parent=8717"}],"wp:term":[{"taxonomy":"category","embeddable":true,"href":"https:\/\/comunidadtextil.com\/wpnews\/wp-json\/wp\/v2\/categories?post=8717"},{"taxonomy":"post_tag","embeddable":true,"href":"https:\/\/comunidadtextil.com\/wpnews\/wp-json\/wp\/v2\/tags?post=8717"}],"curies":[{"name":"wp","href":"https:\/\/api.w.org\/{rel}","templated":true}]}}