{"id":8622,"date":"2020-02-28T09:55:56","date_gmt":"2020-02-28T12:55:56","guid":{"rendered":"http:\/\/comunidadtextil.com\/wpnews\/?p=8622"},"modified":"2020-03-19T16:41:10","modified_gmt":"2020-03-19T19:41:10","slug":"el-coronavirus-pone-en-jaque-vidas-cotidianidad-sentido-comun-negocios-y-trabajos","status":"publish","type":"post","link":"https:\/\/comunidadtextil.com\/wpnews\/2020\/02\/el-coronavirus-pone-en-jaque-vidas-cotidianidad-sentido-comun-negocios-y-trabajos\/","title":{"rendered":"El coronavirus pone en jaque vidas, cotidianidad, sentido com\u00fan, negocios y trabajos"},"content":{"rendered":"<p><a href=\"https:\/\/comunidadtextil.com\/wpnews\/wp-content\/uploads\/2020\/02\/milano-.jpg\"><img loading=\"lazy\" decoding=\"async\" class=\" wp-image-8609 alignleft\" src=\"https:\/\/comunidadtextil.com\/wpnews\/wp-content\/uploads\/2020\/02\/milano--300x165.jpg\" alt=\"\" width=\"247\" height=\"138\" \/><\/a>El Coronavirus provoca angustia, ansiedad y dolor en el mundo. Enfermedad y muerte que avanza como reguero de p\u00f3lvora, y los negocios y sus puestos de trabajo que tiemblan. China, Corea del Sur, Jap\u00f3n, Singapur\u2026 en Asia. Y ahora la epidemia comenz\u00f3 a golpear a Europa: Italia y Espa\u00f1a ya viven este drama y nadie sabe c\u00f3mo sigue. Am\u00e9rica Latina ya tiene su primer caso.<\/p>\n<p>De pronto la situaci\u00f3n de las empresas europeas ha cambiado significativamente. Las compa\u00f1\u00edas con negocios con China, aquellas que habitualmente recib\u00edan productos chinos o tienen en ese pa\u00eds-continente grandes compradores, est\u00e1n muy preocupadas por la situaci\u00f3n. El cierre de empresas y puertos por tiempo indeterminado pulveriza los negocios, en ambas direcciones.<\/p>\n<p>En una encuesta realizada este mes a m\u00e1s de 150 compa\u00f1\u00edas miembros, la C\u00e1mara de Comercio de Estados Unidos en China (AmCham China) registr\u00f3 que casi la mitad de los encuestados espera tener una disminuci\u00f3n de los ingresos si la situaci\u00f3n no vuelve a la normalidad a fines de abril. Pero el 20% de los encuestados dijo que si el brote dura hasta fines de agosto, cree que los ingresos de su compa\u00f1\u00eda caer\u00e1n en un 50%.<\/p>\n<p><a href=\"https:\/\/comunidadtextil.com\/wpnews\/wp-content\/uploads\/2020\/02\/F\u00e1brica-china_2-.jpg\"><img loading=\"lazy\" decoding=\"async\" class=\" wp-image-8612 alignright\" src=\"https:\/\/comunidadtextil.com\/wpnews\/wp-content\/uploads\/2020\/02\/F\u00e1brica-china_2--300x200.jpg\" alt=\"\" width=\"235\" height=\"159\" \/><\/a>Pero ahora los europeos se encuentran con la noticia de que el virus lleg\u00f3 a sus puertas, entr\u00f3 a su casa. Y los dem\u00e1s ya sabemos que, por la acci\u00f3n de los viajeros, sigue su camino hacia diversos rincones del planeta.<\/p>\n<p>Despu\u00e9s del cierre de la gran Semana de la Moda de Mil\u00e1n y otras ferias de indumentaria, la prensa confirm\u00f3 la existencia de 229 casos comprobados y siete muertes por coronavirus en Italia. Pero las cifras se elevan r\u00e1pidamente. La mayor\u00eda de esos casos se encuentran en la parte norte del pa\u00eds, cerca de Mil\u00e1n. Pero ya hay otros registrados en el Sur. La gran afluencia tur\u00edstica, los viajes de negocios y los trabajos quedan bloqueados por el cuidado\u2026 y por el terror. La situaci\u00f3n se extendi\u00f3 de all\u00ed a Espa\u00f1a, Francia, Brasil\u2026..<\/p>\n<p><a href=\"https:\/\/comunidadtextil.com\/wpnews\/wp-content\/uploads\/2020\/02\/AFP_1P937R_202-.jpg\"><img loading=\"lazy\" decoding=\"async\" class=\" wp-image-8610 alignleft\" src=\"https:\/\/comunidadtextil.com\/wpnews\/wp-content\/uploads\/2020\/02\/AFP_1P937R_202--300x169.jpg\" alt=\"\" width=\"245\" height=\"140\" \/><\/a>Las bolsas comenzaron a caer, las empresas buscan tomar medidas pero ninguna sabe bien cu\u00e1les son las que corresponden aplicar en esta situaci\u00f3n, sin duda in\u00e9dita.<\/p>\n<p>Las ferias del sector, como la APLF de Hong Kong, postergan sus ediciones. Otras deciden suspenderlas o, siendo en regiones distantes de Asia, preparan medidas contingentes y obviamente esperan una ca\u00edda en la cantidad de visitantes y tambi\u00e9n de expositores. Nadie olvida que China es el gran motor industrial de nuestros d\u00edas.<\/p>\n<p><a href=\"https:\/\/comunidadtextil.com\/wpnews\/wp-content\/uploads\/2020\/02\/por-coronavirus-.jpg\"><img loading=\"lazy\" decoding=\"async\" class=\" wp-image-8606 alignright\" src=\"https:\/\/comunidadtextil.com\/wpnews\/wp-content\/uploads\/2020\/02\/por-coronavirus--300x169.jpg\" alt=\"\" width=\"248\" height=\"142\" \/><\/a>Sin duda hoy todos los habitantes del planeta vivimos en ascuas y, seguramente, s\u00f3lo nos har\u00e1 sentir bien \u2013adem\u00e1s del fin der esta pesadilla- que el miedo no nos haga olvidar lo mejor de nuestra condici\u00f3n humana.<\/p>\n<p>Por eso, esperamos que nada nos haga flaquer el sentido de solidaridad, la capacidad de ayuda y la preocupaci\u00f3n por el que m\u00e1s necesita.<br \/>\n&#8212;&#8212;&#8212;&#8212;&#8212;&#8212;&#8212;&#8212;&#8212;&#8211;<br \/>\nMauricio Herzovich<\/p>\n<p dir=\"ltr\">\u2014\u2014\u2014\u2014\u2014\u2014\u2014\u2014\u2014\u2014\u2014\u2014\u2014\u2014\u2014\u2014\u2014\u2014\u2014\u2014\u2014\u2014\u2014\u2014\u2014\u2014\u2014\u2014\u2014\u2014\u2014\u2014\u2014\u2014\u2014\u2014\u2014\u2014\u2014\u2014\u2014\u2014\u2014\u2014<\/p>\n<p dir=\"ltr\">Para comunicarse con ComunidadTextil: <span style=\"color: #3366ff;\"><a style=\"color: #3366ff;\" href=\"mailto:contacto@comunidadtextil.com\">contacto@comunidadtextil.com<\/a><\/span><\/p>\n<table border=\"0\" width=\"460\">\n<tbody>\n<tr>\n<td width=\"300\"><a href=\"http:\/\/bit.ly\/2sII7vK\" target=\"_blank\" rel=\"noopener noreferrer\"><img decoding=\"async\" src=\"\/publicidad\/epson\/ep-arg-dic2019.gif\" alt=\"\" width=\"auto\" height=\"auto\" border=\"0\" \/><\/a><\/td>\n<td width=\"171\"><a href=\"https:\/\/algoselanflandria.com.ar\/\" target=\"_blank\" rel=\"noopener noreferrer\"><img decoding=\"async\" src=\"http:\/\/comunidadtextil.com\/publicidad\/banner-af2019a.gif\" alt=\"\" width=\"295\" height=\"auto\" border=\"0\" \/><\/a><\/td>\n<\/tr>\n<\/tbody>\n<\/table>\n","protected":false},"excerpt":{"rendered":"<p>El Coronavirus provoca angustia, ansiedad y dolor en el mundo. Enfermedad y muerte que avanza como reguero de p\u00f3lvora, y los negocios y sus puestos de trabajo que tiemblan. China, Corea del Sur, Jap\u00f3n, Singapur\u2026 en Asia. Y ahora la epidemia comenz\u00f3 a golpear a Europa: Italia y Espa\u00f1a ya viven este drama y nadie [&hellip;]<\/p>\n","protected":false},"author":1924,"featured_media":0,"comment_status":"closed","ping_status":"closed","sticky":false,"template":"","format":"standard","meta":{"footnotes":""},"categories":[81,58,62],"tags":[],"class_list":["post-8622","post","type-post","status-publish","format-standard","hentry","category-crisis-pandemia-guerra","category-noticias-de-america-latina","category-noticias-de-europa","count-0","even alt","author-adminct","last"],"_links":{"self":[{"href":"https:\/\/comunidadtextil.com\/wpnews\/wp-json\/wp\/v2\/posts\/8622","targetHints":{"allow":["GET"]}}],"collection":[{"href":"https:\/\/comunidadtextil.com\/wpnews\/wp-json\/wp\/v2\/posts"}],"about":[{"href":"https:\/\/comunidadtextil.com\/wpnews\/wp-json\/wp\/v2\/types\/post"}],"author":[{"embeddable":true,"href":"https:\/\/comunidadtextil.com\/wpnews\/wp-json\/wp\/v2\/users\/1924"}],"replies":[{"embeddable":true,"href":"https:\/\/comunidadtextil.com\/wpnews\/wp-json\/wp\/v2\/comments?post=8622"}],"version-history":[{"count":4,"href":"https:\/\/comunidadtextil.com\/wpnews\/wp-json\/wp\/v2\/posts\/8622\/revisions"}],"predecessor-version":[{"id":8626,"href":"https:\/\/comunidadtextil.com\/wpnews\/wp-json\/wp\/v2\/posts\/8622\/revisions\/8626"}],"wp:attachment":[{"href":"https:\/\/comunidadtextil.com\/wpnews\/wp-json\/wp\/v2\/media?parent=8622"}],"wp:term":[{"taxonomy":"category","embeddable":true,"href":"https:\/\/comunidadtextil.com\/wpnews\/wp-json\/wp\/v2\/categories?post=8622"},{"taxonomy":"post_tag","embeddable":true,"href":"https:\/\/comunidadtextil.com\/wpnews\/wp-json\/wp\/v2\/tags?post=8622"}],"curies":[{"name":"wp","href":"https:\/\/api.w.org\/{rel}","templated":true}]}}