{"id":8505,"date":"2020-01-20T13:43:55","date_gmt":"2020-01-20T16:43:55","guid":{"rendered":"http:\/\/comunidadtextil.com\/wpnews\/?p=8505"},"modified":"2020-01-20T14:29:00","modified_gmt":"2020-01-20T17:29:00","slug":"emitex-simatex-y-confemaq-reunen-a-todo-el-sector-textil-y-moda-del-21-al-23-de-abril","status":"publish","type":"post","link":"https:\/\/comunidadtextil.com\/wpnews\/2020\/01\/emitex-simatex-y-confemaq-reunen-a-todo-el-sector-textil-y-moda-del-21-al-23-de-abril\/","title":{"rendered":"Emitex, Simatex y Confemaq reunen a todo el sector textil y moda del 21 al 23 de abril"},"content":{"rendered":"<p><a href=\"https:\/\/comunidadtextil.com\/wpnews\/wp-content\/uploads\/2020\/01\/3a.jpg\"><img loading=\"lazy\" decoding=\"async\" class=\" wp-image-8491 alignright\" src=\"https:\/\/comunidadtextil.com\/wpnews\/wp-content\/uploads\/2020\/01\/3a-300x225.jpg\" alt=\"\" width=\"245\" height=\"185\" srcset=\"https:\/\/comunidadtextil.com\/wpnews\/wp-content\/uploads\/2020\/01\/3a-300x225.jpg 300w, https:\/\/comunidadtextil.com\/wpnews\/wp-content\/uploads\/2020\/01\/3a-768x576.jpg 768w, https:\/\/comunidadtextil.com\/wpnews\/wp-content\/uploads\/2020\/01\/3a-150x113.jpg 150w, https:\/\/comunidadtextil.com\/wpnews\/wp-content\/uploads\/2020\/01\/3a.jpg 1000w\" sizes=\"auto, (max-width: 245px) 100vw, 245px\" \/><\/a>Nuevamente los tres salones que re\u00fanen y vinculan a la industria textil, de la confecci\u00f3n y la moda a los m\u00e1s importantes fabricantes de hilados y telas, los productores de maquinarias textiles para la confecci\u00f3n y los proveedores de servicios e insumos. Del 21 al 23 de abril tendr\u00e1n lugar Emitex y Confemaq, mientras que Simatex comenzar\u00e1 un d\u00eda antes: del 20 al 23 de abril, todas en el Centro Costa Salguero, en Buenos Aires.<\/p>\n<p>El evento m\u00e1s importante de la industria textil argentina regresa con una nueva edici\u00f3n llena de propuestas y experiencias para cada sector. Emitex, la Exposici\u00f3n Internacional de Proveedores para la Industria de la Confecci\u00f3n; Simatex, la Exposici\u00f3n Internacional de Maquinaria Textil; y Confemaq, la Exposici\u00f3n Internacional de Maquinaria para la Confecci\u00f3n se realizar\u00e1n en simult\u00e1neo en el Centro Costa Salguero convocando a toda la cadena de valor de la industria.<\/p>\n<table>\n<tbody>\n<tr>\n<td><a href=\"https:\/\/comunidadtextil.com\/wpnews\/wp-content\/uploads\/2020\/01\/1a.jpg\"><img loading=\"lazy\" decoding=\"async\" class=\"aligncenter size-medium wp-image-8490\" src=\"https:\/\/comunidadtextil.com\/wpnews\/wp-content\/uploads\/2020\/01\/1a-300x189.jpg\" alt=\"\" width=\"300\" height=\"189\" srcset=\"https:\/\/comunidadtextil.com\/wpnews\/wp-content\/uploads\/2020\/01\/1a-300x189.jpg 300w, https:\/\/comunidadtextil.com\/wpnews\/wp-content\/uploads\/2020\/01\/1a-768x484.jpg 768w, https:\/\/comunidadtextil.com\/wpnews\/wp-content\/uploads\/2020\/01\/1a-150x95.jpg 150w, https:\/\/comunidadtextil.com\/wpnews\/wp-content\/uploads\/2020\/01\/1a.jpg 1018w\" sizes=\"auto, (max-width: 300px) 100vw, 300px\" \/><\/a><\/td>\n<td><a href=\"https:\/\/comunidadtextil.com\/wpnews\/wp-content\/uploads\/2020\/01\/5a.jpg\"><img decoding=\"async\" class=\"aligncenter size-medium wp-image-8492\" src=\"https:\/\/comunidadtextil.com\/wpnews\/wp-content\/uploads\/2020\/01\/5a-300x225.jpg\" alt=\"\" width=\"auto\" height=\"189\" srcset=\"https:\/\/comunidadtextil.com\/wpnews\/wp-content\/uploads\/2020\/01\/5a-300x225.jpg 300w, https:\/\/comunidadtextil.com\/wpnews\/wp-content\/uploads\/2020\/01\/5a-768x576.jpg 768w, https:\/\/comunidadtextil.com\/wpnews\/wp-content\/uploads\/2020\/01\/5a-1024x768.jpg 1024w, https:\/\/comunidadtextil.com\/wpnews\/wp-content\/uploads\/2020\/01\/5a-150x113.jpg 150w, https:\/\/comunidadtextil.com\/wpnews\/wp-content\/uploads\/2020\/01\/5a.jpg 1200w\" sizes=\"(max-width: 300px) 100vw, 300px\" \/><\/a><\/td>\n<\/tr>\n<\/tbody>\n<\/table>\n<p>Tanto Emitex como Confemaq tendr\u00e1n lugar del 21 al 23 de abril, mientras que Simatex arrancar\u00e1 un d\u00eda antes: del 20 al 23 de abril. Los tres eventos esperan congregar a 11.000 empresarios y profesionales para ofrecerles las \u00faltimas novedades del mercado, tendencias, capacitaci\u00f3n y actualizaci\u00f3n profesional.<\/p>\n<p>Los organizadores lanzaron la comercializaci\u00f3n con grandes expectativas. Con las recientes medidas que promueven un mayor control sobre las importaciones y la administraci\u00f3n del comercio internacional, se espera que los fabricantes visiten el evento para encontrar proveedores nacionales con quienes desarrollar sus colecciones.<\/p>\n<div id=\"attachment_8481\" style=\"width: 167px\" class=\"wp-caption alignright\"><a href=\"https:\/\/comunidadtextil.com\/wpnews\/wp-content\/uploads\/2020\/01\/Andrea-Lippi-es-la-Directora-General-de-Emitex-Simatex-y-Confemaq._.jpg\"><img loading=\"lazy\" decoding=\"async\" aria-describedby=\"caption-attachment-8481\" class=\" wp-image-8481\" src=\"https:\/\/comunidadtextil.com\/wpnews\/wp-content\/uploads\/2020\/01\/Andrea-Lippi-es-la-Directora-General-de-Emitex-Simatex-y-Confemaq._-205x300.jpg\" alt=\"\" width=\"157\" height=\"230\" srcset=\"https:\/\/comunidadtextil.com\/wpnews\/wp-content\/uploads\/2020\/01\/Andrea-Lippi-es-la-Directora-General-de-Emitex-Simatex-y-Confemaq._-205x300.jpg 205w, https:\/\/comunidadtextil.com\/wpnews\/wp-content\/uploads\/2020\/01\/Andrea-Lippi-es-la-Directora-General-de-Emitex-Simatex-y-Confemaq._-768x1126.jpg 768w, https:\/\/comunidadtextil.com\/wpnews\/wp-content\/uploads\/2020\/01\/Andrea-Lippi-es-la-Directora-General-de-Emitex-Simatex-y-Confemaq._-699x1024.jpg 699w, https:\/\/comunidadtextil.com\/wpnews\/wp-content\/uploads\/2020\/01\/Andrea-Lippi-es-la-Directora-General-de-Emitex-Simatex-y-Confemaq._-102x150.jpg 102w, https:\/\/comunidadtextil.com\/wpnews\/wp-content\/uploads\/2020\/01\/Andrea-Lippi-es-la-Directora-General-de-Emitex-Simatex-y-Confemaq._.jpg 1016w\" sizes=\"auto, (max-width: 157px) 100vw, 157px\" \/><\/a><p id=\"caption-attachment-8481\" class=\"wp-caption-text\">Andrea Lippi es la Directora General de Emitex Simatex y Confemaq.<\/p><\/div>\n<p>\u201cLa exposici\u00f3n se realizar\u00e1 en un momento excelente de la industria para la concreci\u00f3n de negocios\u201d, comenta Andrea Lippi, Gerenta del proyecto #ESC (Emitex, Simatex y Confemaq) y agrega: \u201cel mercado se est\u00e1 reactivando y con este evento queremos potenciar a la industria textil argentina en toda su cadena de valor. El \u00e9xito de las exposiciones est\u00e1 asegurado\u201d.<\/p>\n<p>Emitex, Simatex y Confemaq son exposiciones textiles de referencia en nuestra regi\u00f3n y marcan las tendencias mundiales, a su vez que defienden a la moda como un sector influyente para abordar los problemas m\u00e1s acuciantes del mundo. En este sentido y alineados al compromiso con los Objetivos de Desarrollo Sostenible (ODS) que mantiene la red Texpertise Network de Messe Frankfurt, #ESC 2020 tendr\u00e1 a la sustentabilidad como eje.<\/p>\n<p>Para ello, contar\u00e1 con un espacio de difusi\u00f3n e informaci\u00f3n de las empresas l\u00edderes del cambio que trabajan la sostenibilidad en la industria textil. La tem\u00e1tica tambi\u00e9n se abordar\u00e1 desde perspectivas acad\u00e9micas y de negocios a trav\u00e9s de diversas charlas a cargo de expositores y expertos. Con esta iniciativa, los salones buscan promover mejores pr\u00e1cticas en la producci\u00f3n textil, alentando y difundiendo a empresas y marcas que desean comunicar su potencial sostenible.<\/p>\n<p>Datos Clave:<br \/>\nFerias: Emitex, Confemaq y Simatex<br \/>\nFecha: del 21 al 23 de abril, Emitex, Confemaq y 20 al 24 de abril Simatex.<br \/>\nLugar: Centro Costa Salguero, Buenos Aires. Argentina<br \/>\nOrganiza: Messe Frankfurt Argentina.<br \/>\n&#8212;&#8212;&#8212;&#8212;&#8212;&#8212;&#8212;&#8212;&#8212;&#8212;&#8212;&#8212;&#8212;&#8212;&#8212;&#8212;-<br \/>\nMesse Frankfurt \/ Comunidad Textil<\/p>\n<p dir=\"ltr\">\u2014\u2014\u2014\u2014\u2014\u2014\u2014\u2014\u2014\u2014\u2014\u2014\u2014\u2014\u2014\u2014\u2014\u2014\u2014\u2014\u2014\u2014\u2014\u2014\u2014\u2014\u2014\u2014\u2014\u2014\u2014\u2014\u2014\u2014\u2014\u2014\u2014\u2014\u2014\u2014\u2014\u2014\u2014\u2014<\/p>\n<p dir=\"ltr\">Para comunicarse con ComunidadTextil: <span style=\"color: #3366ff;\"><a style=\"color: #3366ff;\" href=\"mailto:contacto@comunidadtextil.com\">contacto@comunidadtextil.com<\/a><\/span><\/p>\n<table border=\"0\" width=\"460\">\n<tbody>\n<tr>\n<td width=\"300\"><a href=\"https:\/\/algoselanflandria.com.ar\/\" target=\"_blank\" rel=\"noopener noreferrer\"><img decoding=\"async\" src=\"http:\/\/comunidadtextil.com\/publicidad\/banner-af2019a.gif\" alt=\"\" width=\"auto\" height=\"auto\" border=\"0\" \/><\/a><\/td>\n<td width=\"171\"><a href=\"http:\/\/bit.ly\/2sII7vK\" target=\"_blank\" rel=\"noopener noreferrer\"><img decoding=\"async\" src=\"\/publicidad\/epson\/ep-arg-dic2019.gif\" alt=\"\" width=\"auto\" height=\"auto\" border=\"0\" \/><\/a><\/td>\n<\/tr>\n<\/tbody>\n<\/table>\n","protected":false},"excerpt":{"rendered":"<p>Nuevamente los tres salones que re\u00fanen y vinculan a la industria textil, de la confecci\u00f3n y la moda a los m\u00e1s importantes fabricantes de hilados y telas, los productores de maquinarias textiles para la confecci\u00f3n y los proveedores de servicios e insumos. Del 21 al 23 de abril tendr\u00e1n lugar Emitex y Confemaq, mientras que [&hellip;]<\/p>\n","protected":false},"author":1924,"featured_media":0,"comment_status":"closed","ping_status":"closed","sticky":false,"template":"","format":"standard","meta":{"footnotes":""},"categories":[8,9,50],"tags":[],"class_list":["post-8505","post","type-post","status-publish","format-standard","hentry","category-argentina","category-ferias","category-ferias-proximas","count-0","even alt","author-adminct","last"],"_links":{"self":[{"href":"https:\/\/comunidadtextil.com\/wpnews\/wp-json\/wp\/v2\/posts\/8505","targetHints":{"allow":["GET"]}}],"collection":[{"href":"https:\/\/comunidadtextil.com\/wpnews\/wp-json\/wp\/v2\/posts"}],"about":[{"href":"https:\/\/comunidadtextil.com\/wpnews\/wp-json\/wp\/v2\/types\/post"}],"author":[{"embeddable":true,"href":"https:\/\/comunidadtextil.com\/wpnews\/wp-json\/wp\/v2\/users\/1924"}],"replies":[{"embeddable":true,"href":"https:\/\/comunidadtextil.com\/wpnews\/wp-json\/wp\/v2\/comments?post=8505"}],"version-history":[{"count":4,"href":"https:\/\/comunidadtextil.com\/wpnews\/wp-json\/wp\/v2\/posts\/8505\/revisions"}],"predecessor-version":[{"id":8509,"href":"https:\/\/comunidadtextil.com\/wpnews\/wp-json\/wp\/v2\/posts\/8505\/revisions\/8509"}],"wp:attachment":[{"href":"https:\/\/comunidadtextil.com\/wpnews\/wp-json\/wp\/v2\/media?parent=8505"}],"wp:term":[{"taxonomy":"category","embeddable":true,"href":"https:\/\/comunidadtextil.com\/wpnews\/wp-json\/wp\/v2\/categories?post=8505"},{"taxonomy":"post_tag","embeddable":true,"href":"https:\/\/comunidadtextil.com\/wpnews\/wp-json\/wp\/v2\/tags?post=8505"}],"curies":[{"name":"wp","href":"https:\/\/api.w.org\/{rel}","templated":true}]}}