{"id":8455,"date":"2019-12-26T12:27:29","date_gmt":"2019-12-26T15:27:29","guid":{"rendered":"http:\/\/comunidadtextil.com\/wpnews\/?p=8455"},"modified":"2019-12-26T12:28:41","modified_gmt":"2019-12-26T15:28:41","slug":"expectativa-en-el-sector-textil-y-confecciones-a-la-espera-de-acciones-de-reactivacion-proyectadas-por-el-gobierno","status":"publish","type":"post","link":"https:\/\/comunidadtextil.com\/wpnews\/2019\/12\/expectativa-en-el-sector-textil-y-confecciones-a-la-espera-de-acciones-de-reactivacion-proyectadas-por-el-gobierno\/","title":{"rendered":"Expectativa en el sector textil y confecciones a la espera de acciones de reactivaci\u00f3n proyectadas por el gobierno"},"content":{"rendered":"<div id=\"attachment_8454\" style=\"width: 253px\" class=\"wp-caption alignleft\"><a href=\"https:\/\/comunidadtextil.com\/wpnews\/wp-content\/uploads\/2019\/12\/Industria-confeccionista_3.jpg\"><img loading=\"lazy\" decoding=\"async\" aria-describedby=\"caption-attachment-8454\" class=\" wp-image-8454\" src=\"https:\/\/comunidadtextil.com\/wpnews\/wp-content\/uploads\/2019\/12\/Industria-confeccionista_3.jpg\" alt=\"\" width=\"243\" height=\"182\" srcset=\"https:\/\/comunidadtextil.com\/wpnews\/wp-content\/uploads\/2019\/12\/Industria-confeccionista_3.jpg 280w, https:\/\/comunidadtextil.com\/wpnews\/wp-content\/uploads\/2019\/12\/Industria-confeccionista_3-150x113.jpg 150w\" sizes=\"auto, (max-width: 243px) 100vw, 243px\" \/><\/a><p id=\"caption-attachment-8454\" class=\"wp-caption-text\">Industria confeccionista.<\/p><\/div>\n<p>Las industrias textil y de confecciones de Argentina esperan el paquete de medidas que implementar\u00e1 el gobierno de Alberto Fernandez, para comenzar a recuperar la actividad del sector. Tras cuatro a\u00f1os de catastr\u00f3fica ca\u00edda, con cierres de cientos de empresas y la p\u00e9rdida de miles de puestos de trabajo<\/p>\n<p>La expectativa del sector textil\/indumentaria esta puesto en la recuperaci\u00f3n del consumo, estimulada por las anunciadas medidas de mejora en sueldos y jubilaciones, y en la su reflejo en otros sectores de la econom\u00eda.<\/p>\n<p>La industria espera acciones que combinen el financiamiento accesible para su desarrollo, la administraci\u00f3n de las importaciones, baja en la presi\u00f3n fiscal y otras medidas que tonifiquen las psibilidades de inversi\u00f3n y recuperaci\u00f3n de puestos de trabajo.<\/p>\n<div id=\"attachment_8453\" style=\"width: 174px\" class=\"wp-caption alignright\"><a href=\"https:\/\/comunidadtextil.com\/wpnews\/wp-content\/uploads\/2019\/12\/Industria-textil_5.jpg\"><img loading=\"lazy\" decoding=\"async\" aria-describedby=\"caption-attachment-8453\" class=\" wp-image-8453\" src=\"https:\/\/comunidadtextil.com\/wpnews\/wp-content\/uploads\/2019\/12\/Industria-textil_5-225x300.jpg\" alt=\"\" width=\"164\" height=\"219\" srcset=\"https:\/\/comunidadtextil.com\/wpnews\/wp-content\/uploads\/2019\/12\/Industria-textil_5-225x300.jpg 225w, https:\/\/comunidadtextil.com\/wpnews\/wp-content\/uploads\/2019\/12\/Industria-textil_5.jpg 768w, https:\/\/comunidadtextil.com\/wpnews\/wp-content\/uploads\/2019\/12\/Industria-textil_5-113x150.jpg 113w\" sizes=\"auto, (max-width: 164px) 100vw, 164px\" \/><\/a><p id=\"caption-attachment-8453\" class=\"wp-caption-text\">Industria textil.<\/p><\/div>\n<p>En declaraciones a la prensa el secretario de la Fundaci\u00f3n ProTejer, Luciano Galfione, asegur\u00f3 que \u201cantes de su asunci\u00f3n, conversamos con varios integrantes del actual gobierno y le presentamos una serie de propuestas que esperamos -por los di\u00e1logos mantenidos sobre el modelo industrial- que puedan ser concretadas\u201d.<\/p>\n<p>Tanto la industria textil, como calzado y marroquiner\u00eda pretenden y aguardan que el ministro de Desarrollo Productivo, Mat\u00edas Kulfas, d\u00e9 respuesta positiva a un paquete compuesto por estos cinco ejes centrales.<\/p>\n<p>Galfione se\u00f1al\u00f3 que junto a las pol\u00edticas que favorezcan el consumo masivo como los planes planes de compra en cuotas llamados \u2018Ahora 3\u2019, \u2018Ahora 6\u2019 y \u2018Ahora 12\u2019 a tasa 0% \u201co cercana\u201d a cero, los segmentos empresarios comunicaron que necesitan financiamiento para capital de trabajo. Asimismo remarcaron la necesidad de la administraci\u00f3n del comercio exterior, cr\u00e9ditos para inversi\u00f3n productiva a tasa preferencial, refinanciar deudas fiscales y suspender embargos por 180 d\u00edas.<\/p>\n<p>Junto con otros sectores vinculados a la indumentaria y la moda, argumentan que son industrias capacitadas para generar empleo con escasa inversi\u00f3n. Coinciden en que se debe atacar el contrabando y la falsificaci\u00f3n. Por eso Galfione remarca que \u201ces clave para el sector productivo tener una Aduana transparente, que combata el contrabando y la falsificaci\u00f3n\u201d.<\/p>\n<p>Estos sectores industriales aseguran que \u201cla Aduana es clave porque cualquier medida que propicie el consumo y la recuperaci\u00f3n del mercado interno no puede ser perforada por importaciones ilegales. Por eso, es clave una Aduana al servicio de la producci\u00f3n y el empleo\u201d, indican.<\/p>\n<p>Las industrias textil, confecciones, calzado y marroquiner\u00eda son de utilizaci\u00f3n intensiva de mano de obra por lo que son generadoras de muchos puestos de trabajo. Esta circunstancia es trascendente para la econom\u00eda Argentina actual, que viene de casi cuatro a\u00f1os de ca\u00edda del PBI, con el consecuente cierre de m\u00e1s de 20.000 empresas \u2013en su mayor\u00eda PYMEs-, p\u00e9rdida de 180.000 puestos de trabajo registrados y un n\u00famero similar de trabajos en \u2018negro\u2019 o no registrados.<br \/>\n&#8212;&#8212;&#8212;&#8212;&#8212;&#8212;&#8212;&#8212;&#8212;&#8212;&#8212;&#8212;&#8212;&#8212;&#8212;<br \/>\nBAE Negocios \/ Comunidad Textil<\/p>\n<p dir=\"ltr\">\u2014\u2014\u2014\u2014\u2014\u2014\u2014\u2014\u2014\u2014\u2014\u2014\u2014\u2014\u2014\u2014\u2014\u2014\u2014\u2014\u2014\u2014\u2014\u2014\u2014\u2014\u2014\u2014\u2014\u2014\u2014\u2014\u2014\u2014\u2014\u2014\u2014\u2014\u2014\u2014\u2014\u2014\u2014\u2014<\/p>\n<p dir=\"ltr\">Para comunicarse con ComunidadTextil: <span style=\"color: #3366ff;\"><a style=\"color: #3366ff;\" href=\"mailto:contacto@comunidadtextil.com\">contacto@comunidadtextil.com<\/a><\/span><\/p>\n<table border=\"0\" width=\"460\">\n<tbody>\n<tr>\n<td width=\"300\"><a href=\"http:\/\/www.thermore.com\/click_counter.php?campagna=443\"><img loading=\"lazy\" decoding=\"async\" src=\"\/publicidad\/evodown300x200px.jpg\" alt=\"\" width=\"300\" height=\"200\" border=\"0\" \/><\/a><\/td>\n<td width=\"171\"><a href=\"http:\/\/bit.ly\/2roUAoq\" target=\"_blank\" rel=\"noopener noreferrer\"><img loading=\"lazy\" decoding=\"async\" src=\"http:\/\/comunidadtextil.com\/cursos300x200.jpg\" alt=\"\" width=\"300\" height=\"200\" border=\"0\" \/><\/a><\/td>\n<\/tr>\n<\/tbody>\n<\/table>\n","protected":false},"excerpt":{"rendered":"<p>Las industrias textil y de confecciones de Argentina esperan el paquete de medidas que implementar\u00e1 el gobierno de Alberto Fernandez, para comenzar a recuperar la actividad del sector. Tras cuatro a\u00f1os de catastr\u00f3fica ca\u00edda, con cierres de cientos de empresas y la p\u00e9rdida de miles de puestos de trabajo La expectativa del sector textil\/indumentaria esta [&hellip;]<\/p>\n","protected":false},"author":1924,"featured_media":0,"comment_status":"closed","ping_status":"closed","sticky":false,"template":"","format":"standard","meta":{"footnotes":""},"categories":[8,58],"tags":[],"class_list":["post-8455","post","type-post","status-publish","format-standard","hentry","category-argentina","category-noticias-de-america-latina","count-0","even alt","author-adminct","last"],"_links":{"self":[{"href":"https:\/\/comunidadtextil.com\/wpnews\/wp-json\/wp\/v2\/posts\/8455","targetHints":{"allow":["GET"]}}],"collection":[{"href":"https:\/\/comunidadtextil.com\/wpnews\/wp-json\/wp\/v2\/posts"}],"about":[{"href":"https:\/\/comunidadtextil.com\/wpnews\/wp-json\/wp\/v2\/types\/post"}],"author":[{"embeddable":true,"href":"https:\/\/comunidadtextil.com\/wpnews\/wp-json\/wp\/v2\/users\/1924"}],"replies":[{"embeddable":true,"href":"https:\/\/comunidadtextil.com\/wpnews\/wp-json\/wp\/v2\/comments?post=8455"}],"version-history":[{"count":3,"href":"https:\/\/comunidadtextil.com\/wpnews\/wp-json\/wp\/v2\/posts\/8455\/revisions"}],"predecessor-version":[{"id":8458,"href":"https:\/\/comunidadtextil.com\/wpnews\/wp-json\/wp\/v2\/posts\/8455\/revisions\/8458"}],"wp:attachment":[{"href":"https:\/\/comunidadtextil.com\/wpnews\/wp-json\/wp\/v2\/media?parent=8455"}],"wp:term":[{"taxonomy":"category","embeddable":true,"href":"https:\/\/comunidadtextil.com\/wpnews\/wp-json\/wp\/v2\/categories?post=8455"},{"taxonomy":"post_tag","embeddable":true,"href":"https:\/\/comunidadtextil.com\/wpnews\/wp-json\/wp\/v2\/tags?post=8455"}],"curies":[{"name":"wp","href":"https:\/\/api.w.org\/{rel}","templated":true}]}}