{"id":8331,"date":"2019-11-21T14:19:05","date_gmt":"2019-11-21T17:19:05","guid":{"rendered":"https:\/\/comunidadtextil.com\/wpnews\/?p=8331"},"modified":"2019-11-21T14:19:05","modified_gmt":"2019-11-21T17:19:05","slug":"la-brasilera-activatte-aterriza-en-espana-y-buscara-llegar-a-a-diversos-paises-de-europa","status":"publish","type":"post","link":"https:\/\/comunidadtextil.com\/wpnews\/2019\/11\/la-brasilera-activatte-aterriza-en-espana-y-buscara-llegar-a-a-diversos-paises-de-europa\/","title":{"rendered":"La brasilera Activatte aterriza en Espa\u00f1a y buscar\u00e1 llegar a a diversos pa\u00edses de Europa"},"content":{"rendered":"<p><a href=\"https:\/\/comunidadtextil.com\/wpnews\/wp-content\/uploads\/2019\/11\/activatte-tienda.jpg\"><img decoding=\"async\" class=\" wp-image-8306 alignleft\" src=\"https:\/\/comunidadtextil.com\/wpnews\/wp-content\/uploads\/2019\/11\/activatte-tienda-300x215.jpg\" alt=\"\" width=\"245\" height=\"177\" srcset=\"https:\/\/comunidadtextil.com\/wpnews\/wp-content\/uploads\/2019\/11\/activatte-tienda-300x215.jpg 300w, https:\/\/comunidadtextil.com\/wpnews\/wp-content\/uploads\/2019\/11\/activatte-tienda-150x108.jpg 150w, https:\/\/comunidadtextil.com\/wpnews\/wp-content\/uploads\/2019\/11\/activatte-tienda.jpg 700w\" sizes=\"(max-width: 245px) 100vw, 245px\" \/><\/a>Tras 34 a\u00f1os en el mercado latinoamericano, la marca brasilera de prendas deportivas Activatte inici\u00f3 su incursi\u00f3n en el mercado europeo. Comenz\u00f3 con la apertura de una tienda f\u00edsica en Espa\u00f1a. La compa\u00f1\u00eda busca sinergias con distribuidores, franquiciados y gimnasios para dar a conocer sus propuestas textiles para fitness, nataci\u00f3n, running, paddle, surf y ciclismo, entre otras disciplinas.<\/p>\n<p>Con 130 tiendas operando en Brasil y presencia en toda Latinoam\u00e9rica y Miami, el fabricante brasilero Activatte decidi\u00f3 cruzar el oc\u00e9ano y poner un pi\u00e9 en el mercado europeo. La empresa ya cuenta con clientes en Rusia y Ucrania, y tiene planes para expandirse por todo ese Continente.<\/p>\n<p>El primer paso de esta ofensiva europea se ha producido en Espa\u00f1a, concretamente en la ciudad de Santander, donde Activatte inaugur\u00f3 el pasado octubre su primera tienda f\u00edsica en el mercado espa\u00f1ol.<\/p>\n<p>El comercio, con una superficie de 200 m2, se ubica en el n\u00famero 4 del T\u00fanel Pasaje de Pe\u00f1a. All\u00ed la compa\u00f1\u00eda brasilera tambi\u00e9n ha instalado sus oficinas y su almac\u00e9n, desde donde operar\u00e1 para el resto del mercado europeo.<\/p>\n<p><a href=\"https:\/\/comunidadtextil.com\/wpnews\/wp-content\/uploads\/2019\/11\/activatte-tejido.jpg\"><img fetchpriority=\"high\" decoding=\"async\" class=\"alignright wp-image-8305\" src=\"https:\/\/comunidadtextil.com\/wpnews\/wp-content\/uploads\/2019\/11\/activatte-tejido-300x300.jpg\" alt=\"\" width=\"239\" height=\"239\" srcset=\"https:\/\/comunidadtextil.com\/wpnews\/wp-content\/uploads\/2019\/11\/activatte-tejido-300x300.jpg 300w, https:\/\/comunidadtextil.com\/wpnews\/wp-content\/uploads\/2019\/11\/activatte-tejido-150x150.jpg 150w, https:\/\/comunidadtextil.com\/wpnews\/wp-content\/uploads\/2019\/11\/activatte-tejido-80x80.jpg 80w, https:\/\/comunidadtextil.com\/wpnews\/wp-content\/uploads\/2019\/11\/activatte-tejido.jpg 400w\" sizes=\"(max-width: 239px) 100vw, 239px\" \/><\/a>La decisi\u00f3n hacer pie en Espa\u00f1a tiene parte de estrat\u00e9gica, por considerar la compa\u00f1\u00eda que es una ubicaci\u00f3n ventajosa para el traslado y comercializaci\u00f3n de sus productos, fabricadas en Brasil y Colombia, al resto de Europa. Por otra, esta vinculado a un componente emocional, porque Jos\u00e9 \u00c1ngel Higuera, titular de la empresa, es natural de Santander.<\/p>\n<p>Aunque la empresa fabrica textil t\u00e9cnico para una gran variedad de deportes, su especialidad es el fitness y los modelos femeninos.<\/p>\n<p>Activatte se inici\u00f3 en la fabricaci\u00f3n y comercializaci\u00f3n de textil deportivo en el a\u00f1o 1985, siendo actualmente uno de los principales actores del mercado en Brasil y el de varios pa\u00edses de Am\u00e9rica Latina.<\/p>\n<p dir=\"ltr\">\u2014\u2014\u2014\u2014\u2014\u2014\u2014\u2014\u2014\u2014\u2014\u2014\u2014\u2014\u2014\u2014\u2014\u2014\u2014\u2014\u2014\u2014\u2014\u2014\u2014\u2014\u2014\u2014\u2014\u2014\u2014\u2014\u2014\u2014\u2014\u2014\u2014\u2014\u2014\u2014\u2014\u2014\u2014\u2014<\/p>\n<p dir=\"ltr\">Para comunicarse con ComunidadTextil: <span style=\"color: #3366ff;\"><a style=\"color: #3366ff;\" href=\"mailto:contacto@comunidadtextil.com\">contacto@comunidadtextil.com<\/a><\/span><\/p>\n<table border=\"0\" width=\"460\">\n<tbody>\n<tr>\n<td width=\"300\"><a href=\"http:\/\/bit.ly\/2qWIP7i\" target=\"_blank\" rel=\"noopener noreferrer\"><img decoding=\"async\" src=\"\/publicidad\/banner-ciai.gif\" alt=\"\" width=\"300\" height=\"153\" border=\"0\" \/><\/a><\/td>\n<td width=\"171\"><a href=\"http:\/\/bit.ly\/2sII7vK\" target=\"_blank\" rel=\"noopener noreferrer\"><img decoding=\"async\" src=\"\/publicidad\/epson\/2019\/300x200l.gif\" alt=\"\" width=\"auto\" height=\"auto\" border=\"0\" \/><\/a><\/td>\n<\/tr>\n<\/tbody>\n<\/table>\n","protected":false},"excerpt":{"rendered":"<p>Tras 34 a\u00f1os en el mercado latinoamericano, la marca brasilera de prendas deportivas Activatte inici\u00f3 su incursi\u00f3n en el mercado europeo. Comenz\u00f3 con la apertura de una tienda f\u00edsica en Espa\u00f1a. La compa\u00f1\u00eda busca sinergias con distribuidores, franquiciados y gimnasios para dar a conocer sus propuestas textiles para fitness, nataci\u00f3n, running, paddle, surf y ciclismo, [&hellip;]<\/p>\n","protected":false},"author":1924,"featured_media":0,"comment_status":"closed","ping_status":"closed","sticky":false,"template":"","format":"standard","meta":{"footnotes":""},"categories":[75,49],"tags":[],"class_list":["post-8331","post","type-post","status-publish","format-standard","hentry","category-deportivo","category-empresas-negocios"],"_links":{"self":[{"href":"https:\/\/comunidadtextil.com\/wpnews\/wp-json\/wp\/v2\/posts\/8331","targetHints":{"allow":["GET"]}}],"collection":[{"href":"https:\/\/comunidadtextil.com\/wpnews\/wp-json\/wp\/v2\/posts"}],"about":[{"href":"https:\/\/comunidadtextil.com\/wpnews\/wp-json\/wp\/v2\/types\/post"}],"author":[{"embeddable":true,"href":"https:\/\/comunidadtextil.com\/wpnews\/wp-json\/wp\/v2\/users\/1924"}],"replies":[{"embeddable":true,"href":"https:\/\/comunidadtextil.com\/wpnews\/wp-json\/wp\/v2\/comments?post=8331"}],"version-history":[{"count":0,"href":"https:\/\/comunidadtextil.com\/wpnews\/wp-json\/wp\/v2\/posts\/8331\/revisions"}],"wp:attachment":[{"href":"https:\/\/comunidadtextil.com\/wpnews\/wp-json\/wp\/v2\/media?parent=8331"}],"wp:term":[{"taxonomy":"category","embeddable":true,"href":"https:\/\/comunidadtextil.com\/wpnews\/wp-json\/wp\/v2\/categories?post=8331"},{"taxonomy":"post_tag","embeddable":true,"href":"https:\/\/comunidadtextil.com\/wpnews\/wp-json\/wp\/v2\/tags?post=8331"}],"curies":[{"name":"wp","href":"https:\/\/api.w.org\/{rel}","templated":true}]}}