{"id":8318,"date":"2019-11-21T13:52:37","date_gmt":"2019-11-21T16:52:37","guid":{"rendered":"http:\/\/comunidadtextil.com\/wpnews\/?p=8318"},"modified":"2019-11-21T16:27:45","modified_gmt":"2019-11-21T19:27:45","slug":"peru-fomenta-mejor-manejo-de-la-fibra-de-alpaca-y-busca-consensuar-normas-tecnicas","status":"publish","type":"post","link":"https:\/\/comunidadtextil.com\/wpnews\/2019\/11\/peru-fomenta-mejor-manejo-de-la-fibra-de-alpaca-y-busca-consensuar-normas-tecnicas\/","title":{"rendered":"Per\u00fa fomenta mejor manejo de la fibra de alpaca y busca consensuar normas t\u00e9cnicas"},"content":{"rendered":"<p><a href=\"https:\/\/comunidadtextil.com\/wpnews\/wp-content\/uploads\/2019\/11\/productores-alpaqueros-alpaca-640x350.jpg\"><img loading=\"lazy\" decoding=\"async\" class=\"alignright wp-image-8312\" src=\"https:\/\/comunidadtextil.com\/wpnews\/wp-content\/uploads\/2019\/11\/productores-alpaqueros-alpaca-640x350-300x164.jpg\" alt=\"\" width=\"238\" height=\"132\" \/><\/a>El Instituto Nacional de Calidad (Inacal) promueve el proyecto de Norma T\u00e9cnica Peruana sobre buenas pr\u00e1cticas de esquila y manejo de vell\u00f3n de esta fibra alpaca. El proyecto abarca los distritos de Cusco y Puno, con la finalidad de contribuir a elevar la competitividad, calidad y capacidad de innovaci\u00f3n de los productos ligados a la cadena de valor del pelo de ese cam\u00e9lido.<\/p>\n<p>La presidenta ejecutiva del organismo t\u00e9cnico, Clara G\u00e1lvez, sostuvo que con esta iniciativa se busca impulsar la calidad de los productos de fibras de alpaca, mejorar los procesos productivos en el sector textil de cam\u00e9lidos mediante la aplicaci\u00f3n de normas t\u00e9cnicas peruanas.<\/p>\n<p><a href=\"https:\/\/comunidadtextil.com\/wpnews\/wp-content\/uploads\/2019\/11\/images-1.jpg\"><img loading=\"lazy\" decoding=\"async\" class=\" wp-image-8309 alignleft\" src=\"https:\/\/comunidadtextil.com\/wpnews\/wp-content\/uploads\/2019\/11\/images-1.jpg\" alt=\"\" width=\"232\" height=\"156\" \/><\/a>El Inacal, mediante la Direcci\u00f3n de Normalizaci\u00f3n, difunde el Proyecto de Norma T\u00e9cnica Peruana (NTP) 231.370:2019. Buenas pr\u00e1cticas de esquila y manejo del vell\u00f3n de fibra de alpaca en Cusco y Puno, regiones donde se registra la mayor poblaci\u00f3n de alpacas en el Per\u00fa.<\/p>\n<p>En ese sentido, se organizaron reuniones en simult\u00e1neo en Lima, Cusco y Puno con los productores del sector textil-cam\u00e9lidos.<\/p>\n<p>Seg\u00fan el tradicional peri\u00f3dico El Peruano, fundado por Sim\u00f3n Bol\u00edvar, el objetivo es revisar y recibir aportes de los actores vinculados con el proyecto, que se encuentra en la etapa de discusi\u00f3n p\u00fablica.<br \/>\n&#8212;&#8212;&#8212;&#8212;&#8212;&#8212;&#8212;&#8212;&#8212;&#8212;&#8212;&#8212;&#8212;&#8212;-<br \/>\nEl Peruano \/ Comunidad Textil<\/p>\n<p dir=\"ltr\">\u2014\u2014\u2014\u2014\u2014\u2014\u2014\u2014\u2014\u2014\u2014\u2014\u2014\u2014\u2014\u2014\u2014\u2014\u2014\u2014\u2014\u2014\u2014\u2014\u2014\u2014\u2014\u2014\u2014\u2014\u2014\u2014\u2014\u2014\u2014\u2014\u2014\u2014\u2014\u2014\u2014\u2014\u2014\u2014<\/p>\n<p dir=\"ltr\">Para comunicarse con ComunidadTextil: <span style=\"color: #3366ff;\"><a style=\"color: #3366ff;\" href=\"mailto:contacto@comunidadtextil.com\">contacto@comunidadtextil.com<\/a><\/span><\/p>\n<table border=\"0\" width=\"460\">\n<tbody>\n<tr>\n<td width=\"300\"><a href=\"https:\/\/algoselanflandria.com.ar\/\" target=\"_blank\" rel=\"noopener noreferrer\"><img decoding=\"async\" src=\"http:\/\/comunidadtextil.com\/publicidad\/banner-af2019a.gif\" alt=\"\" width=\"auto\" height=\"auto\" border=\"0\" \/><\/a><\/td>\n<td width=\"171\"><a href=\"http:\/\/bit.ly\/2roUAoq\" target=\"_blank\" rel=\"noopener noreferrer\"><img decoding=\"async\" src=\"http:\/\/comunidadtextil.com\/cursos300x200.jpg\" alt=\"\" width=\"290\" height=\"auto\" border=\"0\" \/><\/a><\/td>\n<\/tr>\n<\/tbody>\n<\/table>\n","protected":false},"excerpt":{"rendered":"<p>El Instituto Nacional de Calidad (Inacal) promueve el proyecto de Norma T\u00e9cnica Peruana sobre buenas pr\u00e1cticas de esquila y manejo de vell\u00f3n de esta fibra alpaca. El proyecto abarca los distritos de Cusco y Puno, con la finalidad de contribuir a elevar la competitividad, calidad y capacidad de innovaci\u00f3n de los productos ligados a la [&hellip;]<\/p>\n","protected":false},"author":1924,"featured_media":0,"comment_status":"closed","ping_status":"closed","sticky":false,"template":"","format":"standard","meta":{"footnotes":""},"categories":[43,58],"tags":[],"class_list":["post-8318","post","type-post","status-publish","format-standard","hentry","category-industria","category-noticias-de-america-latina","count-0","even alt","author-adminct","last"],"_links":{"self":[{"href":"https:\/\/comunidadtextil.com\/wpnews\/wp-json\/wp\/v2\/posts\/8318","targetHints":{"allow":["GET"]}}],"collection":[{"href":"https:\/\/comunidadtextil.com\/wpnews\/wp-json\/wp\/v2\/posts"}],"about":[{"href":"https:\/\/comunidadtextil.com\/wpnews\/wp-json\/wp\/v2\/types\/post"}],"author":[{"embeddable":true,"href":"https:\/\/comunidadtextil.com\/wpnews\/wp-json\/wp\/v2\/users\/1924"}],"replies":[{"embeddable":true,"href":"https:\/\/comunidadtextil.com\/wpnews\/wp-json\/wp\/v2\/comments?post=8318"}],"version-history":[{"count":5,"href":"https:\/\/comunidadtextil.com\/wpnews\/wp-json\/wp\/v2\/posts\/8318\/revisions"}],"predecessor-version":[{"id":8342,"href":"https:\/\/comunidadtextil.com\/wpnews\/wp-json\/wp\/v2\/posts\/8318\/revisions\/8342"}],"wp:attachment":[{"href":"https:\/\/comunidadtextil.com\/wpnews\/wp-json\/wp\/v2\/media?parent=8318"}],"wp:term":[{"taxonomy":"category","embeddable":true,"href":"https:\/\/comunidadtextil.com\/wpnews\/wp-json\/wp\/v2\/categories?post=8318"},{"taxonomy":"post_tag","embeddable":true,"href":"https:\/\/comunidadtextil.com\/wpnews\/wp-json\/wp\/v2\/tags?post=8318"}],"curies":[{"name":"wp","href":"https:\/\/api.w.org\/{rel}","templated":true}]}}