{"id":8275,"date":"2019-11-19T10:13:18","date_gmt":"2019-11-19T13:13:18","guid":{"rendered":"http:\/\/comunidadtextil.com\/wpnews\/?p=8275"},"modified":"2019-11-19T10:26:47","modified_gmt":"2019-11-19T13:26:47","slug":"colombia-aplica-un-arancel-al-ingreso-de-prendas-cuyo-precio-sea-us-20-o-menos","status":"publish","type":"post","link":"https:\/\/comunidadtextil.com\/wpnews\/2019\/11\/colombia-aplica-un-arancel-al-ingreso-de-prendas-cuyo-precio-sea-us-20-o-menos\/","title":{"rendered":"Colombia aplica un arancel al ingreso de prendas cuyo precio sea US$ 20 o menos"},"content":{"rendered":"<div id=\"attachment_8267\" style=\"width: 255px\" class=\"wp-caption alignleft\"><a href=\"https:\/\/comunidadtextil.com\/wpnews\/wp-content\/uploads\/2019\/11\/Zona-Libre-de-Col\u00f3n-en-Panam\u00e1-punto-neur\u00e1lgico-desde-el-cual-un-grupo-de-empresas-que-asolan-con-su-tr\u00e1fico-de-productos-a-las-industrias-del-Centro-y-Sur-de-Am\u00e9rica.-_3.jpg\"><img loading=\"lazy\" decoding=\"async\" aria-describedby=\"caption-attachment-8267\" class=\" wp-image-8267\" src=\"https:\/\/comunidadtextil.com\/wpnews\/wp-content\/uploads\/2019\/11\/Zona-Libre-de-Col\u00f3n-en-Panam\u00e1-punto-neur\u00e1lgico-desde-el-cual-un-grupo-de-empresas-que-asolan-con-su-tr\u00e1fico-de-productos-a-las-industrias-del-Centro-y-Sur-de-Am\u00e9rica.-_3-300x223.jpg\" alt=\"\" width=\"245\" height=\"182\" srcset=\"https:\/\/comunidadtextil.com\/wpnews\/wp-content\/uploads\/2019\/11\/Zona-Libre-de-Col\u00f3n-en-Panam\u00e1-punto-neur\u00e1lgico-desde-el-cual-un-grupo-de-empresas-que-asolan-con-su-tr\u00e1fico-de-productos-a-las-industrias-del-Centro-y-Sur-de-Am\u00e9rica.-_3-300x223.jpg 300w, https:\/\/comunidadtextil.com\/wpnews\/wp-content\/uploads\/2019\/11\/Zona-Libre-de-Col\u00f3n-en-Panam\u00e1-punto-neur\u00e1lgico-desde-el-cual-un-grupo-de-empresas-que-asolan-con-su-tr\u00e1fico-de-productos-a-las-industrias-del-Centro-y-Sur-de-Am\u00e9rica.-_3-768x571.jpg 768w, https:\/\/comunidadtextil.com\/wpnews\/wp-content\/uploads\/2019\/11\/Zona-Libre-de-Col\u00f3n-en-Panam\u00e1-punto-neur\u00e1lgico-desde-el-cual-un-grupo-de-empresas-que-asolan-con-su-tr\u00e1fico-de-productos-a-las-industrias-del-Centro-y-Sur-de-Am\u00e9rica.-_3-150x112.jpg 150w, https:\/\/comunidadtextil.com\/wpnews\/wp-content\/uploads\/2019\/11\/Zona-Libre-de-Col\u00f3n-en-Panam\u00e1-punto-neur\u00e1lgico-desde-el-cual-un-grupo-de-empresas-que-asolan-con-su-tr\u00e1fico-de-productos-a-las-industrias-del-Centro-y-Sur-de-Am\u00e9rica.-_3.jpg 784w\" sizes=\"auto, (max-width: 245px) 100vw, 245px\" \/><\/a><p id=\"caption-attachment-8267\" class=\"wp-caption-text\">Zona Libre de Col\u00f3n en Panam\u00e1, punto neur\u00e1lgico desde el cual un grupo de empresas que asolan con su tr\u00e1fico de productos a las industrias del Centro y Sur de Am\u00e9rica.<\/p><\/div>\n<p>Desde el 5 de noviembre Colombia aplica un arancel de 37,9% a la importaci\u00f3n de prendas de vestir cuando su precio FOB declarado sea inferior o igual a $20. El impuesto busca defender a la industria nacional frente al ingreso de productos asi\u00e1ticos de bajo precio.<\/p>\n<p>La medida adoptada por la administraci\u00f3n de Iv\u00e1n Duque precisa en su Art\u00edculo 1 que se establece \u00ab&#8230; un arancel del treinta y siete punto nueve por ciento (37.9%) a las importaciones de productos clasificados en los cap\u00edtulos 61 y 62 del Arancel de Aduanas Nacional, cuando el precio FOB declarado sea inferior o igual a 20 d\u00f3lares de los Estados Unidos de Am\u00e9rica por kilogramo bruto\u00bb.<\/p>\n<p>Quienes se sienten perjudicados por esta medida son los comerciantes de la \u201cZona Libre\u201d de Col\u00f3n, en Panam\u00e1. Son unos pocos empresarios que hace d\u00e9cadas pelean duramente contra los gobiernos de la regi\u00f3n que intenten defender a sus industrias, de sus productos tra\u00eddos de pa\u00edses asi\u00e1ticos. En algunas \u00e9pocas han logrado plegar a sus intereses a alg\u00fan gobierno paname\u00f1o.<\/p>\n<div id=\"attachment_8265\" style=\"width: 141px\" class=\"wp-caption alignright\"><a href=\"https:\/\/comunidadtextil.com\/wpnews\/wp-content\/uploads\/2019\/11\/Iv\u00e1n-Duque-presidente-de-Colombia.-.jpg\"><img loading=\"lazy\" decoding=\"async\" aria-describedby=\"caption-attachment-8265\" class=\"size-full wp-image-8265\" src=\"https:\/\/comunidadtextil.com\/wpnews\/wp-content\/uploads\/2019\/11\/Iv\u00e1n-Duque-presidente-de-Colombia.-.jpg\" alt=\"\" width=\"131\" height=\"166\" srcset=\"https:\/\/comunidadtextil.com\/wpnews\/wp-content\/uploads\/2019\/11\/Iv\u00e1n-Duque-presidente-de-Colombia.-.jpg 131w, https:\/\/comunidadtextil.com\/wpnews\/wp-content\/uploads\/2019\/11\/Iv\u00e1n-Duque-presidente-de-Colombia.--118x150.jpg 118w\" sizes=\"auto, (max-width: 131px) 100vw, 131px\" \/><\/a><p id=\"caption-attachment-8265\" class=\"wp-caption-text\">Iv\u00e1n Duque, presidente de Colombia.<\/p><\/div>\n<p>Por eso, el conflicto entre Colombia y Panam\u00e1 fue llevado por una administraci\u00f3n paname\u00f1a ante la Organizaci\u00f3n Mundial de Comercio (OMC). A pesar de haber perdido esa batalla ante ese organismo, el gobierno centroamericano present\u00f3 diversos recursos de apelaci\u00f3n. Sin embargo los fallos del organismo concluyeron que las medidas restrictivas de control aduanero adoptadas por Colombia no incumplen las normas de la OMC.<\/p>\n<p>La posici\u00f3n de Panam\u00e1 parece inveros\u00edmil dado que, no teniendo industria propia, s\u00f3lo busca defender a empresas que dejan escaso r\u00e9dito al pa\u00eds: esas compa\u00f1\u00edas comerciales operan en el pa\u00eds a partir de un puerto libre de impuestos.<br \/>\n&#8212;&#8212;&#8212;&#8212;&#8212;&#8212;&#8212;&#8212;&#8212;&#8212;&#8212;&#8212;&#8212;&#8212;&#8212;&#8212;&#8212;&#8212;&#8212;<br \/>\nCentral Am\u00e9rica Data \/ Comunidad Textil<\/p>\n<p dir=\"ltr\">\u2014\u2014\u2014\u2014\u2014\u2014\u2014\u2014\u2014\u2014\u2014\u2014\u2014\u2014\u2014\u2014\u2014\u2014\u2014\u2014\u2014\u2014\u2014\u2014\u2014\u2014\u2014\u2014\u2014\u2014\u2014\u2014\u2014\u2014\u2014\u2014\u2014\u2014\u2014\u2014\u2014\u2014\u2014\u2014<\/p>\n<p dir=\"ltr\">Para comunicarse con ComunidadTextil: <span style=\"color: #3366ff;\"><a style=\"color: #3366ff;\" href=\"mailto:contacto@comunidadtextil.com\">contacto@comunidadtextil.com<\/a><\/span><\/p>\n<table border=\"0\" width=\"460\">\n<tbody>\n<tr>\n<td width=\"300\"><a href=\"http:\/\/bit.ly\/2sII7vK\" target=\"_blank\"><img decoding=\"async\" src=\"\/publicidad\/epson\/2019\/300x200l.gif\" alt=\"\" width=\"auto\" height=\"auto\" border=\"0\"><\/a><\/td>\n<td width=\"171\"><a href=\"http:\/\/bit.ly\/2qnuvSs\" target=\"_blank\" rel=\"noopener noreferrer\"><img loading=\"lazy\" decoding=\"async\" src=\"\/publicidad\/crecer-banner-julio17.gif\" alt=\"\" width=\"300\" height=\"200\" border=\"0\" \/><\/a><\/td>\n<\/tr>\n<\/tbody>\n<\/table>\n","protected":false},"excerpt":{"rendered":"<p>Desde el 5 de noviembre Colombia aplica un arancel de 37,9% a la importaci\u00f3n de prendas de vestir cuando su precio FOB declarado sea inferior o igual a $20. El impuesto busca defender a la industria nacional frente al ingreso de productos asi\u00e1ticos de bajo precio. La medida adoptada por la administraci\u00f3n de Iv\u00e1n Duque [&hellip;]<\/p>\n","protected":false},"author":1924,"featured_media":0,"comment_status":"closed","ping_status":"closed","sticky":false,"template":"","format":"standard","meta":{"footnotes":""},"categories":[57,58],"tags":[],"class_list":["post-8275","post","type-post","status-publish","format-standard","hentry","category-mercados","category-noticias-de-america-latina","count-0","even alt","author-adminct","last"],"_links":{"self":[{"href":"https:\/\/comunidadtextil.com\/wpnews\/wp-json\/wp\/v2\/posts\/8275","targetHints":{"allow":["GET"]}}],"collection":[{"href":"https:\/\/comunidadtextil.com\/wpnews\/wp-json\/wp\/v2\/posts"}],"about":[{"href":"https:\/\/comunidadtextil.com\/wpnews\/wp-json\/wp\/v2\/types\/post"}],"author":[{"embeddable":true,"href":"https:\/\/comunidadtextil.com\/wpnews\/wp-json\/wp\/v2\/users\/1924"}],"replies":[{"embeddable":true,"href":"https:\/\/comunidadtextil.com\/wpnews\/wp-json\/wp\/v2\/comments?post=8275"}],"version-history":[{"count":4,"href":"https:\/\/comunidadtextil.com\/wpnews\/wp-json\/wp\/v2\/posts\/8275\/revisions"}],"predecessor-version":[{"id":8279,"href":"https:\/\/comunidadtextil.com\/wpnews\/wp-json\/wp\/v2\/posts\/8275\/revisions\/8279"}],"wp:attachment":[{"href":"https:\/\/comunidadtextil.com\/wpnews\/wp-json\/wp\/v2\/media?parent=8275"}],"wp:term":[{"taxonomy":"category","embeddable":true,"href":"https:\/\/comunidadtextil.com\/wpnews\/wp-json\/wp\/v2\/categories?post=8275"},{"taxonomy":"post_tag","embeddable":true,"href":"https:\/\/comunidadtextil.com\/wpnews\/wp-json\/wp\/v2\/tags?post=8275"}],"curies":[{"name":"wp","href":"https:\/\/api.w.org\/{rel}","templated":true}]}}