{"id":8230,"date":"2019-10-28T13:55:49","date_gmt":"2019-10-28T16:55:49","guid":{"rendered":"http:\/\/comunidadtextil.com\/wpnews\/?p=8230"},"modified":"2019-10-28T13:55:49","modified_gmt":"2019-10-28T16:55:49","slug":"otras-24-empresas-de-moda-se-unieron-al-compromiso-del-fashion-pact-por-el-ambiente","status":"publish","type":"post","link":"https:\/\/comunidadtextil.com\/wpnews\/2019\/10\/otras-24-empresas-de-moda-se-unieron-al-compromiso-del-fashion-pact-por-el-ambiente\/","title":{"rendered":"Otras 24 empresas de moda se unieron al compromiso del Fashion Pact por el ambiente"},"content":{"rendered":"<div id=\"attachment_8229\" style=\"width: 257px\" class=\"wp-caption alignright\"><a href=\"https:\/\/comunidadtextil.com\/wpnews\/wp-content\/uploads\/2019\/10\/Representantes-de-los-32-miembros-del-Fashion-Pact-se-reunieron-en-Paris-el-24-de-octubre.-.jpg\"><img loading=\"lazy\" decoding=\"async\" aria-describedby=\"caption-attachment-8229\" class=\" wp-image-8229\" src=\"https:\/\/comunidadtextil.com\/wpnews\/wp-content\/uploads\/2019\/10\/Representantes-de-los-32-miembros-del-Fashion-Pact-se-reunieron-en-Paris-el-24-de-octubre.--300x142.jpg\" alt=\"\" width=\"247\" height=\"117\" srcset=\"https:\/\/comunidadtextil.com\/wpnews\/wp-content\/uploads\/2019\/10\/Representantes-de-los-32-miembros-del-Fashion-Pact-se-reunieron-en-Paris-el-24-de-octubre.--300x142.jpg 300w, https:\/\/comunidadtextil.com\/wpnews\/wp-content\/uploads\/2019\/10\/Representantes-de-los-32-miembros-del-Fashion-Pact-se-reunieron-en-Paris-el-24-de-octubre.--150x71.jpg 150w, https:\/\/comunidadtextil.com\/wpnews\/wp-content\/uploads\/2019\/10\/Representantes-de-los-32-miembros-del-Fashion-Pact-se-reunieron-en-Paris-el-24-de-octubre.-.jpg 728w\" sizes=\"auto, (max-width: 247px) 100vw, 247px\" \/><\/a><p id=\"caption-attachment-8229\" class=\"wp-caption-text\">Representantes de los 32 miembros del Fashion Pact se reunieron en Paris el 24 de octubre.<\/p><\/div>\n<p>El Corte Ingl\u00e9s, Mango, Farfetch y otras compa\u00f1\u00edas se unieron al Fashion Pact, el compromiso que re\u00fane a las empresas de moda que prometen limitar el impacto de su actividad en el medio ambiente. El acuerdo fue lanzado en agosto de 2019 durante la cumbre del G7 en Biarritz.<\/p>\n<p>Son 24 nuevas empresas las que se unen a los 32 miembros ya comprometidos en este tema de responsabilidad medioambiental en la industria textil. Esta movida es liderada por Fran\u00e7ois-Henri Pinault, CEO del Grupo Kering.<\/p>\n<p>Los nuevos firmantes incluyen muchas marcas, entre las que se encuentran Mango, Promod, el grupo Calzedonia, Celio, Eram, el grupo Beaumanoir, Decathlon, Auchan Retail y Kiabi. Pero tambi\u00e9n marcas de sector lujo como Gant, Figaret, Bally o Paul &amp; Joe, as\u00ed como la plataforma de comercio electr\u00f3nico Farfetch y los grandes almacenes El Corte Ingl\u00e9s.<\/p>\n<div id=\"attachment_8228\" style=\"width: 201px\" class=\"wp-caption alignleft\"><a href=\"https:\/\/comunidadtextil.com\/wpnews\/wp-content\/uploads\/2019\/10\/Fran\u00e7ois-Henri-Pinault-CEO-del-Grupo-Kering-junto-a-Emmanuel-Macron-presidente-de-Francia..jpg\"><img loading=\"lazy\" decoding=\"async\" aria-describedby=\"caption-attachment-8228\" class=\" wp-image-8228\" src=\"https:\/\/comunidadtextil.com\/wpnews\/wp-content\/uploads\/2019\/10\/Fran\u00e7ois-Henri-Pinault-CEO-del-Grupo-Kering-junto-a-Emmanuel-Macron-presidente-de-Francia.-250x300.jpg\" alt=\"\" width=\"191\" height=\"229\" srcset=\"https:\/\/comunidadtextil.com\/wpnews\/wp-content\/uploads\/2019\/10\/Fran\u00e7ois-Henri-Pinault-CEO-del-Grupo-Kering-junto-a-Emmanuel-Macron-presidente-de-Francia.-250x300.jpg 250w, https:\/\/comunidadtextil.com\/wpnews\/wp-content\/uploads\/2019\/10\/Fran\u00e7ois-Henri-Pinault-CEO-del-Grupo-Kering-junto-a-Emmanuel-Macron-presidente-de-Francia.-125x150.jpg 125w, https:\/\/comunidadtextil.com\/wpnews\/wp-content\/uploads\/2019\/10\/Fran\u00e7ois-Henri-Pinault-CEO-del-Grupo-Kering-junto-a-Emmanuel-Macron-presidente-de-Francia..jpg 410w\" sizes=\"auto, (max-width: 191px) 100vw, 191px\" \/><\/a><p id=\"caption-attachment-8228\" class=\"wp-caption-text\">Fran\u00e7ois-Henri Pinault, CEO del Grupo Kering junto a Emmanuel Macron, presidente de Francia.<\/p><\/div>\n<p>Los representantes de las 56 empresas (cerca de 250 marcas en total) se reunieron el 24 de octubre en Par\u00eds para su primera reuni\u00f3n de trabajo. Cabe recordar que Kering, Inditex, H&amp;M, Nike y Chanel fueron algunos de los primeros firmantes del Fashion Pact en agosto, cuyo objetivo principal era reunir iniciativas dispersas.<\/p>\n<p>En principio, los compromisos que se proponen cumplir no son obligatorios sino m\u00e1s bien incitativos. Estos se refieren a tres \u00e1mbitos: el freno del calentamiento global, la restauraci\u00f3n de la biodiversidad y la protecci\u00f3n los oc\u00e9anos. Se decidi\u00f3 que dentro de un a\u00f1o, en septiembre de 2020, se publicar\u00e1 un primer informe sobre los trabajos realizados.<\/p>\n<p>Entre los objetivos adoptados se encuentra \u201cel deseo de alcanzar para el a\u00f1o 2030 el 100% de energ\u00eda renovable en las operaciones propias de los signatarios y eliminar los pl\u00e1sticos de un solo uso en el sector de la moda para esa fecha.<\/p>\n<p>El Fashion Pact, que re\u00fane tanto a los actores del lujo como de la moda pronta, cuestiona a las ONG (en particular a WWF, Ethics on the Label o Greenpeace), que se muestran cautelosas sobre el alcance real de los compromisos enumerados.<br \/>\n&#8212;&#8212;&#8212;&#8212;&#8212;&#8212;&#8212;&#8212;&#8212;&#8212;&#8212;&#8212;&#8212;&#8212;&#8212;&#8212;&#8212;<br \/>\nFashionNetwork \/ Comunidad Textil<\/p>\n<p dir=\"ltr\">\u2014\u2014\u2014\u2014\u2014\u2014\u2014\u2014\u2014\u2014\u2014\u2014\u2014\u2014\u2014\u2014\u2014\u2014\u2014\u2014\u2014\u2014\u2014\u2014\u2014\u2014\u2014\u2014\u2014\u2014\u2014\u2014\u2014\u2014\u2014\u2014\u2014\u2014\u2014\u2014\u2014\u2014\u2014\u2014<\/p>\n<p dir=\"ltr\">Para comunicarse con ComunidadTextil: <span style=\"color: #3366ff;\"><a style=\"color: #3366ff;\" href=\"mailto:contacto@comunidadtextil.com\">contacto@comunidadtextil.com<\/a><\/span><\/p>\n<table border=\"0\" width=\"460\">\n<tbody>\n<tr>\n<td width=\"300\"><a href=\"https:\/\/algoselanflandria.com.ar\/\" target=\"_blank\" rel=\"noopener noreferrer\"><img decoding=\"async\" src=\"http:\/\/comunidadtextil.com\/publicidad\/banner-af2019a.gif\" alt=\"\" width=\"auto\" height=\"auto\" border=\"0\" \/><\/a><\/td>\n<td width=\"171\"><a href=\"http:\/\/bit.ly\/2sII7vK\" target=\"_blank\" rel=\"noopener noreferrer\"><img decoding=\"async\" src=\"\/publicidad\/epson\/2019\/300x200l.gif\" alt=\"\" width=\"auto\" height=\"auto\" border=\"0\" \/><\/a><\/td>\n<\/tr>\n<\/tbody>\n<\/table>\n","protected":false},"excerpt":{"rendered":"<p>El Corte Ingl\u00e9s, Mango, Farfetch y otras compa\u00f1\u00edas se unieron al Fashion Pact, el compromiso que re\u00fane a las empresas de moda que prometen limitar el impacto de su actividad en el medio ambiente. El acuerdo fue lanzado en agosto de 2019 durante la cumbre del G7 en Biarritz. Son 24 nuevas empresas las que [&hellip;]<\/p>\n","protected":false},"author":1924,"featured_media":0,"comment_status":"closed","ping_status":"closed","sticky":false,"template":"","format":"standard","meta":{"footnotes":""},"categories":[49,56],"tags":[],"class_list":["post-8230","post","type-post","status-publish","format-standard","hentry","category-empresas-negocios","category-medio-ambiente","count-0","even alt","author-adminct","last"],"_links":{"self":[{"href":"https:\/\/comunidadtextil.com\/wpnews\/wp-json\/wp\/v2\/posts\/8230","targetHints":{"allow":["GET"]}}],"collection":[{"href":"https:\/\/comunidadtextil.com\/wpnews\/wp-json\/wp\/v2\/posts"}],"about":[{"href":"https:\/\/comunidadtextil.com\/wpnews\/wp-json\/wp\/v2\/types\/post"}],"author":[{"embeddable":true,"href":"https:\/\/comunidadtextil.com\/wpnews\/wp-json\/wp\/v2\/users\/1924"}],"replies":[{"embeddable":true,"href":"https:\/\/comunidadtextil.com\/wpnews\/wp-json\/wp\/v2\/comments?post=8230"}],"version-history":[{"count":2,"href":"https:\/\/comunidadtextil.com\/wpnews\/wp-json\/wp\/v2\/posts\/8230\/revisions"}],"predecessor-version":[{"id":8232,"href":"https:\/\/comunidadtextil.com\/wpnews\/wp-json\/wp\/v2\/posts\/8230\/revisions\/8232"}],"wp:attachment":[{"href":"https:\/\/comunidadtextil.com\/wpnews\/wp-json\/wp\/v2\/media?parent=8230"}],"wp:term":[{"taxonomy":"category","embeddable":true,"href":"https:\/\/comunidadtextil.com\/wpnews\/wp-json\/wp\/v2\/categories?post=8230"},{"taxonomy":"post_tag","embeddable":true,"href":"https:\/\/comunidadtextil.com\/wpnews\/wp-json\/wp\/v2\/tags?post=8230"}],"curies":[{"name":"wp","href":"https:\/\/api.w.org\/{rel}","templated":true}]}}