{"id":7672,"date":"2019-05-30T15:11:30","date_gmt":"2019-05-30T18:11:30","guid":{"rendered":"http:\/\/comunidadtextil.com\/wpnews\/?p=7672"},"modified":"2019-05-30T15:11:30","modified_gmt":"2019-05-30T18:11:30","slug":"ecuador-anuncio-un-nuevo-plan-para-la-industria-textil","status":"publish","type":"post","link":"https:\/\/comunidadtextil.com\/wpnews\/2019\/05\/ecuador-anuncio-un-nuevo-plan-para-la-industria-textil\/","title":{"rendered":"Ecuador anunci\u00f3 un nuevo plan para la industria textil"},"content":{"rendered":"<div id=\"attachment_7659\" style=\"width: 255px\" class=\"wp-caption alignleft\"><a href=\"https:\/\/comunidadtextil.com\/wpnews\/wp-content\/uploads\/2019\/05\/industria-confeccionista_Ecuador_6-.jpg\"><img loading=\"lazy\" decoding=\"async\" aria-describedby=\"caption-attachment-7659\" class=\" wp-image-7659\" src=\"https:\/\/comunidadtextil.com\/wpnews\/wp-content\/uploads\/2019\/05\/industria-confeccionista_Ecuador_6--300x169.jpg\" alt=\"\" width=\"245\" height=\"138\" srcset=\"https:\/\/comunidadtextil.com\/wpnews\/wp-content\/uploads\/2019\/05\/industria-confeccionista_Ecuador_6--300x169.jpg 300w, https:\/\/comunidadtextil.com\/wpnews\/wp-content\/uploads\/2019\/05\/industria-confeccionista_Ecuador_6--150x84.jpg 150w, https:\/\/comunidadtextil.com\/wpnews\/wp-content\/uploads\/2019\/05\/industria-confeccionista_Ecuador_6-.jpg 762w\" sizes=\"auto, (max-width: 245px) 100vw, 245px\" \/><\/a><p id=\"caption-attachment-7659\" class=\"wp-caption-text\">Industria confeccionista en Ecuador.<\/p><\/div>\n<p>El gobierno ecuatoriano inform\u00f3 sobre la implementaci\u00f3n de un nuevo plan de trabajo para la industria textil local. El proyecto busca que el sector recupere terreno en su mercado local y en la regi\u00f3n.<\/p>\n<p>Dentro de los lineamientos que se desarrollar\u00e1n este a\u00f1o, el Ministerio de Producci\u00f3n y Comercio Exterior de Ecuador propone fomentar las compras p\u00fablicas y la negociaci\u00f3n de las regulaciones t\u00e9cnicas para el textil, entre otras medidas.<\/p>\n<p><a href=\"https:\/\/comunidadtextil.com\/wpnews\/wp-content\/uploads\/2019\/05\/industria-confeccionista_Ecuador.jpg\"><img loading=\"lazy\" decoding=\"async\" class=\"alignright  wp-image-7658\" src=\"https:\/\/comunidadtextil.com\/wpnews\/wp-content\/uploads\/2019\/05\/industria-confeccionista_Ecuador-300x199.jpg\" alt=\"\" width=\"246\" height=\"165\" \/><\/a>Seg\u00fan dio a conocer el ministerio por medio de la Asociaci\u00f3n de Industrias Textiles del Ecuador (AITE), buscar\u00e1n desarrollar un modelo especial para establecer lazos comerciales entre el sector textil, la confecci\u00f3n y el estado. Para tal fin se elaborar\u00e1 un cat\u00e1logo textil local que permita facilitar las licitaciones y las conecciones entre esos sectores.<\/p>\n<p>Asimismo, se anunci\u00f3 la celebraci\u00f3n de nuevos acuerdos en temas de certificaci\u00f3n de origen y etiquetado para las importaciones. Esto buscar\u00e1 facilitar el control aduanero para la nacionalizaci\u00f3n de los productos y luchar contra el contrabando \u2018t\u00e9cnico\u2019 de textiles.<\/p>\n<p><a href=\"https:\/\/comunidadtextil.com\/wpnews\/wp-content\/uploads\/2019\/05\/images.jpg\"><img loading=\"lazy\" decoding=\"async\" class=\"alignleft  wp-image-7657\" src=\"https:\/\/comunidadtextil.com\/wpnews\/wp-content\/uploads\/2019\/05\/images.jpg\" alt=\"\" width=\"245\" height=\"179\" \/><\/a>Otro punto importante de desarrollo que se llevar\u00e1 a cabo este a\u00f1o ser\u00e1 la conformaci\u00f3n del primer Centro de Producci\u00f3n Limpia (CPL) para la industria textil, con alianzas entre el ministerio y AITE, poniendo a disposici\u00f3n l\u00edneas de cr\u00e9dito e inversi\u00f3n para maquinarias al servicio de los empresarios.<\/p>\n<p>La industria textil ecuatoriana busca recuperar terreno en su mercado local y en la regi\u00f3n. En t\u00e9rminos de exportaciones textiles el pa\u00eds cerr\u00f3 2018 con ventas por US$ 105 millones, unos puntos porcentuales por encima de los a\u00f1os anteriores. Las expectativas del sector son alcanzar los US$ 200 millones anuales antes de 2022.<br \/>\n&#8212;&#8212;&#8212;&#8212;&#8212;&#8212;&#8212;&#8212;&#8212;&#8212;&#8212;&#8212;&#8212;&#8212;&#8212;&#8212;&#8211;<br \/>\nFashion Network \/ Comunidad Textil<\/p>\n<p dir=\"ltr\">\u2014\u2014\u2014\u2014\u2014\u2014\u2014\u2014\u2014\u2014\u2014\u2014\u2014\u2014\u2014\u2014\u2014\u2014\u2014\u2014\u2014\u2014\u2014\u2014\u2014\u2014\u2014\u2014\u2014\u2014\u2014\u2014\u2014\u2014\u2014\u2014\u2014\u2014\u2014\u2014\u2014\u2014\u2014\u2014<\/p>\n<p dir=\"ltr\">Para comunicarse con ComunidadTextil: <span style=\"color: #3366ff;\"><a style=\"color: #3366ff;\" href=\"mailto:contacto@comunidadtextil.com\">contacto@comunidadtextil.com<\/a><\/span><\/p>\n<table border=\"0\" width=\"460\">\n<tbody>\n<tr>\n<td width=\"300\"><a href=\"http:\/\/bit.ly\/2qWIP7i\" target=\"_blank\" rel=\"noopener noreferrer\"><img loading=\"lazy\" decoding=\"async\" src=\"\/publicidad\/banner-ciai.gif\" alt=\"\" width=\"300\" height=\"153\" border=\"0\" \/><\/a><\/td>\n<td width=\"171\"><a href=\"http:\/\/apps.ubmasia.com\/links\/Show.aspx?sid=1600\" target=\"_blank\" rel=\"noopener noreferrer\"><img loading=\"lazy\" decoding=\"async\" src=\"\/publicidad\/cw20_300x200.JPG\" alt=\"\" width=\"300\" height=\"200\" border=\"0\" \/><\/a><\/td>\n<\/tr>\n<\/tbody>\n<\/table>\n","protected":false},"excerpt":{"rendered":"<p>El gobierno ecuatoriano inform\u00f3 sobre la implementaci\u00f3n de un nuevo plan de trabajo para la industria textil local. El proyecto busca que el sector recupere terreno en su mercado local y en la regi\u00f3n. Dentro de los lineamientos que se desarrollar\u00e1n este a\u00f1o, el Ministerio de Producci\u00f3n y Comercio Exterior de Ecuador propone fomentar las [&hellip;]<\/p>\n","protected":false},"author":1924,"featured_media":0,"comment_status":"closed","ping_status":"closed","sticky":false,"template":"","format":"standard","meta":{"footnotes":""},"categories":[43,58],"tags":[],"class_list":["post-7672","post","type-post","status-publish","format-standard","hentry","category-industria","category-noticias-de-america-latina","count-0","even alt","author-adminct","last"],"_links":{"self":[{"href":"https:\/\/comunidadtextil.com\/wpnews\/wp-json\/wp\/v2\/posts\/7672","targetHints":{"allow":["GET"]}}],"collection":[{"href":"https:\/\/comunidadtextil.com\/wpnews\/wp-json\/wp\/v2\/posts"}],"about":[{"href":"https:\/\/comunidadtextil.com\/wpnews\/wp-json\/wp\/v2\/types\/post"}],"author":[{"embeddable":true,"href":"https:\/\/comunidadtextil.com\/wpnews\/wp-json\/wp\/v2\/users\/1924"}],"replies":[{"embeddable":true,"href":"https:\/\/comunidadtextil.com\/wpnews\/wp-json\/wp\/v2\/comments?post=7672"}],"version-history":[{"count":4,"href":"https:\/\/comunidadtextil.com\/wpnews\/wp-json\/wp\/v2\/posts\/7672\/revisions"}],"predecessor-version":[{"id":7676,"href":"https:\/\/comunidadtextil.com\/wpnews\/wp-json\/wp\/v2\/posts\/7672\/revisions\/7676"}],"wp:attachment":[{"href":"https:\/\/comunidadtextil.com\/wpnews\/wp-json\/wp\/v2\/media?parent=7672"}],"wp:term":[{"taxonomy":"category","embeddable":true,"href":"https:\/\/comunidadtextil.com\/wpnews\/wp-json\/wp\/v2\/categories?post=7672"},{"taxonomy":"post_tag","embeddable":true,"href":"https:\/\/comunidadtextil.com\/wpnews\/wp-json\/wp\/v2\/tags?post=7672"}],"curies":[{"name":"wp","href":"https:\/\/api.w.org\/{rel}","templated":true}]}}