{"id":7646,"date":"2019-05-30T14:14:43","date_gmt":"2019-05-30T17:14:43","guid":{"rendered":"http:\/\/comunidadtextil.com\/wpnews\/?p=7646"},"modified":"2019-05-30T16:44:21","modified_gmt":"2019-05-30T19:44:21","slug":"los-grandes-minoristas-y-las-marcas-deberian-pagar-e-33-mas-por-cada-jean-fabricado","status":"publish","type":"post","link":"https:\/\/comunidadtextil.com\/wpnews\/2019\/05\/los-grandes-minoristas-y-las-marcas-deberian-pagar-e-33-mas-por-cada-jean-fabricado\/","title":{"rendered":"Los grandes minoristas y las marcas deber\u00edan pagar \u20ac 33 m\u00e1s por cada jean fabricado"},"content":{"rendered":"<p><a href=\"https:\/\/comunidadtextil.com\/wpnews\/wp-content\/uploads\/2019\/05\/Fabricaci\u00f3n-denim-.jpg\"><img loading=\"lazy\" decoding=\"async\" class=\"alignright wp-image-7619\" src=\"https:\/\/comunidadtextil.com\/wpnews\/wp-content\/uploads\/2019\/05\/Fabricaci\u00f3n-denim-.jpg\" alt=\"\" width=\"245\" height=\"165\" \/><\/a>Un estudio asegura que los minoristas deber\u00edan pagar 33 euros m\u00e1s por cada jean para cubrir los gastos ocultos, como el impacto clim\u00e1tico y los derechos laborales que surgen de la producci\u00f3n de las prendas de denim. Esta realidad es palpable cuando se analiza la situaci\u00f3n en los pa\u00edses -especialmente en Asia- en los cu\u00e1les las grandes marcas concentran su producci\u00f3n.<\/p>\n<p>Un informe reciente de Impact Institute y ABN AMOR asegura que actualmente, los precios no cubren los costos relacionados con realidades como la contaminaci\u00f3n del agua o las pr\u00e1cticas laborales il\u00edcitas que ocurren en los pa\u00edses en los que se concentra la producci\u00f3n.<\/p>\n<p><a href=\"https:\/\/comunidadtextil.com\/wpnews\/wp-content\/uploads\/2019\/05\/Fabricaci\u00f3n-de-jeans-_16-bangladesh-.jpg\"><img loading=\"lazy\" decoding=\"async\" class=\"alignleft wp-image-7618\" src=\"https:\/\/comunidadtextil.com\/wpnews\/wp-content\/uploads\/2019\/05\/Fabricaci\u00f3n-de-jeans-_16-bangladesh--300x225.jpg\" alt=\"\" width=\"244\" height=\"183\" srcset=\"https:\/\/comunidadtextil.com\/wpnews\/wp-content\/uploads\/2019\/05\/Fabricaci\u00f3n-de-jeans-_16-bangladesh--300x225.jpg 300w, https:\/\/comunidadtextil.com\/wpnews\/wp-content\/uploads\/2019\/05\/Fabricaci\u00f3n-de-jeans-_16-bangladesh--768x576.jpg 768w, https:\/\/comunidadtextil.com\/wpnews\/wp-content\/uploads\/2019\/05\/Fabricaci\u00f3n-de-jeans-_16-bangladesh--150x113.jpg 150w, https:\/\/comunidadtextil.com\/wpnews\/wp-content\/uploads\/2019\/05\/Fabricaci\u00f3n-de-jeans-_16-bangladesh-.jpg 889w\" sizes=\"auto, (max-width: 244px) 100vw, 244px\" \/><\/a><\/p>\n<p>En el informe \u201cThe Hidden Costs of Jeans\u201d (Los costos ocultos de los jeans), los investigadores del Impact Institute estudiaron una cadena de producci\u00f3n t\u00edpica de los jeans, desde las plantaciones de algod\u00f3n y f\u00e1bricas de tejido de denim en India, pasando por las f\u00e1bricas de confecci\u00f3n en Bangladesh, hasta el transporte a los mercados europeos.<\/p>\n<p>As\u00ed, calcularon la \u00abbrecha de precio real\u00bb: la diferencia entre el precio de compra que pagan los grandes minoristas y los costos de producci\u00f3n totales reales, incluidos los costos ambientales y el impacto en la sociedad local.<\/p>\n<p>Seg\u00fan el informe, los mayores costos externos se producen durante el cultivo del algod\u00f3n y su procesamiento para fabricar el denim. M\u00e1s de la mitad de los costos externos en la producci\u00f3n de algod\u00f3n son ambientales, relacionados con el uso de agua en zonas donde el preciado l\u00edquido es escaso y la contaminaci\u00f3n del mismo.<\/p>\n<p>Seg\u00fan el informe, en la producci\u00f3n del denim y confecci\u00f3n de los jeans, los costos sociales externos son los m\u00e1s altos. En la India, la causa principal es el trabajo forzado generalizado, el trabajo infantil y los salarios insuficientes en toda la cadena de valor.<\/p>\n<p><a href=\"https:\/\/comunidadtextil.com\/wpnews\/wp-content\/uploads\/2019\/05\/Fabricaci\u00f3n-de-jeans-_8.jpg\"><img loading=\"lazy\" decoding=\"async\" class=\" wp-image-7647 alignright\" src=\"https:\/\/comunidadtextil.com\/wpnews\/wp-content\/uploads\/2019\/05\/Fabricaci\u00f3n-de-jeans-_8-300x212.jpg\" alt=\"\" width=\"244\" height=\"174\" \/><\/a>A su vez, la producci\u00f3n de prendas en los talleres de costura en Bangladesh conlleva costos sociales en forma de intimidaci\u00f3n y salarios insuficientes de los empleados, sostienen. Por cada par de jeans, estos costos externos son bastante bajos debido al tiempo limitado empleado durante esta fase de producci\u00f3n. Los costos de transporte son insignificantes en el contexto general.<\/p>\n<p>El informe hace recomendaciones para que los costos sean m\u00e1s realistas. ABN AMRO espera que se aliente a las empresas de moda a hacer que la cadena de producci\u00f3n sea m\u00e1s sostenible al organizar mejor los procesos de producci\u00f3n en los pa\u00edses de producci\u00f3n, sobre la base de una relaci\u00f3n a largo plazo con los fabricantes, los gobiernos y las organizaciones sociales.<\/p>\n<p>Henk Hofstede, del sector banker retail de ABN AMRO asegura que \u201cuna fijaci\u00f3n realista de precios ayuda a los minoristas a entablar relaciones a largo plazo con sus productores, a hacer buenos acuerdos juntos y a garantizar que se cumplan estos acuerdos, de modo que se pague un precio justo de compra\u201d.<\/p>\n<p>\u201cLos consumidores -concluye- quieren m\u00e1s transparencia y el m\u00e9todo del precio real les brinda perspectivas con las que pueden tomar mejores decisiones\u201d.<br \/>\n&#8212;&#8212;&#8212;&#8212;&#8212;&#8212;&#8212;&#8212;&#8212;&#8212;&#8212;&#8212;&#8212;&#8212;&#8212;&#8212;&#8211;<br \/>\nFashion Network \/ Comunidad Textil<\/p>\n<p dir=\"ltr\">\u2014\u2014\u2014\u2014\u2014\u2014\u2014\u2014\u2014\u2014\u2014\u2014\u2014\u2014\u2014\u2014\u2014\u2014\u2014\u2014\u2014\u2014\u2014\u2014\u2014\u2014\u2014\u2014\u2014\u2014\u2014\u2014\u2014\u2014\u2014\u2014\u2014\u2014\u2014\u2014\u2014\u2014\u2014\u2014<\/p>\n<p dir=\"ltr\">Para comunicarse con ComunidadTextil: <span style=\"color: #3366ff;\"><a style=\"color: #3366ff;\" href=\"mailto:contacto@comunidadtextil.com\">contacto@comunidadtextil.com<\/a><\/span><\/p>\n<table border=\"0\" width=\"460\">\n<tbody>\n<tr>\n<td width=\"300\"><a href=\"http:\/\/bit.ly\/2qnuvSs\" target=\"_blank\" rel=\"noopener noreferrer\"><img decoding=\"async\" src=\"\/publicidad\/crecer-banner-julio17.gif\" alt=\"\" width=\"290\" height=\"auto\" border=\"0\" \/><\/a><\/td>\n<td width=\"171\"><a href=\"http:\/\/apps.ubmasia.com\/links\/Show.aspx?sid=1600\" target=\"_blank\" rel=\"noopener noreferrer\"><img loading=\"lazy\" decoding=\"async\" src=\"\/publicidad\/cw20_300x200.JPG\" alt=\"\" width=\"300\" height=\"200\" border=\"0\" \/><\/a><\/td>\n<\/tr>\n<\/tbody>\n<\/table>\n","protected":false},"excerpt":{"rendered":"<p>Un estudio asegura que los minoristas deber\u00edan pagar 33 euros m\u00e1s por cada jean para cubrir los gastos ocultos, como el impacto clim\u00e1tico y los derechos laborales que surgen de la producci\u00f3n de las prendas de denim. Esta realidad es palpable cuando se analiza la situaci\u00f3n en los pa\u00edses -especialmente en Asia- en los cu\u00e1les [&hellip;]<\/p>\n","protected":false},"author":1924,"featured_media":0,"comment_status":"closed","ping_status":"closed","sticky":false,"template":"","format":"standard","meta":{"footnotes":""},"categories":[52,56],"tags":[],"class_list":["post-7646","post","type-post","status-publish","format-standard","hentry","category-industria-de-la-confeccion","category-medio-ambiente","count-0","even alt","author-adminct","last"],"_links":{"self":[{"href":"https:\/\/comunidadtextil.com\/wpnews\/wp-json\/wp\/v2\/posts\/7646","targetHints":{"allow":["GET"]}}],"collection":[{"href":"https:\/\/comunidadtextil.com\/wpnews\/wp-json\/wp\/v2\/posts"}],"about":[{"href":"https:\/\/comunidadtextil.com\/wpnews\/wp-json\/wp\/v2\/types\/post"}],"author":[{"embeddable":true,"href":"https:\/\/comunidadtextil.com\/wpnews\/wp-json\/wp\/v2\/users\/1924"}],"replies":[{"embeddable":true,"href":"https:\/\/comunidadtextil.com\/wpnews\/wp-json\/wp\/v2\/comments?post=7646"}],"version-history":[{"count":3,"href":"https:\/\/comunidadtextil.com\/wpnews\/wp-json\/wp\/v2\/posts\/7646\/revisions"}],"predecessor-version":[{"id":7678,"href":"https:\/\/comunidadtextil.com\/wpnews\/wp-json\/wp\/v2\/posts\/7646\/revisions\/7678"}],"wp:attachment":[{"href":"https:\/\/comunidadtextil.com\/wpnews\/wp-json\/wp\/v2\/media?parent=7646"}],"wp:term":[{"taxonomy":"category","embeddable":true,"href":"https:\/\/comunidadtextil.com\/wpnews\/wp-json\/wp\/v2\/categories?post=7646"},{"taxonomy":"post_tag","embeddable":true,"href":"https:\/\/comunidadtextil.com\/wpnews\/wp-json\/wp\/v2\/tags?post=7646"}],"curies":[{"name":"wp","href":"https:\/\/api.w.org\/{rel}","templated":true}]}}