{"id":7339,"date":"2019-03-28T12:02:22","date_gmt":"2019-03-28T15:02:22","guid":{"rendered":"http:\/\/comunidadtextil.com\/wpnews\/?p=7339"},"modified":"2019-03-28T12:02:22","modified_gmt":"2019-03-28T15:02:22","slug":"conferencia-de-ariel-schale-en-la-asociacion-de-quimicos-y-coloristas-del-sector-textil","status":"publish","type":"post","link":"https:\/\/comunidadtextil.com\/wpnews\/2019\/03\/conferencia-de-ariel-schale-en-la-asociacion-de-quimicos-y-coloristas-del-sector-textil\/","title":{"rendered":"Conferencia de Ariel Schale en la asociaci\u00f3n de qu\u00edmicos y coloristas del sector textil"},"content":{"rendered":"<p><a href=\"https:\/\/comunidadtextil.com\/wpnews\/wp-content\/uploads\/2019\/03\/industria-textil.jpg\"><img loading=\"lazy\" decoding=\"async\" class=\"alignright wp-image-7341\" src=\"https:\/\/comunidadtextil.com\/wpnews\/wp-content\/uploads\/2019\/03\/industria-textil-300x227.jpg\" alt=\"\" width=\"234\" height=\"178\" srcset=\"https:\/\/comunidadtextil.com\/wpnews\/wp-content\/uploads\/2019\/03\/industria-textil-300x227.jpg 300w, https:\/\/comunidadtextil.com\/wpnews\/wp-content\/uploads\/2019\/03\/industria-textil-150x113.jpg 150w, https:\/\/comunidadtextil.com\/wpnews\/wp-content\/uploads\/2019\/03\/industria-textil.jpg 490w\" sizes=\"auto, (max-width: 234px) 100vw, 234px\" \/><\/a>La Asociaci\u00f3n Argentina de Qu\u00edmicos y Coloristas Textiles, A.A.Q.C.T. presentar\u00e1 la conferencia del Lic. Ariel Schale, denominada \u2018Diagn\u00f3stico y Perspectivas de la Cadena de valor Textil &#8211; Indumentaria de Argentina\u2019. Schale, es actualmente el Director Ejecutivo de la Fundaci\u00f3n proteger y un brillante economista de larga trayectoria en el \u00e1mbito oficial y privado.<\/p>\n<p>Esta actividad se realizar\u00e1 en un momento de severa crisis de la econom\u00eda Argentina, en la cual las industrias textil y confeccionista son de las m\u00e1s perjudicadas. La autoridades de la Fundaci\u00f3n ProTejer, que re\u00fane a todas las entidades vinculadas al sector, han manifestado que las empresas se encuentran en estado de \u201cagon\u00eda\u201d. La capacidad ociosa ha trepado a m\u00e1s del 60% y en tres a\u00f1os se han perdido cientos de empresas y m\u00e1s de 30.000 puestos de trabajo.<\/p>\n<div id=\"attachment_7340\" style=\"width: 210px\" class=\"wp-caption alignleft\"><a href=\"https:\/\/comunidadtextil.com\/wpnews\/wp-content\/uploads\/2019\/03\/Lic.-Ariel-Schale-Director-Ejecutivo-de-la-Fundaci\u00f3n-ProTejer._3.jpg\"><img loading=\"lazy\" decoding=\"async\" aria-describedby=\"caption-attachment-7340\" class=\" wp-image-7340\" src=\"https:\/\/comunidadtextil.com\/wpnews\/wp-content\/uploads\/2019\/03\/Lic.-Ariel-Schale-Director-Ejecutivo-de-la-Fundaci\u00f3n-ProTejer._3.jpg\" alt=\"\" width=\"200\" height=\"200\" srcset=\"https:\/\/comunidadtextil.com\/wpnews\/wp-content\/uploads\/2019\/03\/Lic.-Ariel-Schale-Director-Ejecutivo-de-la-Fundaci\u00f3n-ProTejer._3.jpg 298w, https:\/\/comunidadtextil.com\/wpnews\/wp-content\/uploads\/2019\/03\/Lic.-Ariel-Schale-Director-Ejecutivo-de-la-Fundaci\u00f3n-ProTejer._3-150x150.jpg 150w, https:\/\/comunidadtextil.com\/wpnews\/wp-content\/uploads\/2019\/03\/Lic.-Ariel-Schale-Director-Ejecutivo-de-la-Fundaci\u00f3n-ProTejer._3-80x80.jpg 80w\" sizes=\"auto, (max-width: 200px) 100vw, 200px\" \/><\/a><p id=\"caption-attachment-7340\" class=\"wp-caption-text\">Lic. Ariel Schale, Director Ejecutivo de la Fundaci\u00f3n ProTejer.<\/p><\/div>\n<p>Ariel Schale, que es actualmente el mejor conocedor de la situaci\u00f3n de la industria textil y confeccionista de Argentina, brindar\u00e1 por lo tanto un panorama detallado y esclarecedor sobre el momento actual.<\/p>\n<p>La conferencia tendr\u00e1 lugar el mi\u00e9rcoles 24 de Abril a las 19 hs., en el auditorio de la sede de A.A.Q.C.T., ubicado en Simbr\u00f3n 5756, en la ciudad de Buenos Aires.<\/p>\n<p>La conferencia es de libre acceso pero la entidad solicita reservar lugar al e-mail capacitacion@aaqct.org.ar<\/p>\n<p>Se pueden recabar m\u00e1s informaciones sobre la actividad de la asociaci\u00f3n en su p\u00e1gina: www.aaqct.org.ar<br \/>\n&#8212;&#8212;&#8212;&#8212;&#8212;&#8212;&#8212;&#8212;&#8212;&#8212;&#8212;&#8212;&#8212;&#8212;&#8211;<br \/>\nA.A.Q.C.T. \/ Comunidad Textil<\/p>\n<p dir=\"ltr\">\u2014\u2014\u2014\u2014\u2014\u2014\u2014\u2014\u2014\u2014\u2014\u2014\u2014\u2014\u2014\u2014\u2014\u2014\u2014\u2014\u2014\u2014\u2014\u2014\u2014\u2014\u2014\u2014\u2014\u2014\u2014\u2014\u2014\u2014\u2014\u2014\u2014\u2014\u2014\u2014\u2014\u2014\u2014\u2014<\/p>\n<p dir=\"ltr\">Para comunicarse con ComunidadTextil: <span style=\"color: #3366ff;\"><a style=\"color: #3366ff;\" href=\"mailto:contacto@comunidadtextil.com\">contacto@comunidadtextil.com<\/a><\/span><\/p>\n<table border=\"0\" width=\"460\">\n<tbody>\n<tr>\n<td width=\"300\"><a href=\"http:\/\/bit.ly\/2r5ztGz\" target=\"_blank\" rel=\"noopener noreferrer\"><img decoding=\"async\" src=\"\/publicidad\/banner_actibiz.gif\" alt=\"\" width=\"auto\" height=\"auto\" border=\"0\" \/><\/a><\/td>\n<td width=\"171\"><a href=\"http:\/\/apps.ubmasia.com\/links\/Show.aspx?sid=1600\" target=\"_blank\" rel=\"noopener noreferrer\"><img loading=\"lazy\" decoding=\"async\" src=\"\/publicidad\/cw20_300x200.JPG\" alt=\"\" width=\"300\" height=\"200\" border=\"0\" \/><\/a><\/td>\n<\/tr>\n<\/tbody>\n<\/table>\n","protected":false},"excerpt":{"rendered":"<p>La Asociaci\u00f3n Argentina de Qu\u00edmicos y Coloristas Textiles, A.A.Q.C.T. presentar\u00e1 la conferencia del Lic. Ariel Schale, denominada \u2018Diagn\u00f3stico y Perspectivas de la Cadena de valor Textil &#8211; Indumentaria de Argentina\u2019. Schale, es actualmente el Director Ejecutivo de la Fundaci\u00f3n proteger y un brillante economista de larga trayectoria en el \u00e1mbito oficial y privado. Esta actividad [&hellip;]<\/p>\n","protected":false},"author":1924,"featured_media":0,"comment_status":"closed","ping_status":"closed","sticky":false,"template":"","format":"standard","meta":{"footnotes":""},"categories":[8],"tags":[],"class_list":["post-7339","post","type-post","status-publish","format-standard","hentry","category-argentina","count-0","even alt","author-adminct","last"],"_links":{"self":[{"href":"https:\/\/comunidadtextil.com\/wpnews\/wp-json\/wp\/v2\/posts\/7339","targetHints":{"allow":["GET"]}}],"collection":[{"href":"https:\/\/comunidadtextil.com\/wpnews\/wp-json\/wp\/v2\/posts"}],"about":[{"href":"https:\/\/comunidadtextil.com\/wpnews\/wp-json\/wp\/v2\/types\/post"}],"author":[{"embeddable":true,"href":"https:\/\/comunidadtextil.com\/wpnews\/wp-json\/wp\/v2\/users\/1924"}],"replies":[{"embeddable":true,"href":"https:\/\/comunidadtextil.com\/wpnews\/wp-json\/wp\/v2\/comments?post=7339"}],"version-history":[{"count":3,"href":"https:\/\/comunidadtextil.com\/wpnews\/wp-json\/wp\/v2\/posts\/7339\/revisions"}],"predecessor-version":[{"id":7344,"href":"https:\/\/comunidadtextil.com\/wpnews\/wp-json\/wp\/v2\/posts\/7339\/revisions\/7344"}],"wp:attachment":[{"href":"https:\/\/comunidadtextil.com\/wpnews\/wp-json\/wp\/v2\/media?parent=7339"}],"wp:term":[{"taxonomy":"category","embeddable":true,"href":"https:\/\/comunidadtextil.com\/wpnews\/wp-json\/wp\/v2\/categories?post=7339"},{"taxonomy":"post_tag","embeddable":true,"href":"https:\/\/comunidadtextil.com\/wpnews\/wp-json\/wp\/v2\/tags?post=7339"}],"curies":[{"name":"wp","href":"https:\/\/api.w.org\/{rel}","templated":true}]}}