{"id":6789,"date":"2018-11-08T12:25:39","date_gmt":"2018-11-08T15:25:39","guid":{"rendered":"http:\/\/comunidadtextil.com\/wpnews\/?p=6789"},"modified":"2018-11-08T12:25:39","modified_gmt":"2018-11-08T15:25:39","slug":"los-textiles-de-brasil-con-el-apoyo-del-estado-buscaran-negocios-en-el-mundo-arabe","status":"publish","type":"post","link":"https:\/\/comunidadtextil.com\/wpnews\/2018\/11\/los-textiles-de-brasil-con-el-apoyo-del-estado-buscaran-negocios-en-el-mundo-arabe\/","title":{"rendered":"Los textiles de Brasil, con el apoyo del estado, buscar\u00e1n negocios en el mundo \u00e1rabe"},"content":{"rendered":"<p><a href=\"https:\/\/comunidadtextil.com\/wpnews\/wp-content\/uploads\/2018\/11\/slide0131_background.jpg\"><img loading=\"lazy\" decoding=\"async\" class=\"alignright wp-image-6757\" src=\"https:\/\/comunidadtextil.com\/wpnews\/wp-content\/uploads\/2018\/11\/slide0131_background-300x225.jpg\" alt=\"\" width=\"240\" height=\"181\" srcset=\"https:\/\/comunidadtextil.com\/wpnews\/wp-content\/uploads\/2018\/11\/slide0131_background-300x225.jpg 300w, https:\/\/comunidadtextil.com\/wpnews\/wp-content\/uploads\/2018\/11\/slide0131_background-150x112.jpg 150w, https:\/\/comunidadtextil.com\/wpnews\/wp-content\/uploads\/2018\/11\/slide0131_background.jpg 534w\" sizes=\"auto, (max-width: 240px) 100vw, 240px\" \/><\/a>Texbrasil es un programa lanzado en Brasil para promover las exportaciones de la industria textil y de las confecciones. Un nuevo informe encontr\u00f3 que las empresas que participan lograron incrementar sus exportaciones. En particular mejoraron sus ventas a los pa\u00edses \u00e1rabes, que subieron 40% entre 2016 y hoy.<\/p>\n<p>Este programa es liderado por la Asociaci\u00f3n Brasile\u00f1a de la Industria Textil (ABIT) y financiado por Agencia Brasile\u00f1a de Comercio e Inversiones (Apex-Brasil). ABIT destac\u00f3 que actualmente los pa\u00edses \u00e1rabes son el principal destino de exportaci\u00f3n de esta industria, estando al tope de esta lista los Emiratos \u00c1rabes Unidos, Argelia, Egipto, Marruecos y L\u00edbano.<\/p>\n<table>\n<tbody>\n<tr>\n<td><a href=\"https:\/\/comunidadtextil.com\/wpnews\/wp-content\/uploads\/2018\/11\/19.jpg\"><img decoding=\"async\" class=\"aligncenter size-medium wp-image-6760\" src=\"https:\/\/comunidadtextil.com\/wpnews\/wp-content\/uploads\/2018\/11\/19-300x194.jpg\" alt=\"\" width=\"auto\" height=\"120\" srcset=\"https:\/\/comunidadtextil.com\/wpnews\/wp-content\/uploads\/2018\/11\/19-300x194.jpg 300w, https:\/\/comunidadtextil.com\/wpnews\/wp-content\/uploads\/2018\/11\/19-768x495.jpg 768w, https:\/\/comunidadtextil.com\/wpnews\/wp-content\/uploads\/2018\/11\/19-150x97.jpg 150w, https:\/\/comunidadtextil.com\/wpnews\/wp-content\/uploads\/2018\/11\/19.jpg 1000w\" sizes=\"(max-width: 300px) 100vw, 300px\" \/><\/a><\/td>\n<td><a href=\"https:\/\/comunidadtextil.com\/wpnews\/wp-content\/uploads\/2018\/11\/16a.jpg\"><img decoding=\"async\" class=\"aligncenter size-medium wp-image-6759\" src=\"https:\/\/comunidadtextil.com\/wpnews\/wp-content\/uploads\/2018\/11\/16a-300x200.jpg\" alt=\"\" width=\"auto\" height=\"120\" srcset=\"https:\/\/comunidadtextil.com\/wpnews\/wp-content\/uploads\/2018\/11\/16a-300x200.jpg 300w, https:\/\/comunidadtextil.com\/wpnews\/wp-content\/uploads\/2018\/11\/16a-768x512.jpg 768w, https:\/\/comunidadtextil.com\/wpnews\/wp-content\/uploads\/2018\/11\/16a-1024x683.jpg 1024w, https:\/\/comunidadtextil.com\/wpnews\/wp-content\/uploads\/2018\/11\/16a-150x100.jpg 150w, https:\/\/comunidadtextil.com\/wpnews\/wp-content\/uploads\/2018\/11\/16a.jpg 1100w\" sizes=\"(max-width: 300px) 100vw, 300px\" \/><\/a><\/td>\n<td><a href=\"https:\/\/comunidadtextil.com\/wpnews\/wp-content\/uploads\/2018\/11\/10.jpg\"><img decoding=\"async\" class=\"aligncenter size-medium wp-image-6758\" src=\"https:\/\/comunidadtextil.com\/wpnews\/wp-content\/uploads\/2018\/11\/10-300x169.jpg\" alt=\"\" width=\"auto\" height=\"120\" srcset=\"https:\/\/comunidadtextil.com\/wpnews\/wp-content\/uploads\/2018\/11\/10-300x169.jpg 300w, https:\/\/comunidadtextil.com\/wpnews\/wp-content\/uploads\/2018\/11\/10-768x432.jpg 768w, https:\/\/comunidadtextil.com\/wpnews\/wp-content\/uploads\/2018\/11\/10-150x84.jpg 150w, https:\/\/comunidadtextil.com\/wpnews\/wp-content\/uploads\/2018\/11\/10.jpg 800w\" sizes=\"(max-width: 300px) 100vw, 300px\" \/><\/a><\/td>\n<\/tr>\n<\/tbody>\n<\/table>\n<p>Recientemente Rieter, una empresa que produce maquinaria textil, y la Federaci\u00f3n Internacional de Manufactureros Textiles (ITMF) presentaron estudios donde destacaron el potencial de la industria de los textiles y las confecciones de Brasil.<\/p>\n<p>Estos especialistas explican que, actualmente, la industria textil de este pa\u00eds se enfoca en el mercado dom\u00e9stico y exporta alrededor del 10% de su producci\u00f3n. A su vez, Brasil es el sexto pa\u00eds m\u00e1s importante en la producci\u00f3n de algod\u00f3n a nivel global y exporta el 30% de lo que produce. Por ese motivo, consideran que Brasil tiene mucho potencial para crecer en el mercado internacional de estas industrias.<br \/>\n&#8212;&#8212;&#8212;&#8212;&#8212;&#8212;&#8212;&#8212;&#8212;&#8212;&#8212;&#8212;&#8212;&#8212;&#8212;&#8212;&#8212;&#8212;&#8211;<br \/>\nTextiles Panamericanos \/ Comunidad Textil<\/p>\n<p dir=\"ltr\">\u2014\u2014\u2014\u2014\u2014\u2014\u2014\u2014\u2014\u2014\u2014\u2014\u2014\u2014\u2014\u2014\u2014\u2014\u2014\u2014\u2014\u2014\u2014\u2014\u2014\u2014\u2014\u2014\u2014\u2014\u2014\u2014\u2014\u2014\u2014\u2014\u2014\u2014\u2014\u2014\u2014\u2014\u2014\u2014<\/p>\n<p dir=\"ltr\">Para comunicarse con ComunidadTextil: <span style=\"color: #3366ff;\"><a style=\"color: #3366ff;\" href=\"mailto:contacto@comunidadtextil.com\">contacto@comunidadtextil.com<\/a><\/span><\/p>\n<table border=\"0\" width=\"460\">\n<tbody>\n<tr>\n<td width=\"300\"><a href=\"http:\/\/bit.ly\/2qnuvSs\" target=\"_blank\" rel=\"noopener noreferrer\"><img loading=\"lazy\" decoding=\"async\" src=\"\/publicidad\/crecer-banner-julio17.gif\" alt=\"\" width=\"300\" height=\"200\" border=\"0\" \/><\/a><\/td>\n<td width=\"171\"><a href=\"mailto:rafa.berlitz@gmail.com\"><img loading=\"lazy\" decoding=\"async\" src=\"http:\/\/cueroamerica.info\/img\/publicidad\/mrc-banner1.gif\" alt=\"\" width=\"300\" height=\"200\" \/><\/a><\/td>\n<\/tr>\n<\/tbody>\n<\/table>\n","protected":false},"excerpt":{"rendered":"<p>Texbrasil es un programa lanzado en Brasil para promover las exportaciones de la industria textil y de las confecciones. Un nuevo informe encontr\u00f3 que las empresas que participan lograron incrementar sus exportaciones. En particular mejoraron sus ventas a los pa\u00edses \u00e1rabes, que subieron 40% entre 2016 y hoy. Este programa es liderado por la Asociaci\u00f3n [&hellip;]<\/p>\n","protected":false},"author":1924,"featured_media":0,"comment_status":"closed","ping_status":"closed","sticky":false,"template":"","format":"standard","meta":{"footnotes":""},"categories":[57,58],"tags":[],"class_list":["post-6789","post","type-post","status-publish","format-standard","hentry","category-mercados","category-noticias-de-america-latina","count-0","even alt","author-adminct","last"],"_links":{"self":[{"href":"https:\/\/comunidadtextil.com\/wpnews\/wp-json\/wp\/v2\/posts\/6789","targetHints":{"allow":["GET"]}}],"collection":[{"href":"https:\/\/comunidadtextil.com\/wpnews\/wp-json\/wp\/v2\/posts"}],"about":[{"href":"https:\/\/comunidadtextil.com\/wpnews\/wp-json\/wp\/v2\/types\/post"}],"author":[{"embeddable":true,"href":"https:\/\/comunidadtextil.com\/wpnews\/wp-json\/wp\/v2\/users\/1924"}],"replies":[{"embeddable":true,"href":"https:\/\/comunidadtextil.com\/wpnews\/wp-json\/wp\/v2\/comments?post=6789"}],"version-history":[{"count":3,"href":"https:\/\/comunidadtextil.com\/wpnews\/wp-json\/wp\/v2\/posts\/6789\/revisions"}],"predecessor-version":[{"id":6792,"href":"https:\/\/comunidadtextil.com\/wpnews\/wp-json\/wp\/v2\/posts\/6789\/revisions\/6792"}],"wp:attachment":[{"href":"https:\/\/comunidadtextil.com\/wpnews\/wp-json\/wp\/v2\/media?parent=6789"}],"wp:term":[{"taxonomy":"category","embeddable":true,"href":"https:\/\/comunidadtextil.com\/wpnews\/wp-json\/wp\/v2\/categories?post=6789"},{"taxonomy":"post_tag","embeddable":true,"href":"https:\/\/comunidadtextil.com\/wpnews\/wp-json\/wp\/v2\/tags?post=6789"}],"curies":[{"name":"wp","href":"https:\/\/api.w.org\/{rel}","templated":true}]}}