{"id":6373,"date":"2018-08-30T10:08:02","date_gmt":"2018-08-30T13:08:02","guid":{"rendered":"http:\/\/comunidadtextil.com\/wpnews\/?p=6373"},"modified":"2018-08-30T10:08:02","modified_gmt":"2018-08-30T13:08:02","slug":"la-provincia-de-san-luis-da-vida-a-una-textil-que-cerro-hace-veinte-anos-en-daract","status":"publish","type":"post","link":"https:\/\/comunidadtextil.com\/wpnews\/2018\/08\/la-provincia-de-san-luis-da-vida-a-una-textil-que-cerro-hace-veinte-anos-en-daract\/","title":{"rendered":"La provincia de San Luis da vida a una textil que cerr\u00f3 hace veinte a\u00f1os en Daract"},"content":{"rendered":"<p>Una peque\u00f1a ciudad de la provincia argentina de San Luis, Justo Daract, reactivar\u00e1 una f\u00e1brica textil que estuvo cerrada durante veinte a\u00f1os. El alcalde de esa ciudad, Juan Jos\u00e9 Baggini, inform\u00f3 que la ex f\u00e1brica \u201cThis Week\u201d estar\u00e1 lista en octubre. El predio donde funcionaba la empresa que confeccionaba ropa, estuvo abandonado y el Gobierno de la Provincia lo recuper\u00f3 y remodel\u00f3.<\/p>\n<div id=\"attachment_6370\" style=\"width: 116px\" class=\"wp-caption alignright\"><a href=\"https:\/\/comunidadtextil.com\/wpnews\/wp-content\/uploads\/2018\/08\/El-Alcalde-de-la-ciudad-de-Justo-Daract-Juan-Jos\u00e9-Baggini..jpg\"><img loading=\"lazy\" decoding=\"async\" aria-describedby=\"caption-attachment-6370\" class=\"size-full wp-image-6370\" src=\"https:\/\/comunidadtextil.com\/wpnews\/wp-content\/uploads\/2018\/08\/El-Alcalde-de-la-ciudad-de-Justo-Daract-Juan-Jos\u00e9-Baggini..jpg\" alt=\"\" width=\"106\" height=\"158\" srcset=\"https:\/\/comunidadtextil.com\/wpnews\/wp-content\/uploads\/2018\/08\/El-Alcalde-de-la-ciudad-de-Justo-Daract-Juan-Jos\u00e9-Baggini..jpg 106w, https:\/\/comunidadtextil.com\/wpnews\/wp-content\/uploads\/2018\/08\/El-Alcalde-de-la-ciudad-de-Justo-Daract-Juan-Jos\u00e9-Baggini.-101x150.jpg 101w\" sizes=\"auto, (max-width: 106px) 100vw, 106px\" \/><\/a><p id=\"caption-attachment-6370\" class=\"wp-caption-text\">El Alcalde de la ciudad de Justo Daract, Juan Jos\u00e9 Baggini.<\/p><\/div>\n<p>Cuando terminen las obras de recuperaci\u00f3n, se proceder\u00e1 a comprar las m\u00e1quinas para su funcionamiento, asegura Baggini. \u201cPrincipalmente las que permiten hacer el lavado de las prendas, las m\u00e1quinas de coser, el telar, y el equipo de corte para empezar la confecci\u00f3n\u201d, se\u00f1al\u00f3.<\/p>\n<p>En total, la f\u00e1brica contar\u00e1 con cuatro espacios, dos dedicados a la producci\u00f3n, uno al control de calidad y el restante para lavander\u00eda.<\/p>\n<p>El alcalde destac\u00f3 que la reactivaci\u00f3n industrial generar\u00e1 al menos 150 puestos de trabajo, y que convocar\u00e1n principalmente a mujeres y mam\u00e1s solteras. \u201cHay mucha gente joven que necesita el trabajo, sobre todo las j\u00f3venes que est\u00e1n a cargo de su familia. Es por eso que se pens\u00f3 un plan de jornada de horario reducido para que puedan cuidar a sus hijos\u201d, anticip\u00f3. Para que las futuras operarias puedan trabajar con tranquilidad, instalar\u00e1n una guarder\u00eda.<\/p>\n<div id=\"attachment_6371\" style=\"width: 258px\" class=\"wp-caption alignleft\"><a href=\"https:\/\/comunidadtextil.com\/wpnews\/wp-content\/uploads\/2018\/08\/Frente-de-la-planta-industrial-que-esta-recuperando-la-intendencia-de-Daract-en-la-provincia-de-San-Luis._2.jpg\"><img loading=\"lazy\" decoding=\"async\" aria-describedby=\"caption-attachment-6371\" class=\" wp-image-6371\" src=\"https:\/\/comunidadtextil.com\/wpnews\/wp-content\/uploads\/2018\/08\/Frente-de-la-planta-industrial-que-esta-recuperando-la-intendencia-de-Daract-en-la-provincia-de-San-Luis._2-300x200.jpg\" alt=\"\" width=\"248\" height=\"165\" srcset=\"https:\/\/comunidadtextil.com\/wpnews\/wp-content\/uploads\/2018\/08\/Frente-de-la-planta-industrial-que-esta-recuperando-la-intendencia-de-Daract-en-la-provincia-de-San-Luis._2-300x200.jpg 300w, https:\/\/comunidadtextil.com\/wpnews\/wp-content\/uploads\/2018\/08\/Frente-de-la-planta-industrial-que-esta-recuperando-la-intendencia-de-Daract-en-la-provincia-de-San-Luis._2-768x512.jpg 768w, https:\/\/comunidadtextil.com\/wpnews\/wp-content\/uploads\/2018\/08\/Frente-de-la-planta-industrial-que-esta-recuperando-la-intendencia-de-Daract-en-la-provincia-de-San-Luis._2-1024x683.jpg 1024w, https:\/\/comunidadtextil.com\/wpnews\/wp-content\/uploads\/2018\/08\/Frente-de-la-planta-industrial-que-esta-recuperando-la-intendencia-de-Daract-en-la-provincia-de-San-Luis._2-150x100.jpg 150w, https:\/\/comunidadtextil.com\/wpnews\/wp-content\/uploads\/2018\/08\/Frente-de-la-planta-industrial-que-esta-recuperando-la-intendencia-de-Daract-en-la-provincia-de-San-Luis._2.jpg 1152w\" sizes=\"auto, (max-width: 248px) 100vw, 248px\" \/><\/a><p id=\"caption-attachment-6371\" class=\"wp-caption-text\">Frente de la planta industrial que esta recuperando la intendencia de Daract, en la provincia de San Luis.<\/p><\/div>\n<p>A su vez, Baggini a\u00f1adi\u00f3 que la f\u00e1brica \u201cest\u00e1 pensada como un bien social que permitir\u00e1 generar empleo. La idea es apuntar a que la rentabilidad est\u00e9 volcada en los sueldos y en generar un movimiento econ\u00f3mico en la ciudad\u201d, asegur\u00f3.<\/p>\n<p>Aunque todav\u00eda no definieron el nombre que tendr\u00e1 la f\u00e1brica, el intendente dijo que podr\u00eda llamarse \u201cDise\u00f1os Daract\u201d y coment\u00f3 que dedicar\u00e1 su producci\u00f3n al mercado interno, sin definir el tipo de productos.<\/p>\n<p>\u201cQueremos que la ciudad crezca y tenemos muchos proyectos que queremos concretar nuestra ciudad. Para la comunidad, ver una f\u00e1brica tan importante en el abandono era penoso. Pero gracias a la Provincia, le daremos una nueva vida\u201d, sostuvo.<\/p>\n<p>Por \u00faltimo, el intendente resalt\u00f3 que poder reabrir una nave industrial en el contexto cr\u00edtico que atraviesa el pa\u00eds es \u201cimpresionante e invita a seguir proyectando\u201d.<br \/>\n&#8212;&#8212;&#8212;&#8212;&#8212;&#8212;&#8212;&#8212;&#8212;&#8212;&#8212;&#8212;&#8212;&#8212;&#8212;&#8212;&#8212;&#8212;&#8212;<br \/>\nEl diario de la Republica \/ Comunidad Textil<\/p>\n<p dir=\"ltr\">\u2014\u2014\u2014\u2014\u2014\u2014\u2014\u2014\u2014\u2014\u2014\u2014\u2014\u2014\u2014\u2014\u2014\u2014\u2014\u2014\u2014\u2014\u2014\u2014\u2014\u2014\u2014\u2014\u2014\u2014\u2014\u2014\u2014\u2014\u2014\u2014\u2014\u2014\u2014\u2014\u2014\u2014\u2014\u2014<\/p>\n<p dir=\"ltr\">Para comunicarse con ComunidadTextil: <span style=\"color: #3366ff;\"><a style=\"color: #3366ff;\" href=\"mailto:contacto@comunidadtextil.com\">contacto@comunidadtextil.com<\/a><\/span><\/p>\n<table border=\"0\" width=\"460\">\n<tbody>\n<tr>\n<td width=\"300\"><a href=\"https:\/\/www.fundacionprotejer.com\/\" target=\"_blank\" rel=\"noopener noreferrer\"><img decoding=\"async\" src=\"\/publicidad\/protextil200918.jpg\" alt=\"\" width=\"auto\" height=\"210\" border=\"0\" \/><\/a><\/td>\n<td width=\"171\"><a href=\"http:\/\/bit.ly\/2qnuvSs\" target=\"_blank\" rel=\"noopener noreferrer\"><img loading=\"lazy\" decoding=\"async\" src=\"\/publicidad\/crecer-banner-julio17.gif\" alt=\"\" width=\"300\" height=\"200\" border=\"0\" \/><\/a><\/td>\n<\/tr>\n<\/tbody>\n<\/table>\n","protected":false},"excerpt":{"rendered":"<p>Una peque\u00f1a ciudad de la provincia argentina de San Luis, Justo Daract, reactivar\u00e1 una f\u00e1brica textil que estuvo cerrada durante veinte a\u00f1os. El alcalde de esa ciudad, Juan Jos\u00e9 Baggini, inform\u00f3 que la ex f\u00e1brica \u201cThis Week\u201d estar\u00e1 lista en octubre. El predio donde funcionaba la empresa que confeccionaba ropa, estuvo abandonado y el Gobierno [&hellip;]<\/p>\n","protected":false},"author":1924,"featured_media":0,"comment_status":"closed","ping_status":"closed","sticky":false,"template":"","format":"standard","meta":{"footnotes":""},"categories":[8],"tags":[],"class_list":["post-6373","post","type-post","status-publish","format-standard","hentry","category-argentina","count-0","even alt","author-adminct","last"],"_links":{"self":[{"href":"https:\/\/comunidadtextil.com\/wpnews\/wp-json\/wp\/v2\/posts\/6373","targetHints":{"allow":["GET"]}}],"collection":[{"href":"https:\/\/comunidadtextil.com\/wpnews\/wp-json\/wp\/v2\/posts"}],"about":[{"href":"https:\/\/comunidadtextil.com\/wpnews\/wp-json\/wp\/v2\/types\/post"}],"author":[{"embeddable":true,"href":"https:\/\/comunidadtextil.com\/wpnews\/wp-json\/wp\/v2\/users\/1924"}],"replies":[{"embeddable":true,"href":"https:\/\/comunidadtextil.com\/wpnews\/wp-json\/wp\/v2\/comments?post=6373"}],"version-history":[{"count":2,"href":"https:\/\/comunidadtextil.com\/wpnews\/wp-json\/wp\/v2\/posts\/6373\/revisions"}],"predecessor-version":[{"id":6375,"href":"https:\/\/comunidadtextil.com\/wpnews\/wp-json\/wp\/v2\/posts\/6373\/revisions\/6375"}],"wp:attachment":[{"href":"https:\/\/comunidadtextil.com\/wpnews\/wp-json\/wp\/v2\/media?parent=6373"}],"wp:term":[{"taxonomy":"category","embeddable":true,"href":"https:\/\/comunidadtextil.com\/wpnews\/wp-json\/wp\/v2\/categories?post=6373"},{"taxonomy":"post_tag","embeddable":true,"href":"https:\/\/comunidadtextil.com\/wpnews\/wp-json\/wp\/v2\/tags?post=6373"}],"curies":[{"name":"wp","href":"https:\/\/api.w.org\/{rel}","templated":true}]}}