{"id":6226,"date":"2018-08-06T16:30:22","date_gmt":"2018-08-06T19:30:22","guid":{"rendered":"http:\/\/comunidadtextil.com\/wpnews\/?p=6226"},"modified":"2018-08-06T16:30:22","modified_gmt":"2018-08-06T19:30:22","slug":"las-exportaciones-de-moda-de-colombia-crecieron-un-42-en-el-primer-semestre","status":"publish","type":"post","link":"https:\/\/comunidadtextil.com\/wpnews\/2018\/08\/las-exportaciones-de-moda-de-colombia-crecieron-un-42-en-el-primer-semestre\/","title":{"rendered":"Las exportaciones de moda de Colombia crecieron un 4,2% en el primer semestre"},"content":{"rendered":"<div id=\"attachment_6223\" style=\"width: 258px\" class=\"wp-caption alignleft\"><a href=\"https:\/\/comunidadtextil.com\/wpnews\/wp-content\/uploads\/2018\/08\/F\u00e1brica-de-confecciones-Colombia-Fabricato.jpg\"><img loading=\"lazy\" decoding=\"async\" aria-describedby=\"caption-attachment-6223\" class=\" wp-image-6223\" src=\"https:\/\/comunidadtextil.com\/wpnews\/wp-content\/uploads\/2018\/08\/F\u00e1brica-de-confecciones-Colombia-Fabricato-300x206.jpg\" alt=\"\" width=\"248\" height=\"170\" srcset=\"https:\/\/comunidadtextil.com\/wpnews\/wp-content\/uploads\/2018\/08\/F\u00e1brica-de-confecciones-Colombia-Fabricato-300x206.jpg 300w, https:\/\/comunidadtextil.com\/wpnews\/wp-content\/uploads\/2018\/08\/F\u00e1brica-de-confecciones-Colombia-Fabricato-768x526.jpg 768w, https:\/\/comunidadtextil.com\/wpnews\/wp-content\/uploads\/2018\/08\/F\u00e1brica-de-confecciones-Colombia-Fabricato-150x103.jpg 150w, https:\/\/comunidadtextil.com\/wpnews\/wp-content\/uploads\/2018\/08\/F\u00e1brica-de-confecciones-Colombia-Fabricato.jpg 800w\" sizes=\"auto, (max-width: 248px) 100vw, 248px\" \/><\/a><p id=\"caption-attachment-6223\" class=\"wp-caption-text\">F\u00e1brica de confecciones en Colombia.<\/p><\/div>\n<p>Las exportaciones colombianas de moda crecieron un 4,2% en el primer semestre. El sector experiment\u00f3 en junio su segunda mayor suba de 2018, acumulando en el a\u00f1o ventas por US$ 420,1 millones.<\/p>\n<p>La industria colombiana de la moda se recupera en el extranjero. Tras cerrar el ejercicio 2017 en baja, las ventas de prendas de vestir, calzado y productos textiles tomaron impulso en el primer semestre del a\u00f1o mostrando signos positivos.<\/p>\n<p>Seg\u00fan datos del Departamento Administrativo Nacional de Estad\u00edstica (Dane) de Colombia, entre enero y junio, las exportaciones de moda se situaron en US$ 420,1 millones, lo que supuso un ascenso del 4,2% respecto al mismo periodo del a\u00f1o anterior.<\/p>\n<p><a href=\"https:\/\/comunidadtextil.com\/wpnews\/wp-content\/uploads\/2018\/08\/MG_7384-2-640x360.jpg\"><img loading=\"lazy\" decoding=\"async\" class=\"alignright wp-image-6220\" src=\"https:\/\/comunidadtextil.com\/wpnews\/wp-content\/uploads\/2018\/08\/MG_7384-2-640x360-300x169.jpg\" alt=\"\" width=\"240\" height=\"137\" \/><\/a>A lo largo del a\u00f1o, las ventas de moda en el extranjero tuvieron en general buenos resultados, ya que las exportaciones cayeron s\u00f3lo en dos ocasiones, con descensos en marzo y mayo. La mayor suba se registr\u00f3 en abril, cuando las ventas anotaron un incremento interanual del 15,6%.<\/p>\n<p>En junio, las exportaciones colombianas de moda anotaron su segundo mayor impulso, con un crecimiento del 14,1% respecto al mismo mes del a\u00f1o anterior. Las ventas en el sexto mes del a\u00f1o, las ventas ascendieron a<br \/>\nUS$ 85 millones.<\/p>\n<p><a href=\"https:\/\/comunidadtextil.com\/wpnews\/wp-content\/uploads\/2018\/08\/F\u00e1brica-de-confecciones-Colombia.jpg\"><img loading=\"lazy\" decoding=\"async\" class=\"alignleft wp-image-6224 \" src=\"https:\/\/comunidadtextil.com\/wpnews\/wp-content\/uploads\/2018\/08\/F\u00e1brica-de-confecciones-Colombia-300x200.jpg\" alt=\"\" width=\"245\" height=\"165\" \/><\/a>En cuanto al primer semestre, la confecci\u00f3n sigui\u00f3 liderando el aumento de las exportaciones colombianas de moda, siendo la categor\u00eda del sector que m\u00e1s vende en el extranjero y la que m\u00e1s creci\u00f3.<\/p>\n<p>Entre enero y junio, las ventas de la confecci\u00f3n de prendas de vestir fueron de US$ 217,5 millones, lo que supuso un incremento del 11,3% respecto a los primeros seis meses del a\u00f1o pasado. Sin embargo, este sector englob\u00f3 la subcategor\u00eda de la industria colombiana de la moda que desplom\u00f3 sus exportaciones: la fabricaci\u00f3n de art\u00edculos de piel, cuyas ventas descendieron un 47%, hasta 21.500 d\u00f3lares.<\/p>\n<p>La confecci\u00f3n colombiana elev\u00f3 sus exportaciones a doble d\u00edgito en el primer semestre, hasta US$ 217,5 millones.<\/p>\n<p><a href=\"https:\/\/comunidadtextil.com\/wpnews\/wp-content\/uploads\/2018\/08\/descarga-1.jpg\"><img loading=\"lazy\" decoding=\"async\" class=\"alignright wp-image-6222\" src=\"https:\/\/comunidadtextil.com\/wpnews\/wp-content\/uploads\/2018\/08\/descarga-1.jpg\" alt=\"\" width=\"240\" height=\"182\" srcset=\"https:\/\/comunidadtextil.com\/wpnews\/wp-content\/uploads\/2018\/08\/descarga-1.jpg 259w, https:\/\/comunidadtextil.com\/wpnews\/wp-content\/uploads\/2018\/08\/descarga-1-150x113.jpg 150w\" sizes=\"auto, (max-width: 240px) 100vw, 240px\" \/><\/a>La fabricaci\u00f3n de productos textiles, por su parte, anot\u00f3 un incremento moderado en el primer semestre. Sus exportaciones aumentaron un 1,9%, sumando US$ 123 millones. Por el contrario, el sector del cuero, calzado y bolsos fue la \u00fanica categor\u00eda de la industria colombiana de la moda que contrajo sus ventas en el extranjero durante los primeros seis meses.<\/p>\n<p>En el primer semestre, las exportaciones del cuero, fabricaci\u00f3n de calzado y bolsos de cuero y piel se contrajeron un 8,6%, hasta US$ 79,5 millones. El sector sigue siendo la categor\u00eda de la industria colombiana con menos peso en las ventas externas.<br \/>\n&#8212;&#8212;&#8212;&#8212;&#8212;&#8212;&#8212;&#8212;&#8212;&#8212;&#8212;&#8212;&#8212;<br \/>\nModaes \/ Comunidad Textil<\/p>\n<p dir=\"ltr\">\u2014\u2014\u2014\u2014\u2014\u2014\u2014\u2014\u2014\u2014\u2014\u2014\u2014\u2014\u2014\u2014\u2014\u2014\u2014\u2014\u2014\u2014\u2014\u2014\u2014\u2014\u2014\u2014\u2014\u2014\u2014\u2014\u2014\u2014\u2014\u2014\u2014\u2014\u2014\u2014\u2014\u2014\u2014\u2014<\/p>\n<p dir=\"ltr\">Para comunicarse con ComunidadTextil: <span style=\"color: #3366ff;\"><a style=\"color: #3366ff;\" href=\"mailto:contacto@comunidadtextil.com\">contacto@comunidadtextil.com<\/a><\/span><\/p>\n<table border=\"0\" width=\"460\">\n<tbody>\n<tr>\n<td width=\"300\"><a href=\"http:\/\/bit.ly\/2rGT8NO\" target=\"_blank\" rel=\"noopener noreferrer\"><img loading=\"lazy\" decoding=\"async\" src=\"\/publicidad\/banner-kapmetal.jpg\" width=\"300\" height=\"200\" \/><\/a><\/td>\n<td width=\"171\"><a href=\"http:\/\/gotexshow.com.br\/\" target=\"_blank\" rel=\"noopener noreferrer\"><img loading=\"lazy\" decoding=\"async\" src=\"\/publicidad\/gotex2018ct.gif\" alt=\"\" width=\"300\" height=\"200\" \/><\/a><\/td>\n<\/tr>\n<\/tbody>\n<\/table>\n","protected":false},"excerpt":{"rendered":"<p>Las exportaciones colombianas de moda crecieron un 4,2% en el primer semestre. El sector experiment\u00f3 en junio su segunda mayor suba de 2018, acumulando en el a\u00f1o ventas por US$ 420,1 millones. La industria colombiana de la moda se recupera en el extranjero. Tras cerrar el ejercicio 2017 en baja, las ventas de prendas de [&hellip;]<\/p>\n","protected":false},"author":1924,"featured_media":0,"comment_status":"closed","ping_status":"closed","sticky":false,"template":"","format":"standard","meta":{"footnotes":""},"categories":[52,58],"tags":[],"class_list":["post-6226","post","type-post","status-publish","format-standard","hentry","category-industria-de-la-confeccion","category-noticias-de-america-latina","count-0","even alt","author-adminct","last"],"_links":{"self":[{"href":"https:\/\/comunidadtextil.com\/wpnews\/wp-json\/wp\/v2\/posts\/6226","targetHints":{"allow":["GET"]}}],"collection":[{"href":"https:\/\/comunidadtextil.com\/wpnews\/wp-json\/wp\/v2\/posts"}],"about":[{"href":"https:\/\/comunidadtextil.com\/wpnews\/wp-json\/wp\/v2\/types\/post"}],"author":[{"embeddable":true,"href":"https:\/\/comunidadtextil.com\/wpnews\/wp-json\/wp\/v2\/users\/1924"}],"replies":[{"embeddable":true,"href":"https:\/\/comunidadtextil.com\/wpnews\/wp-json\/wp\/v2\/comments?post=6226"}],"version-history":[{"count":3,"href":"https:\/\/comunidadtextil.com\/wpnews\/wp-json\/wp\/v2\/posts\/6226\/revisions"}],"predecessor-version":[{"id":6229,"href":"https:\/\/comunidadtextil.com\/wpnews\/wp-json\/wp\/v2\/posts\/6226\/revisions\/6229"}],"wp:attachment":[{"href":"https:\/\/comunidadtextil.com\/wpnews\/wp-json\/wp\/v2\/media?parent=6226"}],"wp:term":[{"taxonomy":"category","embeddable":true,"href":"https:\/\/comunidadtextil.com\/wpnews\/wp-json\/wp\/v2\/categories?post=6226"},{"taxonomy":"post_tag","embeddable":true,"href":"https:\/\/comunidadtextil.com\/wpnews\/wp-json\/wp\/v2\/tags?post=6226"}],"curies":[{"name":"wp","href":"https:\/\/api.w.org\/{rel}","templated":true}]}}