{"id":5768,"date":"2018-05-09T16:03:56","date_gmt":"2018-05-09T19:03:56","guid":{"rendered":"http:\/\/comunidadtextil.com\/wpnews\/?p=5768"},"modified":"2018-05-09T16:03:56","modified_gmt":"2018-05-09T19:03:56","slug":"las-grandes-marcas-ajustan-el-control-de-los-disenos-para-no-sufrir-nuevos-bochornos","status":"publish","type":"post","link":"https:\/\/comunidadtextil.com\/wpnews\/2018\/05\/las-grandes-marcas-ajustan-el-control-de-los-disenos-para-no-sufrir-nuevos-bochornos\/","title":{"rendered":"Las grandes marcas ajustan el control de los dise\u00f1os para no sufrir nuevos bochornos"},"content":{"rendered":"<p>Las grandes marcas de ropa revisan el sistema de control de sus dise\u00f1os ante acusaciones de discriminaci\u00f3n y racismo. Luego de los recientes problemas de prendas con mensajes agresivos, se reforzaron los procesos de aprobaci\u00f3n. Tambi\u00e9n sumaron algoritmos que hacen chequeos autom\u00e1ticos.<\/p>\n<p>De vez en cuando, sumergidos en el torrente de ropa industrial que entra en los comercios, se destacan algunos motivos de dise\u00f1o de escandaloso y de los que muchos llaman \u201cmal gusto\u201d, surgieron de dise\u00f1adores presionados por la exigencia de vender m\u00e1s.<\/p>\n<div id=\"attachment_5757\" style=\"width: 254px\" class=\"wp-caption alignright\"><a href=\"https:\/\/comunidadtextil.com\/wpnews\/wp-content\/uploads\/2018\/05\/Dise\u00f1adores-de-Zara-tomaron-el-tema-del-Holocausto-para-un-top-de-la-marca._2-.jpg\"><img loading=\"lazy\" decoding=\"async\" aria-describedby=\"caption-attachment-5757\" class=\" wp-image-5757\" src=\"https:\/\/comunidadtextil.com\/wpnews\/wp-content\/uploads\/2018\/05\/Dise\u00f1adores-de-Zara-tomaron-el-tema-del-Holocausto-para-un-top-de-la-marca._2--300x225.jpg\" alt=\"\" width=\"244\" height=\"183\" srcset=\"https:\/\/comunidadtextil.com\/wpnews\/wp-content\/uploads\/2018\/05\/Dise\u00f1adores-de-Zara-tomaron-el-tema-del-Holocausto-para-un-top-de-la-marca._2--300x225.jpg 300w, https:\/\/comunidadtextil.com\/wpnews\/wp-content\/uploads\/2018\/05\/Dise\u00f1adores-de-Zara-tomaron-el-tema-del-Holocausto-para-un-top-de-la-marca._2--150x113.jpg 150w, https:\/\/comunidadtextil.com\/wpnews\/wp-content\/uploads\/2018\/05\/Dise\u00f1adores-de-Zara-tomaron-el-tema-del-Holocausto-para-un-top-de-la-marca._2-.jpg 600w\" sizes=\"auto, (max-width: 244px) 100vw, 244px\" \/><\/a><p id=\"caption-attachment-5757\" class=\"wp-caption-text\">Dise\u00f1adores de Zara tomaron el tema del Holocausto para un top de la marca<\/p><\/div>\n<p>Una camisa que equipara las mujeres a los perros en Topman, s\u00edmbolos del Holocausto en un top de Zara, un slogan que trivializa el consentimiento sexual en una prenda de Forever 21, o palabras como \u201cesclavo\u201d y \u201cputa\u201d utilizadas como elementos decorativos en remeras de ASOS y Missguided han generado sucesivos esc\u00e1ndalos que han decidido evitar en el futuro.<\/p>\n<p>Las marcas, aunque hagan sus mea culpas, rara vez explican c\u00f3mo llegan a producirse esas barbaridades. Por lo visto, antes de que lleguen a las tiendas y a los consumidores, los dise\u00f1os escandalosos pasan inadvertidos ante numerosos jefes de compras, dise\u00f1adores, modistas, personal de marketing y gerentes.<\/p>\n<p>Los expertos en venta minorista le echan la culpa a un mercado competitivo muy caldeado en el que las grandes firmas, muchas de ellas radicadas en Europa, se ven muy exigidas para satisfacer a una base de consumidores globales. Se dice que \u00e9stos se aburren f\u00e1cilmente, son extremadamente exigentes y pueden comprar casi de todo a trav\u00e9s del comercio electr\u00f3nico. Muchas de las marcas eligen una actitud displicente: producir en masa ahora y pedir disculpas m\u00e1s adelante.<\/p>\n<p>El problema no se limita a la moda. La \u00faltima semana de marzo, Heineken de EE.UU. retir\u00f3 una serie de comerciales de cerveza light con el slogan \u201ca veces, m\u00e1s light es mejor\u201d (\u2018light\u2019 significa \u2018liviano\u2019 pero tambi\u00e9n \u2018claro\u2019 en ingl\u00e9s), debido a que uno de esos cortos publicitarios despert\u00f3 cr\u00edticas por consider\u00e1rselo racista.<\/p>\n<div id=\"attachment_5758\" style=\"width: 257px\" class=\"wp-caption alignleft\"><a href=\"https:\/\/comunidadtextil.com\/wpnews\/wp-content\/uploads\/2018\/05\/prendas-rechazadas.jpg\"><img loading=\"lazy\" decoding=\"async\" aria-describedby=\"caption-attachment-5758\" class=\" wp-image-5758\" src=\"https:\/\/comunidadtextil.com\/wpnews\/wp-content\/uploads\/2018\/05\/prendas-rechazadas-300x136.jpg\" alt=\"\" width=\"247\" height=\"112\" srcset=\"https:\/\/comunidadtextil.com\/wpnews\/wp-content\/uploads\/2018\/05\/prendas-rechazadas-300x136.jpg 300w, https:\/\/comunidadtextil.com\/wpnews\/wp-content\/uploads\/2018\/05\/prendas-rechazadas-150x68.jpg 150w, https:\/\/comunidadtextil.com\/wpnews\/wp-content\/uploads\/2018\/05\/prendas-rechazadas.jpg 660w\" sizes=\"auto, (max-width: 247px) 100vw, 247px\" \/><\/a><p id=\"caption-attachment-5758\" class=\"wp-caption-text\">Estas prendas fueron rechazadas porque dicen &#8216;Bonita y perfecta &#8211; Eso dice pap\u00e1&#8217;, para ni\u00f1a, y &#8216;Divertido e inteligente &#8211; Eso dice mam\u00e1&#8217;, para ni\u00f1o.<\/p><\/div>\n<p>Debido a su f\u00e1cil acceso a los medios sociales, los compradores tienen cada vez m\u00e1s conciencia -y se quejan m\u00e1s- de lo que constituyen apropiaciones culturales, mensajes despectivos y referencias faltas de consideraci\u00f3n. En respuesta, diversas firmas minoristas dicen que est\u00e1n reforzando el proceso de aprobaci\u00f3n de dise\u00f1os e invirtiendo en tecnolog\u00eda digital de selecci\u00f3n.<\/p>\n<p>Sin embargo, los motivos desagradables en la ropa probablemente sigan col\u00e1ndose en los estantes de los negocios. Dicen expertos industriales que el entrenamiento en percepci\u00f3n de cuestiones culturales y las t\u00e9cnicas de muestreo virtual que realizan controles puntuales en los productos no pueden llegar m\u00e1s lejos en una actividad marcada por tendencias que cambian r\u00e1pido y por la alta rotaci\u00f3n de empleados.<\/p>\n<p>A principios de a\u00f1o, H&amp;M, uno de los mayores negocios de venta minorista de ropa en el mundo y reiterado infractor, recibi\u00f3 un llamado de atenci\u00f3n por un buzo con capucha que ten\u00eda la leyenda \u201cel mono m\u00e1s cool de la selva\u201d, cuyo modelo en los elementos de marketing era un muchachito negro. La frase, que ha sido usada para deshumanizar a las personas negras, levant\u00f3 protestas en comercios de Sud\u00e1frica.<\/p>\n<div id=\"attachment_5756\" style=\"width: 205px\" class=\"wp-caption alignright\"><a href=\"https:\/\/comunidadtextil.com\/wpnews\/wp-content\/uploads\/2018\/05\/Prenda-con-la-leyenda-claramente-discriminatoria.jpg\"><img loading=\"lazy\" decoding=\"async\" aria-describedby=\"caption-attachment-5756\" class=\" wp-image-5756\" src=\"https:\/\/comunidadtextil.com\/wpnews\/wp-content\/uploads\/2018\/05\/Prenda-con-la-leyenda-claramente-discriminatoria-238x300.jpg\" alt=\"\" width=\"195\" height=\"246\" srcset=\"https:\/\/comunidadtextil.com\/wpnews\/wp-content\/uploads\/2018\/05\/Prenda-con-la-leyenda-claramente-discriminatoria-238x300.jpg 238w, https:\/\/comunidadtextil.com\/wpnews\/wp-content\/uploads\/2018\/05\/Prenda-con-la-leyenda-claramente-discriminatoria-119x150.jpg 119w, https:\/\/comunidadtextil.com\/wpnews\/wp-content\/uploads\/2018\/05\/Prenda-con-la-leyenda-claramente-discriminatoria.jpg 454w\" sizes=\"auto, (max-width: 195px) 100vw, 195px\" \/><\/a><p id=\"caption-attachment-5756\" class=\"wp-caption-text\">Prenda con la leyenda claramente discriminatoria<\/p><\/div>\n<p>Hace algunos meses, a lo largo de todo un largo d\u00eda de modelar y fotografiar productos para el website de H&amp;M, nadie en el set de Estocolmo demostr\u00f3 preocuparse por uno m\u00e1s de los \u00edtems con los que trabajaban, el buzo con capucha del mensaje ofensivo, de acuerdo con lo informado por una persona familiarizada con ese proceso.<\/p>\n<p>Las cr\u00edticas dijeron que la prenda podr\u00eda haberse descartado si el equipo de H&amp;M hubiese sido tenido una composici\u00f3n m\u00e1s diversa.<\/p>\n<p>\u201cEs muy f\u00e1cil evitar controversias de este tipo\u201d, declar\u00f3 Angel Sinclair, fundadora de la agrupaci\u00f3n defensora Models of Diversity. \u201cSi te importa ser culturalmente sensible, sencillamente, incorpora a tu actividad un abanico de especialistas y administradores m\u00e1s variado e inclusivo.\u201d H&amp;M tiene m\u00e1s de 100.000 empleados en todo el mundo. Pero todo el personal de este gigante de la moda es blanco. Y dicen expertos en venta al p\u00fablico que gran parte del proceso creativo tiene lugar en la casa central en Europa y cerca de all\u00ed, lejos de muchos de sus mercados.<\/p>\n<p>A ra\u00edz de eso, H&amp;M seleccion\u00f3 a una abogada de su propia compa\u00f1\u00eda, Annie Wu, para dirigir un equipo nuevo de cuatro integrantes en su sede central de Estocolmo, orientado a diversidad global e inclusi\u00f3n.<\/p>\n<p>Las empresas de moda r\u00e1pida, que se especializan en ropa de producci\u00f3n veloz y que han crecido m\u00e1s aceleradamente que toda la industria de la indumentaria durante a\u00f1os, se ven presionadas a ser m\u00e1s prol\u00edficas y provocativas a medida que la venta de sus productos traspasa un mayor n\u00famero de fronteras.<\/p>\n<p>H&amp;M, que a\u00f1adi\u00f3 479 comercios a los que ya ten\u00eda el a\u00f1o pasado, tiene ahora m\u00e1s de 4.000 punto de venta en decenas de pa\u00edses. Inditex, la enorme empresa matriz propietaria de Zara, tiene m\u00e1s de 7.500 tiendas en 94 pa\u00edses.<\/p>\n<p>Zara terceriza la creaci\u00f3n de una peque\u00f1a parte de sus dise\u00f1os -apenas el 2% de los 20.000 que produce por a\u00f1o- y todos pasan por numerosas evaluaciones antes de salir a la venta. Pero algunas de las creaciones tercerizadas han resultado problem\u00e1ticas.<\/p>\n<p>Cuando la producci\u00f3n para la industria de la moda se subcontrata, \u201chay mucho menos control, mucho menos supervisi\u00f3n e intervenci\u00f3n de la compa\u00f1\u00eda en cada paso del proceso\u201d, dijo Felipe Caro, profesor de la c\u00e1tedra de Negocios en la sede de Los \u00c1ngeles de la Universidad de California, que estudia a Zara desde hace a\u00f1os.<br \/>\n&#8212;&#8212;&#8212;&#8212;&#8212;&#8212;&#8212;&#8212;&#8212;&#8212;&#8212;&#8212;&#8212;&#8212;&#8212;&#8212;&#8212;&#8212;&#8211;<br \/>\nThe New York Times \/ Comunidad Textil<\/p>\n<p dir=\"ltr\">\u2014\u2014\u2014\u2014\u2014\u2014\u2014\u2014\u2014\u2014\u2014\u2014\u2014\u2014\u2014\u2014\u2014\u2014\u2014\u2014\u2014\u2014\u2014\u2014\u2014\u2014\u2014\u2014\u2014\u2014\u2014\u2014\u2014\u2014\u2014\u2014\u2014\u2014\u2014\u2014\u2014\u2014\u2014\u2014<\/p>\n<p dir=\"ltr\">Para comunicarse con ComunidadTextil: <span style=\"color: #3366ff;\"><a style=\"color: #3366ff;\" href=\"mailto:contacto@comunidadtextil.com\">contacto@comunidadtextil.com<\/a><\/span><\/p>\n<table border=\"0\" width=\"460\">\n<tbody>\n<tr>\n<td width=\"300\"><a href=\"http:\/\/bit.ly\/2roUAoq\" target=\"_blank\" rel=\"noopener noreferrer\"><img loading=\"lazy\" decoding=\"async\" src=\"http:\/\/comunidadtextil.com\/cursos300x200.jpg\" alt=\"\" width=\"300\" height=\"200\" border=\"0\" \/><\/a><\/td>\n<td width=\"300\"><a href=\"http:\/\/bit.ly\/2tYQMZ1\" target=\"_blank\" rel=\"noopener noreferrer\"><img loading=\"lazy\" decoding=\"async\" src=\"\/publicidad\/empresrl072017.gif\" alt=\"\" width=\"300\" height=\"200\" border=\"0\" \/><\/a><\/td>\n<\/tr>\n<\/tbody>\n<\/table>\n","protected":false},"excerpt":{"rendered":"<p>Las grandes marcas de ropa revisan el sistema de control de sus dise\u00f1os ante acusaciones de discriminaci\u00f3n y racismo. Luego de los recientes problemas de prendas con mensajes agresivos, se reforzaron los procesos de aprobaci\u00f3n. Tambi\u00e9n sumaron algoritmos que hacen chequeos autom\u00e1ticos. De vez en cuando, sumergidos en el torrente de ropa industrial que entra [&hellip;]<\/p>\n","protected":false},"author":1924,"featured_media":0,"comment_status":"closed","ping_status":"closed","sticky":false,"template":"","format":"standard","meta":{"footnotes":""},"categories":[49],"tags":[],"class_list":["post-5768","post","type-post","status-publish","format-standard","hentry","category-empresas-negocios","count-0","even alt","author-adminct","last"],"_links":{"self":[{"href":"https:\/\/comunidadtextil.com\/wpnews\/wp-json\/wp\/v2\/posts\/5768","targetHints":{"allow":["GET"]}}],"collection":[{"href":"https:\/\/comunidadtextil.com\/wpnews\/wp-json\/wp\/v2\/posts"}],"about":[{"href":"https:\/\/comunidadtextil.com\/wpnews\/wp-json\/wp\/v2\/types\/post"}],"author":[{"embeddable":true,"href":"https:\/\/comunidadtextil.com\/wpnews\/wp-json\/wp\/v2\/users\/1924"}],"replies":[{"embeddable":true,"href":"https:\/\/comunidadtextil.com\/wpnews\/wp-json\/wp\/v2\/comments?post=5768"}],"version-history":[{"count":2,"href":"https:\/\/comunidadtextil.com\/wpnews\/wp-json\/wp\/v2\/posts\/5768\/revisions"}],"predecessor-version":[{"id":5770,"href":"https:\/\/comunidadtextil.com\/wpnews\/wp-json\/wp\/v2\/posts\/5768\/revisions\/5770"}],"wp:attachment":[{"href":"https:\/\/comunidadtextil.com\/wpnews\/wp-json\/wp\/v2\/media?parent=5768"}],"wp:term":[{"taxonomy":"category","embeddable":true,"href":"https:\/\/comunidadtextil.com\/wpnews\/wp-json\/wp\/v2\/categories?post=5768"},{"taxonomy":"post_tag","embeddable":true,"href":"https:\/\/comunidadtextil.com\/wpnews\/wp-json\/wp\/v2\/tags?post=5768"}],"curies":[{"name":"wp","href":"https:\/\/api.w.org\/{rel}","templated":true}]}}