{"id":4659,"date":"2017-09-14T11:26:36","date_gmt":"2017-09-14T14:26:36","guid":{"rendered":"http:\/\/comunidadtextil.com\/wpnews\/?p=4659"},"modified":"2017-09-14T11:27:35","modified_gmt":"2017-09-14T14:27:35","slug":"el-sector-textil-indumentaria-de-argentina-se-prepara-para-la-edicion-de-protextil-17","status":"publish","type":"post","link":"https:\/\/comunidadtextil.com\/wpnews\/2017\/09\/el-sector-textil-indumentaria-de-argentina-se-prepara-para-la-edicion-de-protextil-17\/","title":{"rendered":"El sector textil \/ indumentaria de Argentina se prepara para la edici\u00f3n de PROTEXTIL 17"},"content":{"rendered":"<div id=\"attachment_4644\" style=\"width: 260px\" class=\"wp-caption alignright\"><a href=\"https:\/\/comunidadtextil.com\/wpnews\/wp-content\/uploads\/2017\/09\/Ing.-Jorge-Sorabilla-presidente-de-la-Fundaci\u00f3n-ProTejer-.jpg\"><img loading=\"lazy\" decoding=\"async\" aria-describedby=\"caption-attachment-4644\" class=\" wp-image-4644\" src=\"https:\/\/comunidadtextil.com\/wpnews\/wp-content\/uploads\/2017\/09\/Ing.-Jorge-Sorabilla-presidente-de-la-Fundaci\u00f3n-ProTejer--300x169.jpg\" alt=\"\" width=\"250\" height=\"141\" srcset=\"https:\/\/comunidadtextil.com\/wpnews\/wp-content\/uploads\/2017\/09\/Ing.-Jorge-Sorabilla-presidente-de-la-Fundaci\u00f3n-ProTejer--300x169.jpg 300w, https:\/\/comunidadtextil.com\/wpnews\/wp-content\/uploads\/2017\/09\/Ing.-Jorge-Sorabilla-presidente-de-la-Fundaci\u00f3n-ProTejer--768x432.jpg 768w, https:\/\/comunidadtextil.com\/wpnews\/wp-content\/uploads\/2017\/09\/Ing.-Jorge-Sorabilla-presidente-de-la-Fundaci\u00f3n-ProTejer--150x84.jpg 150w, https:\/\/comunidadtextil.com\/wpnews\/wp-content\/uploads\/2017\/09\/Ing.-Jorge-Sorabilla-presidente-de-la-Fundaci\u00f3n-ProTejer-.jpg 960w\" sizes=\"auto, (max-width: 250px) 100vw, 250px\" \/><\/a><p id=\"caption-attachment-4644\" class=\"wp-caption-text\">Ing. Jorge Sorabilla, presidente de la Fundaci\u00f3n ProTejer<\/p><\/div>\n<p>Una vez m\u00e1s la Fundaci\u00f3n ProTejer de Argentina realizar\u00e1 su conferencia PROTEXTIL, en su 13\u00ba edici\u00f3n . Esta evento llamado \u201cConvenci\u00f3n de la Agro Industria Textil &amp; de Indumentaria Argentina\u201d, tendr\u00e1 lugar el lunes 25 de septiembre en el Sal\u00f3n Pac\u00edfico del hotel Hilton Buenos Aires, de 14 a 18 hs.<\/p>\n<p>De este modo, el sector del textil e indumentaria de Argentina se reunir\u00e1 a debatir importantes temas de la agenda empresaria que ocupan a todos los eslabones de la gran cadena de valor.<\/p>\n<div id=\"attachment_4647\" style=\"width: 252px\" class=\"wp-caption alignleft\"><a href=\"https:\/\/comunidadtextil.com\/wpnews\/wp-content\/uploads\/2017\/09\/Ariel-Schale-director-ejecutivo-de-la-Fundaci\u00f3n-ProTejer._2-.jpg\"><img loading=\"lazy\" decoding=\"async\" aria-describedby=\"caption-attachment-4647\" class=\" wp-image-4647\" src=\"https:\/\/comunidadtextil.com\/wpnews\/wp-content\/uploads\/2017\/09\/Ariel-Schale-director-ejecutivo-de-la-Fundaci\u00f3n-ProTejer._2--300x268.jpg\" alt=\"\" width=\"242\" height=\"216\" srcset=\"https:\/\/comunidadtextil.com\/wpnews\/wp-content\/uploads\/2017\/09\/Ariel-Schale-director-ejecutivo-de-la-Fundaci\u00f3n-ProTejer._2--300x268.jpg 300w, https:\/\/comunidadtextil.com\/wpnews\/wp-content\/uploads\/2017\/09\/Ariel-Schale-director-ejecutivo-de-la-Fundaci\u00f3n-ProTejer._2--150x134.jpg 150w, https:\/\/comunidadtextil.com\/wpnews\/wp-content\/uploads\/2017\/09\/Ariel-Schale-director-ejecutivo-de-la-Fundaci\u00f3n-ProTejer._2-.jpg 447w\" sizes=\"auto, (max-width: 242px) 100vw, 242px\" \/><\/a><p id=\"caption-attachment-4647\" class=\"wp-caption-text\">Ariel Schale, director ejecutivo de la Fundaci\u00f3n ProTejer<\/p><\/div>\n<p>Producto de una gran labor desarrollada en el pa\u00eds por la Fundaci\u00f3n ProTejer desde el a\u00f1o 2003, es que la industria textil ha logrado posicionarse y fortalecerse, recuperando el orgullo de pertenencia de ser textiles.<\/p>\n<p>Por esto PROTEXTIL se ha convertido en un cl\u00e1sico encuentro nacional de la industria textil e indumentaria a la que asisten industriales, empresarios, dirigentes de entidades intermedias, periodistas, funcionarios pol\u00edticos, dise\u00f1adores, estudiantes, profesores y emprendedores, para compartir una jornada en la que se abordan tem\u00e1ticas comunes a toda la cadena de valor.<\/p>\n<p>Como todos los a\u00f1os, la Fundaci\u00f3n ProTejer desarrollar\u00e1 un evento en el que se brindar\u00e1 una amplia de informaci\u00f3n econ\u00f3mica \u2013 sectorial, elaborada por el equipo profesional de la entidad y acercar las opiniones de importantes exponentes afines al desarrollo de la industria.<\/p>\n<div id=\"attachment_4646\" style=\"width: 242px\" class=\"wp-caption alignright\"><a href=\"https:\/\/comunidadtextil.com\/wpnews\/wp-content\/uploads\/2017\/09\/Alejandro-Bercovich-ser\u00e1-el-moderador-del-debate-961.jpg\"><img loading=\"lazy\" decoding=\"async\" aria-describedby=\"caption-attachment-4646\" class=\" wp-image-4646\" src=\"https:\/\/comunidadtextil.com\/wpnews\/wp-content\/uploads\/2017\/09\/Alejandro-Bercovich-ser\u00e1-el-moderador-del-debate-961-300x225.jpg\" alt=\"\" width=\"232\" height=\"174\" srcset=\"https:\/\/comunidadtextil.com\/wpnews\/wp-content\/uploads\/2017\/09\/Alejandro-Bercovich-ser\u00e1-el-moderador-del-debate-961-300x225.jpg 300w, https:\/\/comunidadtextil.com\/wpnews\/wp-content\/uploads\/2017\/09\/Alejandro-Bercovich-ser\u00e1-el-moderador-del-debate-961-768x576.jpg 768w, https:\/\/comunidadtextil.com\/wpnews\/wp-content\/uploads\/2017\/09\/Alejandro-Bercovich-ser\u00e1-el-moderador-del-debate-961-1024x768.jpg 1024w, https:\/\/comunidadtextil.com\/wpnews\/wp-content\/uploads\/2017\/09\/Alejandro-Bercovich-ser\u00e1-el-moderador-del-debate-961-150x112.jpg 150w, https:\/\/comunidadtextil.com\/wpnews\/wp-content\/uploads\/2017\/09\/Alejandro-Bercovich-ser\u00e1-el-moderador-del-debate-961.jpg 1091w\" sizes=\"auto, (max-width: 232px) 100vw, 232px\" \/><\/a><p id=\"caption-attachment-4646\" class=\"wp-caption-text\">Alejandro Bercovich ser\u00e1 el moderador del debate<\/p><\/div>\n<p>El programa que se desarrollar\u00e1 el 25 de septiembre ser\u00e1 el siguiente:<\/p>\n<p><strong>PROGRAMA<\/strong><\/p>\n<p>14:00 <strong>Acreditaci\u00f3n<\/strong><\/p>\n<p>14:45 Apertura e Inauguraci\u00f3n<br \/>\n15:00 Discurso del presidente de la Fundaci\u00f3n Pro Tejer<br \/>\n15:20 Mesa de debate: <strong>Perspectivas macroecon\u00f3micas y desarrollo industrial en la Argentina<\/strong><br \/>\nParticipan:<br \/>\n&#8211; Mat\u00edas Kulfas. Director de la Consultora Idear Desarrollo<br \/>\n&#8211; Daniel Schteingart. Doctor en sociolog\u00eda, becario postdoctoral en CONICET y especialista en desarrollo econ\u00f3mico<br \/>\n&#8211; Diego Coatz. Director Ejecutivo y Economista Jefe de la Uni\u00f3n Industrial Argentina<br \/>\nModerador: Alejandro Bercovich<\/p>\n<p>16:00 <strong>Coffee Break<\/strong><\/p>\n<p>16:30 Puesta esc\u00e9nica sobre el precio de la ropa<br \/>\n16:45 <strong>Diagn\u00f3stico de la Cadena de valor Agro Textil &amp; de Indumentaria de Argentina<\/strong><br \/>\n&#8211; Lic. Ariel Schale. Director Ejecutivo de la Fundaci\u00f3n Pro Tejer<br \/>\n&#8211; Lic. Julieta Loustau. Economista Jefe de la Fundaci\u00f3n Pro Tejer<\/p>\n<p>17:45 An\u00e1lisis sobre la competitividad y carga fiscal: El caso de Argentina.<br \/>\n&#8211; Ricardo D. Tavieres. Socio a cargo del departamento de Asesoramiento Impositivo y Legal de PwC Argentina<\/p>\n<p>18:00 <strong>Discurso de cierre<\/strong><\/p>\n<p>La actividad es arancelada y para inscripciones y reserva de invitaciones es necesario comunicares con Lorena al tel\u00e9fono (54.11) 47978584 o a la direcci\u00f3n <a href=\"mailto:lorena@fundacionprotejer.com\">lorena@fundacionprotejer.com<\/a> o <a href=\"mailto:protextil@fundacionprotejer.com\">protextil@fundacionprotejer.com<\/a><\/p>\n<p><strong>DATOS CLAVE<\/strong>:<br \/>\nEvento: PROTEXTIL 17<br \/>\nFecha: Lunes 25 de septiembre, de 14 a 18 hs..<br \/>\nLugar: Hotel Hilton Bs As, Macacha G\u00fcemes 351, Buenos Aires. Argentina<br \/>\n&#8212;&#8212;&#8212;&#8212;&#8212;&#8212;&#8212;&#8212;&#8212;&#8212;&#8212;&#8212;&#8212;&#8212;&#8212;&#8212;&#8212;&#8211;<br \/>\nFundaci\u00f3n ProTejer \/ Comunidad Textil<\/p>\n<p dir=\"ltr\">\u2014\u2014\u2014\u2014\u2014\u2014\u2014\u2014\u2014\u2014\u2014\u2014\u2014\u2014\u2014\u2014\u2014\u2014\u2014\u2014\u2014\u2014\u2014\u2014\u2014\u2014\u2014\u2014\u2014\u2014\u2014\u2014\u2014\u2014\u2014\u2014\u2014\u2014\u2014\u2014\u2014\u2014\u2014\u2014<\/p>\n<p dir=\"ltr\">Para comunicarse con ComunidadTextil: <span style=\"color: #3366ff;\"><a style=\"color: #3366ff;\" href=\"mailto:contacto@comunidadtextil.com\">contacto@comunidadtextil.com<\/a><\/span><\/p>\n<table border=\"0\" width=\"460\">\n<tbody>\n<tr>\n<td width=\"300\"><a href=\"http:\/\/www.fundacionprotejer.com\/\" target=\"_blank\" rel=\"noopener noreferrer\"><img loading=\"lazy\" decoding=\"async\" src=\"\/publicidad\/protextil17-300x300.jpg\" width=\"295\" height=\"295\" border=\"0\" \/><\/a><\/td>\n<td width=\"171\"><a href=\"http:\/\/bit.ly\/2sII7vK\" target=\"_blank\" rel=\"noopener noreferrer\"><img loading=\"lazy\" decoding=\"async\" src=\"\/publicidad\/epson\/epson_hzot271.gif\" alt=\"\" width=\"295\" height=\"295\" border=\"0\" \/><\/a><\/td>\n<\/tr>\n<\/tbody>\n<\/table>\n","protected":false},"excerpt":{"rendered":"<p>Una vez m\u00e1s la Fundaci\u00f3n ProTejer de Argentina realizar\u00e1 su conferencia PROTEXTIL, en su 13\u00ba edici\u00f3n . Esta evento llamado \u201cConvenci\u00f3n de la Agro Industria Textil &amp; de Indumentaria Argentina\u201d, tendr\u00e1 lugar el lunes 25 de septiembre en el Sal\u00f3n Pac\u00edfico del hotel Hilton Buenos Aires, de 14 a 18 hs. De este modo, el [&hellip;]<\/p>\n","protected":false},"author":1924,"featured_media":0,"comment_status":"closed","ping_status":"closed","sticky":false,"template":"","format":"standard","meta":{"footnotes":""},"categories":[8,72],"tags":[],"class_list":["post-4659","post","type-post","status-publish","format-standard","hentry","category-argentina","category-conferencias","count-0","even alt","author-adminct","last"],"_links":{"self":[{"href":"https:\/\/comunidadtextil.com\/wpnews\/wp-json\/wp\/v2\/posts\/4659","targetHints":{"allow":["GET"]}}],"collection":[{"href":"https:\/\/comunidadtextil.com\/wpnews\/wp-json\/wp\/v2\/posts"}],"about":[{"href":"https:\/\/comunidadtextil.com\/wpnews\/wp-json\/wp\/v2\/types\/post"}],"author":[{"embeddable":true,"href":"https:\/\/comunidadtextil.com\/wpnews\/wp-json\/wp\/v2\/users\/1924"}],"replies":[{"embeddable":true,"href":"https:\/\/comunidadtextil.com\/wpnews\/wp-json\/wp\/v2\/comments?post=4659"}],"version-history":[{"count":6,"href":"https:\/\/comunidadtextil.com\/wpnews\/wp-json\/wp\/v2\/posts\/4659\/revisions"}],"predecessor-version":[{"id":4665,"href":"https:\/\/comunidadtextil.com\/wpnews\/wp-json\/wp\/v2\/posts\/4659\/revisions\/4665"}],"wp:attachment":[{"href":"https:\/\/comunidadtextil.com\/wpnews\/wp-json\/wp\/v2\/media?parent=4659"}],"wp:term":[{"taxonomy":"category","embeddable":true,"href":"https:\/\/comunidadtextil.com\/wpnews\/wp-json\/wp\/v2\/categories?post=4659"},{"taxonomy":"post_tag","embeddable":true,"href":"https:\/\/comunidadtextil.com\/wpnews\/wp-json\/wp\/v2\/tags?post=4659"}],"curies":[{"name":"wp","href":"https:\/\/api.w.org\/{rel}","templated":true}]}}