{"id":4573,"date":"2017-08-28T15:01:59","date_gmt":"2017-08-28T18:01:59","guid":{"rendered":"http:\/\/comunidadtextil.com\/wpnews\/?p=4573"},"modified":"2017-08-28T15:01:59","modified_gmt":"2017-08-28T18:01:59","slug":"gotex-show-en-san-pablo-presenta-las-colecciones-de-textiles-avios-y-confecciones","status":"publish","type":"post","link":"https:\/\/comunidadtextil.com\/wpnews\/2017\/08\/gotex-show-en-san-pablo-presenta-las-colecciones-de-textiles-avios-y-confecciones\/","title":{"rendered":"Gotex Show en San Pablo presenta las colecciones de textiles, av\u00edos y confecciones"},"content":{"rendered":"<p><a href=\"https:\/\/comunidadtextil.com\/wpnews\/wp-content\/uploads\/2017\/08\/compradores_2.jpg\"><img loading=\"lazy\" decoding=\"async\" class=\"alignright wp-image-4570\" src=\"https:\/\/comunidadtextil.com\/wpnews\/wp-content\/uploads\/2017\/08\/compradores_2-300x171.jpg\" alt=\"\" width=\"245\" height=\"142\" \/><\/a>La 5\u00aa edici\u00f3n del Gotex Show &#8211; Feria Internacional de Productos Textiles, se realizar\u00e1 del 12 al 14 de septiembre, en el Expo Center Norte, en la ciudad de San Pablo. El sal\u00f3n est\u00e1 dedicado al p\u00fablico profesional de minoristas, confecciones, industrias y profesionales.<\/p>\n<p>En esta edici\u00f3n de presentar\u00e1n m\u00e1s de cien marcas expositoras, nacionales y extranjeras, presentando las tendencias y novedades para el mercado. Adem\u00e1s de la exposici\u00f3n de los productos, eventos paralelos de contenido tambi\u00e9n est\u00e1n previstos para enriquecer la programaci\u00f3n de moda de la feria. Entre los temas de las charlas gratuitas estar\u00e1n el marketing digital para indumentaria, proceso productivo en la industria de confecci\u00f3n y e-commerce en el mercado textil.<\/p>\n<table>\n<tbody>\n<tr>\n<td><a href=\"https:\/\/comunidadtextil.com\/wpnews\/wp-content\/uploads\/2017\/08\/jessica-jin.jpg\"><img loading=\"lazy\" decoding=\"async\" class=\"aligncenter size-medium wp-image-4572\" src=\"https:\/\/comunidadtextil.com\/wpnews\/wp-content\/uploads\/2017\/08\/jessica-jin-300x200.jpg\" alt=\"\" width=\"300\" height=\"200\" srcset=\"https:\/\/comunidadtextil.com\/wpnews\/wp-content\/uploads\/2017\/08\/jessica-jin-300x200.jpg 300w, https:\/\/comunidadtextil.com\/wpnews\/wp-content\/uploads\/2017\/08\/jessica-jin-768x511.jpg 768w, https:\/\/comunidadtextil.com\/wpnews\/wp-content\/uploads\/2017\/08\/jessica-jin-150x100.jpg 150w, https:\/\/comunidadtextil.com\/wpnews\/wp-content\/uploads\/2017\/08\/jessica-jin.jpg 1021w\" sizes=\"auto, (max-width: 300px) 100vw, 300px\" \/><\/a><\/td>\n<td><a href=\"https:\/\/comunidadtextil.com\/wpnews\/wp-content\/uploads\/2017\/08\/DRZ_6489.jpg\"><img loading=\"lazy\" decoding=\"async\" class=\"aligncenter size-medium wp-image-4571\" src=\"https:\/\/comunidadtextil.com\/wpnews\/wp-content\/uploads\/2017\/08\/DRZ_6489-300x200.jpg\" alt=\"\" width=\"300\" height=\"200\" srcset=\"https:\/\/comunidadtextil.com\/wpnews\/wp-content\/uploads\/2017\/08\/DRZ_6489-300x200.jpg 300w, https:\/\/comunidadtextil.com\/wpnews\/wp-content\/uploads\/2017\/08\/DRZ_6489-768x513.jpg 768w, https:\/\/comunidadtextil.com\/wpnews\/wp-content\/uploads\/2017\/08\/DRZ_6489-1024x684.jpg 1024w, https:\/\/comunidadtextil.com\/wpnews\/wp-content\/uploads\/2017\/08\/DRZ_6489-150x100.jpg 150w, https:\/\/comunidadtextil.com\/wpnews\/wp-content\/uploads\/2017\/08\/DRZ_6489.jpg 1200w\" sizes=\"auto, (max-width: 300px) 100vw, 300px\" \/><\/a><\/td>\n<\/tr>\n<\/tbody>\n<\/table>\n<p>Datos Clave<br \/>\nFeria: <strong>5\u00aa GOTEX SHOW &#8211; Feira Internacional de Produtos T\u00eaxteis<\/strong><br \/>\nFecha: <strong>12 a 14 de setembro de 2017 Martes y mi\u00e9rcoles de 10 a 19 y jueves de 10 a 18.<\/strong><br \/>\nLugar: <strong>Expo Center Norte (Pabell\u00f3n Amarillo). San Pablo, Brasil<\/strong><br \/>\nWeb: <a href=\"http:\/\/www.gotexshow.com.br\">www.gotexshow.com.br<\/a><br \/>\n&#8212;&#8212;&#8212;&#8212;&#8212;&#8212;&#8212;&#8212;&#8212;&#8212;&#8212;&#8212;&#8212;&#8212;-<br \/>\nGotex Show \/ Comunidad Textil<\/p>\n<p dir=\"ltr\">\u2014\u2014\u2014\u2014\u2014\u2014\u2014\u2014\u2014\u2014\u2014\u2014\u2014\u2014\u2014\u2014\u2014\u2014\u2014\u2014\u2014\u2014\u2014\u2014\u2014\u2014\u2014\u2014\u2014\u2014\u2014\u2014\u2014\u2014\u2014\u2014\u2014\u2014\u2014\u2014\u2014\u2014\u2014\u2014<\/p>\n<p dir=\"ltr\">Para comunicarse con ComunidadTextil: <span style=\"color: #3366ff;\"><a style=\"color: #3366ff;\" href=\"mailto:contacto@comunidadtextil.com\">contacto@comunidadtextil.com<\/a><\/span><\/p>\n<table border=\"0\" width=\"460\">\n<tbody>\n<tr>\n<td width=\"300\"><a href=\"http:\/\/gotexshow.com.br\/\" target=\"_blank\"><img loading=\"lazy\" decoding=\"async\" src=\"\/publicidad\/gotex-sept2017.GIF\" alt=\"\" width=\"300\" height=\"200\" border=\"0\" \/><\/a><\/td>\n<td width=\"171\"><a href=\"http:\/\/www.fundacionprotejer.com\/\" target=\"_blank\" rel=\"noopener noreferrer\"><img decoding=\"async\" src=\"\/publicidad\/protextil17-300x300.jpg\" width=\"290\" height=\"auto\" border=\"0\" \/><\/a><\/td>\n<\/tr>\n<\/tbody>\n<\/table>\n","protected":false},"excerpt":{"rendered":"<p>La 5\u00aa edici\u00f3n del Gotex Show &#8211; Feria Internacional de Productos Textiles, se realizar\u00e1 del 12 al 14 de septiembre, en el Expo Center Norte, en la ciudad de San Pablo. El sal\u00f3n est\u00e1 dedicado al p\u00fablico profesional de minoristas, confecciones, industrias y profesionales. En esta edici\u00f3n de presentar\u00e1n m\u00e1s de cien marcas expositoras, nacionales [&hellip;]<\/p>\n","protected":false},"author":1924,"featured_media":0,"comment_status":"closed","ping_status":"closed","sticky":false,"template":"","format":"standard","meta":{"footnotes":""},"categories":[9,50],"tags":[],"class_list":["post-4573","post","type-post","status-publish","format-standard","hentry","category-ferias","category-ferias-proximas","count-0","even alt","author-adminct","last"],"_links":{"self":[{"href":"https:\/\/comunidadtextil.com\/wpnews\/wp-json\/wp\/v2\/posts\/4573","targetHints":{"allow":["GET"]}}],"collection":[{"href":"https:\/\/comunidadtextil.com\/wpnews\/wp-json\/wp\/v2\/posts"}],"about":[{"href":"https:\/\/comunidadtextil.com\/wpnews\/wp-json\/wp\/v2\/types\/post"}],"author":[{"embeddable":true,"href":"https:\/\/comunidadtextil.com\/wpnews\/wp-json\/wp\/v2\/users\/1924"}],"replies":[{"embeddable":true,"href":"https:\/\/comunidadtextil.com\/wpnews\/wp-json\/wp\/v2\/comments?post=4573"}],"version-history":[{"count":1,"href":"https:\/\/comunidadtextil.com\/wpnews\/wp-json\/wp\/v2\/posts\/4573\/revisions"}],"predecessor-version":[{"id":4574,"href":"https:\/\/comunidadtextil.com\/wpnews\/wp-json\/wp\/v2\/posts\/4573\/revisions\/4574"}],"wp:attachment":[{"href":"https:\/\/comunidadtextil.com\/wpnews\/wp-json\/wp\/v2\/media?parent=4573"}],"wp:term":[{"taxonomy":"category","embeddable":true,"href":"https:\/\/comunidadtextil.com\/wpnews\/wp-json\/wp\/v2\/categories?post=4573"},{"taxonomy":"post_tag","embeddable":true,"href":"https:\/\/comunidadtextil.com\/wpnews\/wp-json\/wp\/v2\/tags?post=4573"}],"curies":[{"name":"wp","href":"https:\/\/api.w.org\/{rel}","templated":true}]}}