{"id":4434,"date":"2017-07-27T12:19:13","date_gmt":"2017-07-27T15:19:13","guid":{"rendered":"http:\/\/comunidadtextil.com\/wpnews\/?p=4434"},"modified":"2017-07-27T12:31:30","modified_gmt":"2017-07-27T15:31:30","slug":"la-presion-impositiva-y-dolar-bajo-dificultan-la-estructura-productiva-del-pais-opina-el-empresario-claudio-drescher","status":"publish","type":"post","link":"https:\/\/comunidadtextil.com\/wpnews\/2017\/07\/la-presion-impositiva-y-dolar-bajo-dificultan-la-estructura-productiva-del-pais-opina-el-empresario-claudio-drescher\/","title":{"rendered":"\u201cLa presi\u00f3n impositiva y d\u00f3lar bajo dificultan la estructura productiva del pa\u00eds\u201d opina el empresario Claudio Drescher"},"content":{"rendered":"<div id=\"attachment_4436\" style=\"width: 260px\" class=\"wp-caption alignleft\"><a href=\"https:\/\/comunidadtextil.com\/wpnews\/wp-content\/uploads\/2017\/07\/Claudio-Drescher-empresario-y-presidente-de-la-CIAI_9-.jpg\"><img loading=\"lazy\" decoding=\"async\" aria-describedby=\"caption-attachment-4436\" class=\" wp-image-4436\" src=\"https:\/\/comunidadtextil.com\/wpnews\/wp-content\/uploads\/2017\/07\/Claudio-Drescher-empresario-y-presidente-de-la-CIAI_9--300x169.jpg\" alt=\"\" width=\"250\" height=\"141\" srcset=\"https:\/\/comunidadtextil.com\/wpnews\/wp-content\/uploads\/2017\/07\/Claudio-Drescher-empresario-y-presidente-de-la-CIAI_9--300x169.jpg 300w, https:\/\/comunidadtextil.com\/wpnews\/wp-content\/uploads\/2017\/07\/Claudio-Drescher-empresario-y-presidente-de-la-CIAI_9--768x432.jpg 768w, https:\/\/comunidadtextil.com\/wpnews\/wp-content\/uploads\/2017\/07\/Claudio-Drescher-empresario-y-presidente-de-la-CIAI_9--150x84.jpg 150w, https:\/\/comunidadtextil.com\/wpnews\/wp-content\/uploads\/2017\/07\/Claudio-Drescher-empresario-y-presidente-de-la-CIAI_9-.jpg 829w\" sizes=\"auto, (max-width: 250px) 100vw, 250px\" \/><\/a><p id=\"caption-attachment-4436\" class=\"wp-caption-text\">Claudio Drescher, empresario y presidente de la CIAI<\/p><\/div>\n<p>Entrevistado por el diario econ\u00f3mico El Cronista, Claudio Drescher, CEO de la marca Jazm\u00edn Chebar y presidente de la C\u00e1mara Industrial Argentina de la Indumentaria (CIAI), habl\u00f3 sobre las dificultades que soport\u00f3 su empresa y el sector en el 2016 y que se agudizaron este a\u00f1o, y sobre los problemas que agreden a la industria local. Dijo que espera que el equipo de gobierno se oriente hacia \u201cun camino que represente para la Argentina una posibilidad cierta de desarrollo industrial e integral de su econom\u00eda\u201d.<\/p>\n<p>Preguntado sobre qu\u00e9 balance hace de la primera parte de este a\u00f1o, con ca\u00edda del consumo, Claudio Drescher se\u00f1al\u00f3: \u201cTuvimos un 2016 muy dif\u00edcil y un 2017 un poquito m\u00e1s dif\u00edcil. A todos nos preocupa cu\u00e1l es el rol que va a tener la industria en la Argentina y esta industria espec\u00edficamente. Jazm\u00edn tiene un grupo de clientas muy firme. La marca ha tenido un a\u00f1o donde ha cumplido sus pron\u00f3sticos, que eran m\u00e1s conservadores que en la \u00e9poca de expansi\u00f3n del consumo interno. Pero no nos gusta, obviamente, una situaci\u00f3n de tanta retracci\u00f3n del mercado interno\u201d.<\/p>\n<p>En relaci\u00f3n a si las importaciones son la principal preocupaci\u00f3n de la industria, el empresario<br \/>\nexplic\u00f3 que \u201cla principal preocupaci\u00f3n es el consumo interno, que est\u00e1 sometido a niveles de baja bastante importantes. El segundo tema, que tiene que ver con la importaci\u00f3n o las compras al exterior, est\u00e1 relacionado con que no hay una pol\u00edtica clara en relaci\u00f3n a lo que va a suceder, hay ciertas contradicciones sobre si se va a abrir la econom\u00eda o no; lo que representa una incertidumbre que complica dar pasos estrat\u00e9gicos\u201d.<\/p>\n<p>\u201cPor otro lado -agreg\u00f3-, que la valuaci\u00f3n del d\u00f3lar est\u00e9 en una situaci\u00f3n de desfasaje hace que el producto nacional sea a\u00fan m\u00e1s caro. Si a la alta presi\u00f3n impositiva se le suma un d\u00f3lar excesivamente bajo, la mercader\u00eda importada o del exterior aparece como m\u00e1s barata. Eso acrecienta las dificultades de la estructura productiva en la Argentina\u201d.<\/p>\n<p>Drescher se refiri\u00f3 tambi\u00e9n al precio de la ropa en el pa\u00eds y el comentario habitual de que es cara. En este sentido dijo que \u201cla Argentina es cara en todo\u201d. Coment\u00f3 que \u201chay un desfasaje del d\u00f3lar del 30% y eso distorsiona la realidad. Si estuviera en un nivel de $ 21 o $ 22, todo parecer\u00eda m\u00e1s acorde. Y la producci\u00f3n de la Argentina es estructuralmente cara. Los precios se distorsionan tanto para un tubo de acero sin costura como para un sweater. Hay una estructura impositiva muy fuerte que presiona mucho sobre aquellos que pagamos. Un tercio de la Argentina banca el funcionamiento del Estado\u201d.<\/p>\n<p>Habl\u00f3 tambi\u00e9n sobre la incertidumbre que genera en la industria la situaci\u00f3n descripta. Para Descrer \u201cun empresario tiene siempre una cosa de optimismo\u201d. En este sentido detall\u00f3: \u201choy estamos planificando el segundo semestre de 2018 y el primero de 2019 porque en las colecciones exclusivas, el desarrollo de las telas y de las estampas se hace un a\u00f1o y medio antes. Tenemos la expectativa de que se encuentre el camino. Hoy no est\u00e1. Que, adem\u00e1s de las buenas intenciones, encuentren un camino que represente para la Argentina una posibilidad cierta de desarrollo industrial e integral de su econom\u00eda\u201d.<\/p>\n<p><a href=\"https:\/\/comunidadtextil.com\/wpnews\/wp-content\/uploads\/2017\/07\/Claudio-Drescher-empresario-y-presidente-de-la-CIAI_2a-.jpg\"><img loading=\"lazy\" decoding=\"async\" class=\"alignright wp-image-4435\" src=\"https:\/\/comunidadtextil.com\/wpnews\/wp-content\/uploads\/2017\/07\/Claudio-Drescher-empresario-y-presidente-de-la-CIAI_2a--255x300.jpg\" alt=\"\" width=\"205\" height=\"240\" srcset=\"https:\/\/comunidadtextil.com\/wpnews\/wp-content\/uploads\/2017\/07\/Claudio-Drescher-empresario-y-presidente-de-la-CIAI_2a--255x300.jpg 255w, https:\/\/comunidadtextil.com\/wpnews\/wp-content\/uploads\/2017\/07\/Claudio-Drescher-empresario-y-presidente-de-la-CIAI_2a--127x150.jpg 127w, https:\/\/comunidadtextil.com\/wpnews\/wp-content\/uploads\/2017\/07\/Claudio-Drescher-empresario-y-presidente-de-la-CIAI_2a-.jpg 283w\" sizes=\"auto, (max-width: 205px) 100vw, 205px\" \/><\/a>Sobre el debate sobre la posibilidad o no de apertura comercial del pa\u00eds y sobre si la industria textil podr\u00eda ser competitiva econom\u00eda abierta, Drescher sostuvo que \u201ctenemos que analizar c\u00f3mo hacerlo\u201d.<\/p>\n<p>El dirigente de la CIAI destac\u00f3 que \u201calgunos analistas dicen que la industria de la indumentaria representa un problema y yo creo que es una oportunidad. La Argentina no es eficiente en la mayor\u00eda de los sectores industriales. La indumentaria es una industria que genera mucho trabajo, mano de obra y valor agregado y, por otro lado, emplea a muchas mujeres\u201d.<\/p>\n<p>Argument\u00f3 que \u201cdesde todo punto de vista, es una industria a la que el Estado y los gobiernos deber\u00edan darle un impulso enorme. Una tonelada de soja se exporta por US$ 370 y una tonelada de ropa dise\u00f1ada por Jazm\u00edn Chebar (su empresa) a US$ 70.000. Y no es un tema de que el salario ac\u00e1 sea alto y esas cosas que se repiten. Portugal, por ejemplo, est\u00e1 viviendo un renacer de la industria de la indumentaria y el salario es de 1.600 euros. Y ellos han aumentado sus exportaciones casi 10 veces\u201d.<\/p>\n<p>\u201c En Argentina podr\u00edamos hacerlo mismo, pero con una pol\u00edtica de Estado con cr\u00e9ditos que favorezcan a los emprendedores, facilite la exportaci\u00f3n una pol\u00edtica cambiaria previsible. La Argentina es un pa\u00eds de un mercado muy peque\u00f1o donde s\u00ed o s\u00ed se tiene que exportar. No se tienes una econom\u00eda de escala para hacer lo mismo que hace H&amp;M, que produce en el Sudeste asi\u00e1tico 60.000 prendas de un solo color de un sweater. Nosotros estamos en 600. Se habla del fast-fashion pero si miramos a las marcas de precio alto y de calidad tambi\u00e9n les va muy bien. Hay espacio para que la Argentina tenga un compromiso y un desarrollo de su actividad\u201d.<\/p>\n<p>Claudio Drescher esta en la industria confeccionista de Argentina desde muy joven. Es creador de firmas emblem\u00e1ticas como Caro Cuore o Vitamina se asoci\u00f3 con la dise\u00f1adora Jazm\u00edn Chebar en los turbulentos meses de la crisis de 2001\/2002, a la que vio como una oportunidad. R\u00e1pidamente hizo crecer la marca, con la apertura de locales en Alcorta Shopping, Palermo, Patio Bullrich y Unicenter. En 2008, desembarcaron en Chile. La empresa de moda, que est\u00e1 cumpliendo 20 a\u00f1os, hoy tiene 21 locales, un canal de e-commerce y emplea a 280 personas.<br \/>\n&#8212;&#8212;&#8212;&#8212;&#8212;&#8212;&#8212;&#8212;&#8212;&#8212;&#8212;&#8212;&#8212;&#8212;<br \/>\nEl Cronista \/ Comunidad Textil<\/p>\n<p dir=\"ltr\">\u2014\u2014\u2014\u2014\u2014\u2014\u2014\u2014\u2014\u2014\u2014\u2014\u2014\u2014\u2014\u2014\u2014\u2014\u2014\u2014\u2014\u2014\u2014\u2014\u2014\u2014\u2014\u2014\u2014\u2014\u2014\u2014\u2014\u2014\u2014\u2014\u2014\u2014\u2014\u2014\u2014\u2014\u2014\u2014<\/p>\n<p>Para comunicarse con Comunidad Textil: <a href=\"mailto:contacto@comunidadtextil.com\">contacto@comunidadtextil.com<\/a><\/p>\n<table border=\"0\" width=\"481\">\n<tbody>\n<tr>\n<td width=\"300\"><a href=\"http:\/\/bit.ly\/2qnuvSs\" target=\"_blank\" rel=\"noopener noreferrer\"><img decoding=\"async\" src=\"\/publicidad\/crecer-banner-julio17.gif\" alt=\"\" width=\"290\" height=\"auto\" border=\"0\" \/><\/a><\/td>\n<td width=\"300\"><a href=\"https:\/\/epson.com.ar\/\" target=\"_blank\" rel=\"noopener noreferrer\"><img decoding=\"async\" src=\"\/publicidad\/epson\/Comunidad-Textil_300x200.jpg\" alt=\"\" width=\"290\" height=\"auto\" \/><\/a><\/td>\n<\/tr>\n<\/tbody>\n<\/table>\n","protected":false},"excerpt":{"rendered":"<p>Entrevistado por el diario econ\u00f3mico El Cronista, Claudio Drescher, CEO de la marca Jazm\u00edn Chebar y presidente de la C\u00e1mara Industrial Argentina de la Indumentaria (CIAI), habl\u00f3 sobre las dificultades que soport\u00f3 su empresa y el sector en el 2016 y que se agudizaron este a\u00f1o, y sobre los problemas que agreden a la industria [&hellip;]<\/p>\n","protected":false},"author":1924,"featured_media":0,"comment_status":"closed","ping_status":"closed","sticky":false,"template":"","format":"standard","meta":{"footnotes":""},"categories":[8,58],"tags":[],"class_list":["post-4434","post","type-post","status-publish","format-standard","hentry","category-argentina","category-noticias-de-america-latina","count-0","even alt","author-adminct","last"],"_links":{"self":[{"href":"https:\/\/comunidadtextil.com\/wpnews\/wp-json\/wp\/v2\/posts\/4434","targetHints":{"allow":["GET"]}}],"collection":[{"href":"https:\/\/comunidadtextil.com\/wpnews\/wp-json\/wp\/v2\/posts"}],"about":[{"href":"https:\/\/comunidadtextil.com\/wpnews\/wp-json\/wp\/v2\/types\/post"}],"author":[{"embeddable":true,"href":"https:\/\/comunidadtextil.com\/wpnews\/wp-json\/wp\/v2\/users\/1924"}],"replies":[{"embeddable":true,"href":"https:\/\/comunidadtextil.com\/wpnews\/wp-json\/wp\/v2\/comments?post=4434"}],"version-history":[{"count":5,"href":"https:\/\/comunidadtextil.com\/wpnews\/wp-json\/wp\/v2\/posts\/4434\/revisions"}],"predecessor-version":[{"id":4441,"href":"https:\/\/comunidadtextil.com\/wpnews\/wp-json\/wp\/v2\/posts\/4434\/revisions\/4441"}],"wp:attachment":[{"href":"https:\/\/comunidadtextil.com\/wpnews\/wp-json\/wp\/v2\/media?parent=4434"}],"wp:term":[{"taxonomy":"category","embeddable":true,"href":"https:\/\/comunidadtextil.com\/wpnews\/wp-json\/wp\/v2\/categories?post=4434"},{"taxonomy":"post_tag","embeddable":true,"href":"https:\/\/comunidadtextil.com\/wpnews\/wp-json\/wp\/v2\/tags?post=4434"}],"curies":[{"name":"wp","href":"https:\/\/api.w.org\/{rel}","templated":true}]}}