{"id":4350,"date":"2017-07-11T12:44:58","date_gmt":"2017-07-11T15:44:58","guid":{"rendered":"http:\/\/comunidadtextil.com\/wpnews\/?p=4350"},"modified":"2017-07-11T12:56:52","modified_gmt":"2017-07-11T15:56:52","slug":"vf-corporation-cerro-una-de-sus-plantas-en-la-argentina","status":"publish","type":"post","link":"https:\/\/comunidadtextil.com\/wpnews\/2017\/07\/vf-corporation-cerro-una-de-sus-plantas-en-la-argentina\/","title":{"rendered":"VF Corporation cerr\u00f3 una de sus plantas en la Argentina"},"content":{"rendered":"<p><a href=\"https:\/\/comunidadtextil.com\/wpnews\/wp-content\/uploads\/2017\/07\/Logo-.png\"><img loading=\"lazy\" decoding=\"async\" class=\"size-full wp-image-4327 alignright\" src=\"https:\/\/comunidadtextil.com\/wpnews\/wp-content\/uploads\/2017\/07\/Logo-.png\" alt=\"\" width=\"100\" height=\"100\" srcset=\"https:\/\/comunidadtextil.com\/wpnews\/wp-content\/uploads\/2017\/07\/Logo-.png 100w, https:\/\/comunidadtextil.com\/wpnews\/wp-content\/uploads\/2017\/07\/Logo--80x80.png 80w\" sizes=\"auto, (max-width: 100px) 100vw, 100px\" \/><\/a>Empresa estadounidense VFC, propietaria de las marcas Lee, Wrangler y Timberland, cerr\u00f3 su planta de producci\u00f3n en Aimogasta, la provincia argentina de La Rioja, a 1.200 kil\u00f3metros al noroeste de la ciudad Buenos Aires. En esta f\u00e1brica trabajan 105 operarios.<\/p>\n<p>Por la ca\u00edda de las ventas en la Argentina, VF Corporation present\u00f3 el procedimiento preventivo de crisis en su planta de La Rioja, perdi\u00e9ndose 105 puestos de trabajo. Se inform\u00f3 que mantendr\u00e1 solo la f\u00e1brica en la localidad de Benito Ju\u00e1rez, a 460 kil\u00f3metros de Buenos Aires.<\/p>\n<div id=\"attachment_4325\" style=\"width: 148px\" class=\"wp-caption alignleft\"><a href=\"https:\/\/comunidadtextil.com\/wpnews\/wp-content\/uploads\/2017\/07\/Juan-Pons-CEO-de-la-.jpg\"><img loading=\"lazy\" decoding=\"async\" aria-describedby=\"caption-attachment-4325\" class=\"wp-image-4325 size-full\" src=\"https:\/\/comunidadtextil.com\/wpnews\/wp-content\/uploads\/2017\/07\/Juan-Pons-CEO-de-la-.jpg\" alt=\"\" width=\"138\" height=\"138\" srcset=\"https:\/\/comunidadtextil.com\/wpnews\/wp-content\/uploads\/2017\/07\/Juan-Pons-CEO-de-la-.jpg 138w, https:\/\/comunidadtextil.com\/wpnews\/wp-content\/uploads\/2017\/07\/Juan-Pons-CEO-de-la--80x80.jpg 80w\" sizes=\"auto, (max-width: 138px) 100vw, 138px\" \/><\/a><p id=\"caption-attachment-4325\" class=\"wp-caption-text\">Juan Pons, CEO de VC Corporation<\/p><\/div>\n<p>VF Jeanswear, cuyo General Manager Juan Pons, se quedar\u00eda solamente con su planta bonarense de Benito Ju\u00e1rez, pese a que present\u00f3 el procedimiento preventivo de crisis de ambas f\u00e1bricas.<\/p>\n<p>Seg\u00fan Nicol\u00e1s Farias, delegado del sindicato Foniva en VF, \u00abla empresa quiere cerrar porque se van de la Argentina por la falta de ventas. Dicen tener dos galpones repletos de mercader\u00eda hasta el 2018\u201d.<\/p>\n<div id=\"attachment_4328\" style=\"width: 250px\" class=\"wp-caption alignright\"><a href=\"https:\/\/comunidadtextil.com\/wpnews\/wp-content\/uploads\/2017\/07\/Plata-de-producci\u00f3n-de-VFC-.jpg\"><img loading=\"lazy\" decoding=\"async\" aria-describedby=\"caption-attachment-4328\" class=\" wp-image-4328\" src=\"https:\/\/comunidadtextil.com\/wpnews\/wp-content\/uploads\/2017\/07\/Plata-de-producci\u00f3n-de-VFC--300x219.jpg\" alt=\"\" width=\"240\" height=\"175\" srcset=\"https:\/\/comunidadtextil.com\/wpnews\/wp-content\/uploads\/2017\/07\/Plata-de-producci\u00f3n-de-VFC--300x219.jpg 300w, https:\/\/comunidadtextil.com\/wpnews\/wp-content\/uploads\/2017\/07\/Plata-de-producci\u00f3n-de-VFC--150x110.jpg 150w, https:\/\/comunidadtextil.com\/wpnews\/wp-content\/uploads\/2017\/07\/Plata-de-producci\u00f3n-de-VFC-.jpg 630w\" sizes=\"auto, (max-width: 240px) 100vw, 240px\" \/><\/a><p id=\"caption-attachment-4328\" class=\"wp-caption-text\">Plata de producci\u00f3n de VFC<\/p><\/div>\n<p>La intendenta del departamento riojano de Arauco, Florencia L\u00f3pez, advirti\u00f3: \u00abNo vamos a permitir que esta f\u00e1brica cierre, va a continuar trabajando como cooperativa. Las importaciones nos aniquilan, si decretan la apertura indiscriminada no va a haber mercado que aguante\u00bb.<\/p>\n<p>La provincia de La Rioja sufri\u00f3, en el \u00faltimo a\u00f1o y medio, varios cierres de textiles como Hilado, del grupo TN Platex, y Unisol Puma. Colortex, ENOD, Ritex fueron algunas de las que despidieron trabajadores. Otras que cerraron plantas fueron el Grupo Roemmers y la tabacalera Altadis.<\/p>\n<p>Seg\u00fan la Asociaci\u00f3n Obrera Textil, es el inminente cierre de la planta de Kalpakian, una empresa fabricante de alfombras y revestimientos fundada en 1922, que hace nueve meses que fren\u00f3 su producci\u00f3n.<br \/>\n&#8212;&#8212;&#8212;&#8212;&#8212;&#8212;&#8212;&#8212;&#8212;&#8212;&#8212;&#8212;&#8212;&#8212;&#8211;<br \/>\niProfesional \/ Comunidad Textil<\/p>\n<p dir=\"ltr\">\u2014\u2014\u2014\u2014\u2014\u2014\u2014\u2014\u2014\u2014\u2014\u2014\u2014\u2014\u2014\u2014\u2014\u2014\u2014\u2014\u2014\u2014\u2014\u2014\u2014\u2014\u2014\u2014\u2014\u2014\u2014\u2014\u2014\u2014\u2014\u2014\u2014\u2014\u2014\u2014\u2014\u2014\u2014\u2014<\/p>\n<p>Para comunicarse con Comunidad Textil: <a href=\"mailto:contacto@comunidadtextil.com\">contacto@comunidadtextil.com<\/a><\/p>\n<table border=\"0\" width=\"481\">\n<tbody>\n<tr>\n<td width=\"300\"><a href=\"http:\/\/bit.ly\/2p9ViR1\"><img decoding=\"async\" src=\"\/publicidad\/banner-cajas-bolsas.jpg\" width=\"290\" height=\"auto\" \/><\/a><\/td>\n<td width=\"300\"><a href=\"http:\/\/bit.ly\/2roUAoq\" target=\"_blank\" rel=\"noopener noreferrer\"><img decoding=\"async\" src=\"\/cursos300x200.jpg\" alt=\"\" width=\"290\" height=\"auto\" border=\"0\" \/><\/a><\/td>\n<\/tr>\n<\/tbody>\n<\/table>\n","protected":false},"excerpt":{"rendered":"<p>Empresa estadounidense VFC, propietaria de las marcas Lee, Wrangler y Timberland, cerr\u00f3 su planta de producci\u00f3n en Aimogasta, la provincia argentina de La Rioja, a 1.200 kil\u00f3metros al noroeste de la ciudad Buenos Aires. En esta f\u00e1brica trabajan 105 operarios. Por la ca\u00edda de las ventas en la Argentina, VF Corporation present\u00f3 el procedimiento preventivo [&hellip;]<\/p>\n","protected":false},"author":1924,"featured_media":0,"comment_status":"closed","ping_status":"closed","sticky":false,"template":"","format":"standard","meta":{"footnotes":""},"categories":[8,70,52],"tags":[],"class_list":["post-4350","post","type-post","status-publish","format-standard","hentry","category-argentina","category-crisis","category-industria-de-la-confeccion","count-0","even alt","author-adminct","last"],"_links":{"self":[{"href":"https:\/\/comunidadtextil.com\/wpnews\/wp-json\/wp\/v2\/posts\/4350","targetHints":{"allow":["GET"]}}],"collection":[{"href":"https:\/\/comunidadtextil.com\/wpnews\/wp-json\/wp\/v2\/posts"}],"about":[{"href":"https:\/\/comunidadtextil.com\/wpnews\/wp-json\/wp\/v2\/types\/post"}],"author":[{"embeddable":true,"href":"https:\/\/comunidadtextil.com\/wpnews\/wp-json\/wp\/v2\/users\/1924"}],"replies":[{"embeddable":true,"href":"https:\/\/comunidadtextil.com\/wpnews\/wp-json\/wp\/v2\/comments?post=4350"}],"version-history":[{"count":3,"href":"https:\/\/comunidadtextil.com\/wpnews\/wp-json\/wp\/v2\/posts\/4350\/revisions"}],"predecessor-version":[{"id":4358,"href":"https:\/\/comunidadtextil.com\/wpnews\/wp-json\/wp\/v2\/posts\/4350\/revisions\/4358"}],"wp:attachment":[{"href":"https:\/\/comunidadtextil.com\/wpnews\/wp-json\/wp\/v2\/media?parent=4350"}],"wp:term":[{"taxonomy":"category","embeddable":true,"href":"https:\/\/comunidadtextil.com\/wpnews\/wp-json\/wp\/v2\/categories?post=4350"},{"taxonomy":"post_tag","embeddable":true,"href":"https:\/\/comunidadtextil.com\/wpnews\/wp-json\/wp\/v2\/tags?post=4350"}],"curies":[{"name":"wp","href":"https:\/\/api.w.org\/{rel}","templated":true}]}}