{"id":3851,"date":"2017-03-10T12:06:05","date_gmt":"2017-03-10T15:06:05","guid":{"rendered":"http:\/\/comunidadtextil.com\/wpnews\/?p=3851"},"modified":"2017-03-10T12:23:57","modified_gmt":"2017-03-10T15:23:57","slug":"el-sector-textil-de-argentina-asegura-que-sus-ventas-al-mercado-local-cayeron-34","status":"publish","type":"post","link":"https:\/\/comunidadtextil.com\/wpnews\/2017\/03\/el-sector-textil-de-argentina-asegura-que-sus-ventas-al-mercado-local-cayeron-34\/","title":{"rendered":"El sector textil de Argentina asegura que sus ventas al mercado local cayeron 34 %"},"content":{"rendered":"<div id=\"attachment_3853\" style=\"width: 250px\" class=\"wp-caption alignright\"><a href=\"https:\/\/comunidadtextil.com\/wpnews\/wp-content\/uploads\/2017\/03\/industria-confecciones.jpg\"><img loading=\"lazy\" decoding=\"async\" aria-describedby=\"caption-attachment-3853\" class=\" wp-image-3853\" src=\"https:\/\/comunidadtextil.com\/wpnews\/wp-content\/uploads\/2017\/03\/industria-confecciones-300x169.jpg\" alt=\"\" width=\"240\" height=\"135\" srcset=\"https:\/\/comunidadtextil.com\/wpnews\/wp-content\/uploads\/2017\/03\/industria-confecciones-300x169.jpg 300w, https:\/\/comunidadtextil.com\/wpnews\/wp-content\/uploads\/2017\/03\/industria-confecciones-150x85.jpg 150w, https:\/\/comunidadtextil.com\/wpnews\/wp-content\/uploads\/2017\/03\/industria-confecciones.jpg 630w\" sizes=\"auto, (max-width: 240px) 100vw, 240px\" \/><\/a><p id=\"caption-attachment-3853\" class=\"wp-caption-text\">Industria de confecciones<\/p><\/div>\n<p>La Fundaci\u00f3n ProTejer, que re\u00fane a todo la cadena agroindustrial de la industria textil y confecciones de la Argentina, se\u00f1al\u00f3 en un comunicado que las ventas a su mercado se redujeron un 34% debido a la fuerte ca\u00edda del consumo en el pa\u00eds y un simult\u00e1neo aumento de la importaci\u00f3n de prendas de bajo precio.<\/p>\n<p><a href=\"https:\/\/comunidadtextil.com\/wpnews\/2017\/03\/fundacion-pro-tejer-la-verdad-sobre-las-importaciones-textiles\/\" target=\"_blank\">(Click aqu\u00ed para leer el informe completo)<\/a><br \/>\nLa Fundaci\u00f3n ProTejer destaca que \u201cla realidad econ\u00f3mica por la que se encuentran atravesando las empresas y trabajadores de la cadena de valor textil indumentaria dista de ser bien comprendida por parte del gobierno nacional, lo que se desprende de las exposiciones y declaraciones a la prensa de sus funcionarios\u201d.<\/p>\n<div id=\"attachment_3852\" style=\"width: 187px\" class=\"wp-caption alignleft\"><a href=\"https:\/\/comunidadtextil.com\/wpnews\/wp-content\/uploads\/2017\/03\/Jorge-Sorabilla-es-el-presidente-de-la-Fundaci\u00f3n-ProTejer-de-Argentina_5-.jpg\"><img loading=\"lazy\" decoding=\"async\" aria-describedby=\"caption-attachment-3852\" class=\" wp-image-3852\" src=\"https:\/\/comunidadtextil.com\/wpnews\/wp-content\/uploads\/2017\/03\/Jorge-Sorabilla-es-el-presidente-de-la-Fundaci\u00f3n-ProTejer-de-Argentina_5--253x300.jpg\" alt=\"\" width=\"177\" height=\"210\" srcset=\"https:\/\/comunidadtextil.com\/wpnews\/wp-content\/uploads\/2017\/03\/Jorge-Sorabilla-es-el-presidente-de-la-Fundaci\u00f3n-ProTejer-de-Argentina_5--253x300.jpg 253w, https:\/\/comunidadtextil.com\/wpnews\/wp-content\/uploads\/2017\/03\/Jorge-Sorabilla-es-el-presidente-de-la-Fundaci\u00f3n-ProTejer-de-Argentina_5--126x150.jpg 126w, https:\/\/comunidadtextil.com\/wpnews\/wp-content\/uploads\/2017\/03\/Jorge-Sorabilla-es-el-presidente-de-la-Fundaci\u00f3n-ProTejer-de-Argentina_5-.jpg 273w\" sizes=\"auto, (max-width: 177px) 100vw, 177px\" \/><\/a><p id=\"caption-attachment-3852\" class=\"wp-caption-text\">Jorge Sorabilla es el presidente de la Fundaci\u00f3n ProTejer de Argentina<\/p><\/div>\n<p>La entidad, que preside el empresario Jorge Sorabilla, asegura que esa \u201ccadena de valor culmin\u00f3 el 2016 impactada por el problema de una sensible ca\u00edda de la demanda sectorial, fen\u00f3meno que convivi\u00f3 con un incremento de las importaciones que alcanzaron los 1.408 millones de d\u00f3lares lo que implic\u00f3 un aumento del 1,8% en d\u00f3lares y del 6,7% en toneladas respecto del 2015\u201d.<\/p>\n<p>El comunicado explica que antes de que comenzara a actuar este equipo de gobierno, \u201cel tama\u00f1o del mercado textil indumentaria a 2015 era de 500 mil toneladas que eran abastecidas por mitades entre la producci\u00f3n nacional y los productos importados\u201d.<\/p>\n<p>ProTejer detalla que \u201cuna estimaci\u00f3n conservadora permite afirmar que el mercado total a 2016 se redujo en un 15%, llev\u00e1ndolo a un tama\u00f1o aproximado de 425 mil toneladas\u201d. Pero aclara que ese mercado reducido es ahora provisto por 260 mil toneladas de productos importados, lo que represent\u00f3 que en ese a\u00f1o ocupara una franja del 61%.<\/p>\n<p><a href=\"https:\/\/comunidadtextil.com\/wpnews\/wp-content\/uploads\/2017\/03\/informe-mercado.jpg\"><img loading=\"lazy\" decoding=\"async\" class=\"alignright wp-image-3854\" src=\"https:\/\/comunidadtextil.com\/wpnews\/wp-content\/uploads\/2017\/03\/informe-mercado-300x171.jpg\" alt=\"\" width=\"270\" height=\"156\" \/><\/a>Lo expresado por la Fundaci\u00f3n ProTejer esta respaldado por la situaci\u00f3n de creciente cierre de empresas y la cantidad de puestos de trabajo perdidos en el 2016. Pero diversos actores de la industria ya han denunciado un espectacular aumento de las importaciones de ropa en los dos primeros meses del 2017, lo que agrava la situaci\u00f3n debido a que la industria argentina d\u00eda a d\u00eda ve c\u00f3mo disminuye su participaci\u00f3n en un mercado que, adem\u00e1s, se sigue reduciendo.<br \/>\n&#8212;&#8212;&#8212;&#8212;&#8212;&#8212;&#8212;&#8212;&#8212;&#8212;&#8212;&#8212;&#8212;&#8212;&#8212;&#8212;&#8212;-<br \/>\nFundaci\u00f3n ProTejer \/ Comunidad Textil<\/p>\n<p dir=\"ltr\">\u2014\u2014\u2014\u2014\u2014\u2014\u2014\u2014\u2014\u2014\u2014\u2014\u2014\u2014\u2014\u2014\u2014\u2014\u2014\u2014\u2014\u2014\u2014\u2014\u2014\u2014\u2014\u2014\u2014\u2014\u2014\u2014\u2014\u2014\u2014\u2014\u2014\u2014\u2014\u2014\u2014\u2014\u2014\u2014<\/p>\n<p>Para comunicarse con Comunidad Textil: <a href=\"mailto:contacto@comunidadtextil.com\">contacto@comunidadtextil.com<\/a><\/p>\n<table border=\"0\" width=\"481\">\n<tbody>\n<tr>\n<td width=\"300\"><a href=\"https:\/\/www.rolanddga.com\/es\/productos\/impresoras\/texart-xt-640-dye-sublimation-printer?sc_lang=es&amp;utm_source=Communidad+Textil&amp;utm_medium=Banner+Ad&amp;utm_term=April&amp;utm_content=XT&amp;utm_campaign=DGA+-+Banner+Ads\" target=\"_blank\"><img loading=\"lazy\" decoding=\"async\" src=\"\/publicidad\/fluorescent-ink_300x200.gif\" width=\"300\" height=\"200\" \/><\/a><\/td>\n<td width=\"300\"><a href=\"http:\/\/www.ciaindumentaria.com.ar\/camara\/\" target=\"_blank\"><img loading=\"lazy\" decoding=\"async\" src=\"\/publicidad\/banner-ciai.gif\" alt=\"\" width=\"300\" height=\"153\" border=\"0\" \/><\/a><\/td>\n<\/tr>\n<\/tbody>\n<\/table>\n","protected":false},"excerpt":{"rendered":"<p>La Fundaci\u00f3n ProTejer, que re\u00fane a todo la cadena agroindustrial de la industria textil y confecciones de la Argentina, se\u00f1al\u00f3 en un comunicado que las ventas a su mercado se redujeron un 34% debido a la fuerte ca\u00edda del consumo en el pa\u00eds y un simult\u00e1neo aumento de la importaci\u00f3n de prendas de bajo precio. [&hellip;]<\/p>\n","protected":false},"author":1924,"featured_media":0,"comment_status":"closed","ping_status":"closed","sticky":false,"template":"","format":"standard","meta":{"footnotes":""},"categories":[8,70,58],"tags":[],"class_list":["post-3851","post","type-post","status-publish","format-standard","hentry","category-argentina","category-crisis","category-noticias-de-america-latina","count-0","even alt","author-adminct","last"],"_links":{"self":[{"href":"https:\/\/comunidadtextil.com\/wpnews\/wp-json\/wp\/v2\/posts\/3851","targetHints":{"allow":["GET"]}}],"collection":[{"href":"https:\/\/comunidadtextil.com\/wpnews\/wp-json\/wp\/v2\/posts"}],"about":[{"href":"https:\/\/comunidadtextil.com\/wpnews\/wp-json\/wp\/v2\/types\/post"}],"author":[{"embeddable":true,"href":"https:\/\/comunidadtextil.com\/wpnews\/wp-json\/wp\/v2\/users\/1924"}],"replies":[{"embeddable":true,"href":"https:\/\/comunidadtextil.com\/wpnews\/wp-json\/wp\/v2\/comments?post=3851"}],"version-history":[{"count":9,"href":"https:\/\/comunidadtextil.com\/wpnews\/wp-json\/wp\/v2\/posts\/3851\/revisions"}],"predecessor-version":[{"id":3869,"href":"https:\/\/comunidadtextil.com\/wpnews\/wp-json\/wp\/v2\/posts\/3851\/revisions\/3869"}],"wp:attachment":[{"href":"https:\/\/comunidadtextil.com\/wpnews\/wp-json\/wp\/v2\/media?parent=3851"}],"wp:term":[{"taxonomy":"category","embeddable":true,"href":"https:\/\/comunidadtextil.com\/wpnews\/wp-json\/wp\/v2\/categories?post=3851"},{"taxonomy":"post_tag","embeddable":true,"href":"https:\/\/comunidadtextil.com\/wpnews\/wp-json\/wp\/v2\/tags?post=3851"}],"curies":[{"name":"wp","href":"https:\/\/api.w.org\/{rel}","templated":true}]}}