{"id":3804,"date":"2017-01-25T16:39:24","date_gmt":"2017-01-25T19:39:24","guid":{"rendered":"http:\/\/comunidadtextil.com\/wpnews\/?p=3804"},"modified":"2017-01-25T16:39:41","modified_gmt":"2017-01-25T19:39:41","slug":"por-la-fuerte-reduccion-del-consumo-alpargatas-cerro-dos-de-sus-plantas-fabriles","status":"publish","type":"post","link":"https:\/\/comunidadtextil.com\/wpnews\/2017\/01\/por-la-fuerte-reduccion-del-consumo-alpargatas-cerro-dos-de-sus-plantas-fabriles\/","title":{"rendered":"Por la fuerte reducci\u00f3n del consumo Alpargatas cerr\u00f3 dos de sus plantas fabriles"},"content":{"rendered":"<div id=\"attachment_3802\" style=\"width: 256px\" class=\"wp-caption alignleft\"><a href=\"https:\/\/comunidadtextil.com\/wpnews\/wp-content\/uploads\/2017\/01\/Planta-de-Alpargatas-en-la-provincia-de-Buenos-Aires.jpg\"><img loading=\"lazy\" decoding=\"async\" aria-describedby=\"caption-attachment-3802\" class=\" wp-image-3802\" src=\"https:\/\/comunidadtextil.com\/wpnews\/wp-content\/uploads\/2017\/01\/Planta-de-Alpargatas-en-la-provincia-de-Buenos-Aires-300x184.jpg\" alt=\"Planta de Alpargatas en la provincia de Buenos Aires\" width=\"246\" height=\"151\" srcset=\"https:\/\/comunidadtextil.com\/wpnews\/wp-content\/uploads\/2017\/01\/Planta-de-Alpargatas-en-la-provincia-de-Buenos-Aires-300x184.jpg 300w, https:\/\/comunidadtextil.com\/wpnews\/wp-content\/uploads\/2017\/01\/Planta-de-Alpargatas-en-la-provincia-de-Buenos-Aires-768x470.jpg 768w, https:\/\/comunidadtextil.com\/wpnews\/wp-content\/uploads\/2017\/01\/Planta-de-Alpargatas-en-la-provincia-de-Buenos-Aires-150x92.jpg 150w, https:\/\/comunidadtextil.com\/wpnews\/wp-content\/uploads\/2017\/01\/Planta-de-Alpargatas-en-la-provincia-de-Buenos-Aires.jpg 770w\" sizes=\"auto, (max-width: 246px) 100vw, 246px\" \/><\/a><p id=\"caption-attachment-3802\" class=\"wp-caption-text\">Planta de Alpargatas en la provincia de Buenos Aires<\/p><\/div>\n<p>La empresa Alpargatas cerr\u00f3 dos de sus plantas industriales en la Argentina y confirm\u00f3 que despedir\u00e1 a sus 170 empleados. La compa\u00f1\u00eda, que es uno de los m\u00e1s grandes productores de telas y de calzados de Argentina, es propiedad del grupo brasilero JBS. Los ejecutivos explicaron que su producci\u00f3n se vio perjudicada por la profunda ca\u00edda del consumo que se produjo en el pa\u00eds en el \u00faltimo a\u00f1o, a lo que hay que sumarle el simult\u00e1neo aumento de las importaciones.<\/p>\n<p>La f\u00e1brica Alpargatas cerr\u00f3 sus plantas en Villa Mercedes, provincia de San Luis, y Florencio Varela, en la de Buenos Aires. Al anunciar esto, la compa\u00f1\u00eda inform\u00f3 que despidi\u00f3 a 170 de sus trabajadores.<\/p>\n<p>La medida se debe la baja de producci\u00f3n por la abrupta reducci\u00f3n del consumo en el pa\u00eds y apertura de las importaciones, ya que sus dos actividades principales -textil y calzado- fueron de las m\u00e1s perjudicadas por la situaci\u00f3n planteada desde diciembre del 2015.<\/p>\n<p>En los \u00faltimos 12 meses la demanda baj\u00f3 mientras que la oferta creci\u00f3 por el incremento de las importaciones procedentes de Asia y Brasil, seg\u00fan informaron desde Alpargatas. Para la empresa, los productos del exterior hoy representan 75% de las ventas entre producto terminado y partes del calzado.<\/p>\n<div id=\"attachment_3803\" style=\"width: 268px\" class=\"wp-caption alignright\"><a href=\"https:\/\/comunidadtextil.com\/wpnews\/wp-content\/uploads\/2017\/01\/F\u00e1brica-de-Alpargatas-en-la-provincia-de-San-Luis-_2.jpg\"><img loading=\"lazy\" decoding=\"async\" aria-describedby=\"caption-attachment-3803\" class=\" wp-image-3803\" src=\"https:\/\/comunidadtextil.com\/wpnews\/wp-content\/uploads\/2017\/01\/F\u00e1brica-de-Alpargatas-en-la-provincia-de-San-Luis-_2-300x150.jpg\" alt=\"F\u00e1brica de Alpargatas en la provincia de San Luis\" width=\"258\" height=\"129\" srcset=\"https:\/\/comunidadtextil.com\/wpnews\/wp-content\/uploads\/2017\/01\/F\u00e1brica-de-Alpargatas-en-la-provincia-de-San-Luis-_2-300x150.jpg 300w, https:\/\/comunidadtextil.com\/wpnews\/wp-content\/uploads\/2017\/01\/F\u00e1brica-de-Alpargatas-en-la-provincia-de-San-Luis-_2-150x75.jpg 150w, https:\/\/comunidadtextil.com\/wpnews\/wp-content\/uploads\/2017\/01\/F\u00e1brica-de-Alpargatas-en-la-provincia-de-San-Luis-_2.jpg 660w\" sizes=\"auto, (max-width: 258px) 100vw, 258px\" \/><\/a><p id=\"caption-attachment-3803\" class=\"wp-caption-text\">F\u00e1brica de Alpargatas en la provincia de San Luis<\/p><\/div>\n<p>Seg\u00fan Juan Olgu\u00edn, secretario gremial de la Asociaci\u00f3n Obrera Textil de la provincia de San Luis, esta situaci\u00f3n era previsible porque la empresa \u201cestaba de suspensi\u00f3n en suspensi\u00f3n\u201d y tambi\u00e9n dieron vacaciones anticipadas a todo el personal. Cuando deb\u00edan volver a trabajar se encontraron con el cierre de la planta.<\/p>\n<p>Rodolfo Garciarena, otro dirigente del sindicato, coment\u00f3 que en menos de una semana es la segunda f\u00e1brica que cierra en San Luis \u2013la anterior produc\u00eda para Puma-, y que preocupa la inacci\u00f3n del gobierno nacional frente a la p\u00e9rdida de puestos de trabajo.<\/p>\n<p>Alpargatas Argentina SA tiene sede central en la Ciudad de Buenos Aires, y manten\u00eda 9 plantas productivas. Ahora ser\u00e1n siete, cinco dedicadas a la producci\u00f3n de calzado y cuatro al sector textil. Adem\u00e1s de las que ahora cerr\u00f3 y la de Buenos Aires, tiene dos plantas en las provincia de Catamarca, y una en las de Chaco, Tucum\u00e1n, Corrientes y La Pampa. Tras los recortes, empresa quedar\u00e1 ahora con 3.730 empleados. Factura $ 3.300 millones anuales.<br \/>\n&#8212;&#8212;&#8212;&#8212;&#8212;&#8212;&#8212;&#8212;&#8212;&#8212;&#8212;&#8212;&#8212;&#8212;&#8212;&#8212;&#8212;&#8212;<br \/>\nClar\u00edn \/ BaeNegocios \/ Comunidad Textil<\/p>\n<p dir=\"ltr\">\u2014\u2014\u2014\u2014\u2014\u2014\u2014\u2014\u2014\u2014\u2014\u2014\u2014\u2014\u2014\u2014\u2014\u2014\u2014\u2014\u2014\u2014\u2014\u2014\u2014\u2014\u2014\u2014\u2014\u2014\u2014\u2014\u2014\u2014\u2014\u2014\u2014\u2014\u2014\u2014\u2014\u2014\u2014\u2014<\/p>\n<p>Para comunicarse con Comunidad Textil: <a href=\"mailto:contacto@comunidadtextil.com\">contacto@comunidadtextil.com<\/a><\/p>\n<table border=\"0\" width=\"481\">\n<tbody>\n<tr>\n<td width=\"300\"><a href=\"http:\/\/faiia.com.ar\/cronograma\/\" target=\"_blank\"><img loading=\"lazy\" decoding=\"async\" src=\"\/publicidad\/banner-faiia-300x200.gif\" alt=\"\" width=\"300\" height=\"200\" border=\"0\" \/><\/a><\/td>\n<td width=\"300\"><a href=\"http:\/\/www.mmtextiles.com.ar\/\" target=\"_blank\"><img loading=\"lazy\" decoding=\"async\" src=\"\/publicidad\/banner-mmtextiles.jpg\" alt=\"\" width=\"300\" height=\"200\" border=\"0\"><\/a><\/td>\n<\/td>\n<\/tr>\n<\/tbody>\n<\/table>\n","protected":false},"excerpt":{"rendered":"<p>La empresa Alpargatas cerr\u00f3 dos de sus plantas industriales en la Argentina y confirm\u00f3 que despedir\u00e1 a sus 170 empleados. La compa\u00f1\u00eda, que es uno de los m\u00e1s grandes productores de telas y de calzados de Argentina, es propiedad del grupo brasilero JBS. Los ejecutivos explicaron que su producci\u00f3n se vio perjudicada por la profunda [&hellip;]<\/p>\n","protected":false},"author":1924,"featured_media":0,"comment_status":"closed","ping_status":"closed","sticky":false,"template":"","format":"standard","meta":{"footnotes":""},"categories":[8,58],"tags":[],"class_list":["post-3804","post","type-post","status-publish","format-standard","hentry","category-argentina","category-noticias-de-america-latina","count-0","even alt","author-adminct","last"],"_links":{"self":[{"href":"https:\/\/comunidadtextil.com\/wpnews\/wp-json\/wp\/v2\/posts\/3804","targetHints":{"allow":["GET"]}}],"collection":[{"href":"https:\/\/comunidadtextil.com\/wpnews\/wp-json\/wp\/v2\/posts"}],"about":[{"href":"https:\/\/comunidadtextil.com\/wpnews\/wp-json\/wp\/v2\/types\/post"}],"author":[{"embeddable":true,"href":"https:\/\/comunidadtextil.com\/wpnews\/wp-json\/wp\/v2\/users\/1924"}],"replies":[{"embeddable":true,"href":"https:\/\/comunidadtextil.com\/wpnews\/wp-json\/wp\/v2\/comments?post=3804"}],"version-history":[{"count":2,"href":"https:\/\/comunidadtextil.com\/wpnews\/wp-json\/wp\/v2\/posts\/3804\/revisions"}],"predecessor-version":[{"id":3806,"href":"https:\/\/comunidadtextil.com\/wpnews\/wp-json\/wp\/v2\/posts\/3804\/revisions\/3806"}],"wp:attachment":[{"href":"https:\/\/comunidadtextil.com\/wpnews\/wp-json\/wp\/v2\/media?parent=3804"}],"wp:term":[{"taxonomy":"category","embeddable":true,"href":"https:\/\/comunidadtextil.com\/wpnews\/wp-json\/wp\/v2\/categories?post=3804"},{"taxonomy":"post_tag","embeddable":true,"href":"https:\/\/comunidadtextil.com\/wpnews\/wp-json\/wp\/v2\/tags?post=3804"}],"curies":[{"name":"wp","href":"https:\/\/api.w.org\/{rel}","templated":true}]}}