{"id":3781,"date":"2017-01-25T15:52:18","date_gmt":"2017-01-25T18:52:18","guid":{"rendered":"http:\/\/comunidadtextil.com\/wpnews\/?p=3781"},"modified":"2017-01-25T15:52:48","modified_gmt":"2017-01-25T18:52:48","slug":"preocupa-al-sector-textil-de-mexico-trabajar-en-un-tiempo-signado-por-la-incertidumbre","status":"publish","type":"post","link":"https:\/\/comunidadtextil.com\/wpnews\/2017\/01\/preocupa-al-sector-textil-de-mexico-trabajar-en-un-tiempo-signado-por-la-incertidumbre\/","title":{"rendered":"Preocupa al sector textil de M\u00e9xico trabajar en un tiempo signado por la incertidumbre"},"content":{"rendered":"<div id=\"attachment_3777\" style=\"width: 179px\" class=\"wp-caption alignleft\"><a href=\"https:\/\/comunidadtextil.com\/wpnews\/wp-content\/uploads\/2017\/01\/Samuel-Gersevich-Salnicov-presidente-de-la-C\u00e1mara-Nacional-de-la-Industria-del-Vestido_4.jpg\"><img loading=\"lazy\" decoding=\"async\" aria-describedby=\"caption-attachment-3777\" class=\" wp-image-3777\" src=\"https:\/\/comunidadtextil.com\/wpnews\/wp-content\/uploads\/2017\/01\/Samuel-Gersevich-Salnicov-presidente-de-la-C\u00e1mara-Nacional-de-la-Industria-del-Vestido_4.jpg\" alt=\"Samuel Gersevich Salnicov, presidente de la C\u00e1mara Nacional de la Industria del Vestido\" width=\"169\" height=\"226\" srcset=\"https:\/\/comunidadtextil.com\/wpnews\/wp-content\/uploads\/2017\/01\/Samuel-Gersevich-Salnicov-presidente-de-la-C\u00e1mara-Nacional-de-la-Industria-del-Vestido_4.jpg 211w, https:\/\/comunidadtextil.com\/wpnews\/wp-content\/uploads\/2017\/01\/Samuel-Gersevich-Salnicov-presidente-de-la-C\u00e1mara-Nacional-de-la-Industria-del-Vestido_4-112x150.jpg 112w\" sizes=\"auto, (max-width: 169px) 100vw, 169px\" \/><\/a><p id=\"caption-attachment-3777\" class=\"wp-caption-text\">Samuel Gersevich Salnicov, presidente de la C\u00e1mara Nacional de la Industria del Vestido<\/p><\/div>\n<p>En el marco de la ceremonia de inauguraci\u00f3n de la edici\u00f3n 66 de IM Intermoda, los empresarios mexicanos del sector confecci\u00f3n advirtieron que durante el presente a\u00f1o la industria de vestido de su pa\u00eds enfrentar\u00e1 un entorno de fuerte incertidumbre. Por eso, explicaron, esta situaci\u00f3n la \u201cobligar\u00e1 a reinventarse en todos sus procesos\u201d.<\/p>\n<p>Samuel Gersevich, presidente de la C\u00e1mara Nacional de la Industria del Vestido, CANAIVE, afirm\u00f3 que \u201cM\u00e9xico y sus industriales no pueden caer en un ambiente de p\u00e1nico\u201d, y deben ver esta situaci\u00f3n de finanzas p\u00fablicas y tipo de cambio como una opci\u00f3n para crecer. Coment\u00f3 adem\u00e1s, que dicha incertidumbre durar\u00e1 todo el a\u00f1o, en especial los primeros meses del 2017.<\/p>\n<p>Gersevich explic\u00f3 que actualmente el 95% de las exportaciones mexicanas del sector confecci\u00f3n son dirigidas al mercado de los Estados Unidos, por lo que la calidad deber\u00e1 ser una alternativa fundamental para mantener e incluso ampliar la presencia internacional.<\/p>\n<div id=\"attachment_3782\" style=\"width: 155px\" class=\"wp-caption alignright\"><a href=\"https:\/\/comunidadtextil.com\/wpnews\/wp-content\/uploads\/2017\/01\/1-Arturo-Vivanco-Mu\u00f1oz-presidente-de-CANAIVE-Jalisco_3.jpg\"><img loading=\"lazy\" decoding=\"async\" aria-describedby=\"caption-attachment-3782\" class=\" wp-image-3782\" src=\"https:\/\/comunidadtextil.com\/wpnews\/wp-content\/uploads\/2017\/01\/1-Arturo-Vivanco-Mu\u00f1oz-presidente-de-CANAIVE-Jalisco_3-177x300.jpg\" alt=\"Arturo Vivanco Mu\u00f1oz, presidente de CANAIVE Jalisco\" width=\"145\" height=\"246\" srcset=\"https:\/\/comunidadtextil.com\/wpnews\/wp-content\/uploads\/2017\/01\/1-Arturo-Vivanco-Mu\u00f1oz-presidente-de-CANAIVE-Jalisco_3-177x300.jpg 177w, https:\/\/comunidadtextil.com\/wpnews\/wp-content\/uploads\/2017\/01\/1-Arturo-Vivanco-Mu\u00f1oz-presidente-de-CANAIVE-Jalisco_3-88x150.jpg 88w, https:\/\/comunidadtextil.com\/wpnews\/wp-content\/uploads\/2017\/01\/1-Arturo-Vivanco-Mu\u00f1oz-presidente-de-CANAIVE-Jalisco_3.jpg 181w\" sizes=\"auto, (max-width: 145px) 100vw, 145px\" \/><\/a><p id=\"caption-attachment-3782\" class=\"wp-caption-text\">Arturo Vivanco Mu\u00f1oz, presidente de CANAIVE Jalisco<\/p><\/div>\n<p>Por su parte Arturo Vivanco, presidente de Canaive delegaci\u00f3n Jalisco, asegur\u00f3 que la industria de la confecci\u00f3n est\u00e1 obligada a consolidar proyectos de desarrollo y de expansi\u00f3n para fortalecer el mercado interno ante la situaci\u00f3n de incertidumbre.<\/p>\n<p>Por ello, explic\u00f3, la entidad empresaria de Jalisco tiene una serie de proyectos que ser\u00e1n puestos en marcha durante el presente a\u00f1o y que -esperan- permitir\u00e1n impulsar a esta industria.<\/p>\n<p>Algunos de estos proyectos son establecer un Centro de Verificaci\u00f3n de Calidad de materia prima \u2013que ser\u00e1 \u00fanico de su tipo en M\u00e9xico-, y el establecimiento de un Centro de Innovaci\u00f3n y Tecnolog\u00eda para el fortalecimiento de los procesos experimentales en materia de dise\u00f1o.<\/p>\n<p>De igual forma proyectan la instalaci\u00f3n de Centros de Dise\u00f1o especializados, en cada uno de los municipios que conforman la Ruta del Vestido en el mencionado estado.<\/p>\n<p>Por su parte el presidente de Intermoda, H\u00e9ctor Reyes Camarena, hizo un llamado a mirar hacia el mercado interior y tambi\u00e9n a diversificar los mercados de exportaci\u00f3n de la industria del vestido nacional.<\/p>\n<p>Finalmente el secretario de Desarrollo Econ\u00f3mico del estado de Jalisco, Jos\u00e9 Palacios Jim\u00e9nez, afirm\u00f3 que el sector tiene un importante potencial respecto del comercio exterior, ya que actualmente exporta a 125 pa\u00edses y es un importante generador de empleo.<br \/>\n&#8212;&#8212;&#8212;&#8212;&#8212;&#8212;&#8212;&#8212;&#8212;&#8212;&#8212;&#8212;&#8212;-<br \/>\nIntermoda \/ Comunidad Textil<\/p>\n<p dir=\"ltr\">\u2014\u2014\u2014\u2014\u2014\u2014\u2014\u2014\u2014\u2014\u2014\u2014\u2014\u2014\u2014\u2014\u2014\u2014\u2014\u2014\u2014\u2014\u2014\u2014\u2014\u2014\u2014\u2014\u2014\u2014\u2014\u2014\u2014\u2014\u2014\u2014\u2014\u2014\u2014\u2014\u2014\u2014\u2014\u2014<\/p>\n<p>Para comunicarse con Comunidad Textil: <a href=\"mailto:contacto@comunidadtextil.com\">contacto@comunidadtextil.com<\/a><\/p>\n<table border=\"0\" width=\"481\">\n<tbody>\n<tr>\n<td width=\"300\"><a href=\"https:\/\/www.rolanddga.com\/es\/productos\/impresoras\/texart-xt-640-dye-sublimation-printer?sc_lang=es&amp;utm_source=Communidad+Textil&amp;utm_medium=Banner+Ad&amp;utm_term=April&amp;utm_content=XT&amp;utm_campaign=DGA+-+Banner+Ads\" target=\"_blank\"><img decoding=\"async\" src=\"\/publicidad\/fluorescent-ink_300x200.gif\" width=\"290\" height=\"auto\" \/><\/a><\/td>\n<td width=\"300\"><a href=\"http:\/\/www.ciaindumentaria.com.ar\/camara\/\" target=\"_blank\"><img decoding=\"async\" src=\"\/publicidad\/banner-ciai.gif\" alt=\"\" width=\"290\" height=\"auto\" border=\"0\" \/><\/a><\/td>\n<\/tr>\n<\/tbody>\n<\/table>\n","protected":false},"excerpt":{"rendered":"<p>En el marco de la ceremonia de inauguraci\u00f3n de la edici\u00f3n 66 de IM Intermoda, los empresarios mexicanos del sector confecci\u00f3n advirtieron que durante el presente a\u00f1o la industria de vestido de su pa\u00eds enfrentar\u00e1 un entorno de fuerte incertidumbre. Por eso, explicaron, esta situaci\u00f3n la \u201cobligar\u00e1 a reinventarse en todos sus procesos\u201d. Samuel Gersevich, [&hellip;]<\/p>\n","protected":false},"author":1924,"featured_media":0,"comment_status":"closed","ping_status":"closed","sticky":false,"template":"","format":"standard","meta":{"footnotes":""},"categories":[52,58],"tags":[],"class_list":["post-3781","post","type-post","status-publish","format-standard","hentry","category-industria-de-la-confeccion","category-noticias-de-america-latina","count-0","even alt","author-adminct","last"],"_links":{"self":[{"href":"https:\/\/comunidadtextil.com\/wpnews\/wp-json\/wp\/v2\/posts\/3781","targetHints":{"allow":["GET"]}}],"collection":[{"href":"https:\/\/comunidadtextil.com\/wpnews\/wp-json\/wp\/v2\/posts"}],"about":[{"href":"https:\/\/comunidadtextil.com\/wpnews\/wp-json\/wp\/v2\/types\/post"}],"author":[{"embeddable":true,"href":"https:\/\/comunidadtextil.com\/wpnews\/wp-json\/wp\/v2\/users\/1924"}],"replies":[{"embeddable":true,"href":"https:\/\/comunidadtextil.com\/wpnews\/wp-json\/wp\/v2\/comments?post=3781"}],"version-history":[{"count":5,"href":"https:\/\/comunidadtextil.com\/wpnews\/wp-json\/wp\/v2\/posts\/3781\/revisions"}],"predecessor-version":[{"id":3786,"href":"https:\/\/comunidadtextil.com\/wpnews\/wp-json\/wp\/v2\/posts\/3781\/revisions\/3786"}],"wp:attachment":[{"href":"https:\/\/comunidadtextil.com\/wpnews\/wp-json\/wp\/v2\/media?parent=3781"}],"wp:term":[{"taxonomy":"category","embeddable":true,"href":"https:\/\/comunidadtextil.com\/wpnews\/wp-json\/wp\/v2\/categories?post=3781"},{"taxonomy":"post_tag","embeddable":true,"href":"https:\/\/comunidadtextil.com\/wpnews\/wp-json\/wp\/v2\/tags?post=3781"}],"curies":[{"name":"wp","href":"https:\/\/api.w.org\/{rel}","templated":true}]}}