{"id":3512,"date":"2016-10-31T17:53:01","date_gmt":"2016-10-31T20:53:01","guid":{"rendered":"http:\/\/www.comunidadtextil.com\/wpnews\/?p=3512"},"modified":"2016-12-21T18:01:39","modified_gmt":"2016-12-21T21:01:39","slug":"denuncian-en-protextil-que-hay-jueces-que-protegen-la-importacion-ilegal-de-textiles","status":"publish","type":"post","link":"https:\/\/comunidadtextil.com\/wpnews\/2016\/10\/denuncian-en-protextil-que-hay-jueces-que-protegen-la-importacion-ilegal-de-textiles\/","title":{"rendered":"Denuncian en ProTextil que hay jueces que protegen la importaci\u00f3n ilegal de textiles"},"content":{"rendered":"<p><strong>Documento: <a href=\"http:\/\/comunidadtextil.com\/notas-doc\/informe-economico-protextil2016.pdf\">Informe econ\u00f3mico Pro Textil 2016<\/a> (PDF)<br \/>\n<\/strong><\/p>\n<div id=\"attachment_3477\" style=\"width: 259px\" class=\"wp-caption alignleft\"><a href=\"http:\/\/www.comunidadtextil.com\/wpnews\/wp-content\/uploads\/2016\/10\/Ariel-Schale-director-ejecutivo-de-la-Fundaci\u00f3n-ProTejer-denunci\u00f3-irregularidades-en-las-importaciones-del-sector_2-.jpg\"><img loading=\"lazy\" decoding=\"async\" aria-describedby=\"caption-attachment-3477\" class=\" wp-image-3477\" src=\"http:\/\/www.comunidadtextil.com\/wpnews\/wp-content\/uploads\/2016\/10\/Ariel-Schale-director-ejecutivo-de-la-Fundaci\u00f3n-ProTejer-denunci\u00f3-irregularidades-en-las-importaciones-del-sector_2--300x200.jpg\" alt=\"Ariel Schale, director ejecutivo de la Fundaci\u00f3n ProTejer, denunci\u00f3 irregularidades en las importaciones del sector\" width=\"249\" height=\"166\" srcset=\"https:\/\/comunidadtextil.com\/wpnews\/wp-content\/uploads\/2016\/10\/Ariel-Schale-director-ejecutivo-de-la-Fundaci\u00f3n-ProTejer-denunci\u00f3-irregularidades-en-las-importaciones-del-sector_2--300x200.jpg 300w, https:\/\/comunidadtextil.com\/wpnews\/wp-content\/uploads\/2016\/10\/Ariel-Schale-director-ejecutivo-de-la-Fundaci\u00f3n-ProTejer-denunci\u00f3-irregularidades-en-las-importaciones-del-sector_2--150x100.jpg 150w, https:\/\/comunidadtextil.com\/wpnews\/wp-content\/uploads\/2016\/10\/Ariel-Schale-director-ejecutivo-de-la-Fundaci\u00f3n-ProTejer-denunci\u00f3-irregularidades-en-las-importaciones-del-sector_2-.jpg 640w\" sizes=\"auto, (max-width: 249px) 100vw, 249px\" \/><\/a><p id=\"caption-attachment-3477\" class=\"wp-caption-text\">Ariel Schale, director ejecutivo de la Fundaci\u00f3n ProTejer, denunci\u00f3 irregularidades en las importaciones del sector<\/p><\/div>\n<p>En el informe econ\u00f3mico de la reciente Convenci\u00f3n de la Agro Industria Textil &amp; Indumentaria de Argentina, ProTextil 16, realizada en Buenos Aires, Ariel Schale -director ejecutivo de la Fundaci\u00f3n ProTejer-, denunci\u00f3 que en la Argentina existen jueces que benefician con sus medidas judiciales de amparo a importadores \u201ctruchos\u201d. Explic\u00f3 que as\u00ed evitan la aplicaci\u00f3n de medidas aduaneras de administraci\u00f3n del comercio, afectando directamente a la industrial textil nacional y a sus trabajadores.<\/p>\n<p>En su intervenci\u00f3n sobre la situaci\u00f3n del sector, complementado por la economista Julieta Loustau, Schale aclar\u00f3 que el sector est\u00e1 realizando un seguimiento de esos jueces para avanzar con todos los procedimientos legales necesarios ante el Congreso para conseguir el juicio pol\u00edtico de los magistrados.<\/p>\n<p>\u201cEs injusto que jueces otorgan amparos a sociedades absolutamente fraudulentas, con vidas empresariales de no m\u00e1s de seis u ocho meses y que operan por decenas de millones de d\u00f3lares, que eluden el control de la administraci\u00f3n del comercio y destruyen puestos de trabajo y empresas de nuestro sector\u201d, se quej\u00f3 Schale al presentar un problema que afecta a la industria.<\/p>\n<p>\u201cEsto es lo que desde esta tribuna denunciamos y le decimos al Poder Judicial y a los jueces principalmente, que estamos monitore\u00e1ndolos y vamos a llevar adelante todas las medidas legales necesarias para presentar ante el Parlamento y solicitar el juicio pol\u00edtico\u201d, dijo Schale.<\/p>\n<p>Ante una ovaci\u00f3n, Schale agreg\u00f3 que esos jueces \u201cno hacen m\u00e1s que amparar delincuentes al otorgar amparos a sociedades \u201ctruchas\u201d sin ning\u00fan tipo de trayectorias e integradas por personas insolventes, est\u00e1 desamparando a la industria nacional y a los trabajadores\u201d, dijo Schale.<\/p>\n<p>Por ello, la Fundaci\u00f3n ProTejer seguir\u00e1 bregando por la integridad de la industria nacional ante la competencia desleal no solo de otros pa\u00edses sino tambi\u00e9n de operadores locales que sin escr\u00fapulos act\u00faan con protecci\u00f3n judicial.<\/p>\n<p><a href=\"http:\/\/www.comunidadtextil.com\/wpnews\/wp-content\/uploads\/2016\/10\/Ariel-Schale-director-ejecutivo-de-la-Fundaci\u00f3n-ProTejer-denunci\u00f3-irregularidades-en-las-importaciones-del-sector.jpg\"><img loading=\"lazy\" decoding=\"async\" class=\"alignleft size-medium wp-image-3476\" src=\"http:\/\/www.comunidadtextil.com\/wpnews\/wp-content\/uploads\/2016\/10\/Ariel-Schale-director-ejecutivo-de-la-Fundaci\u00f3n-ProTejer-denunci\u00f3-irregularidades-en-las-importaciones-del-sector-200x300.jpg\" alt=\"ariel-schale-director-ejecutivo-de-la-fundacion-protejer-denuncio-irregularidades-en-las-importaciones-del-sector\" width=\"200\" height=\"300\" srcset=\"https:\/\/comunidadtextil.com\/wpnews\/wp-content\/uploads\/2016\/10\/Ariel-Schale-director-ejecutivo-de-la-Fundaci\u00f3n-ProTejer-denunci\u00f3-irregularidades-en-las-importaciones-del-sector-200x300.jpg 200w, https:\/\/comunidadtextil.com\/wpnews\/wp-content\/uploads\/2016\/10\/Ariel-Schale-director-ejecutivo-de-la-Fundaci\u00f3n-ProTejer-denunci\u00f3-irregularidades-en-las-importaciones-del-sector-100x150.jpg 100w, https:\/\/comunidadtextil.com\/wpnews\/wp-content\/uploads\/2016\/10\/Ariel-Schale-director-ejecutivo-de-la-Fundaci\u00f3n-ProTejer-denunci\u00f3-irregularidades-en-las-importaciones-del-sector.jpg 427w\" sizes=\"auto, (max-width: 200px) 100vw, 200px\" \/><\/a>La industria textil viene afrontando desde hace muchos a\u00f1os la competencia desleal de pa\u00edses con costos productivos muy inferiores al local y tambi\u00e9n de operaciones de contrabando.<br \/>\nEl consumo argentino de productos textiles era de unas 500.000 toneladas anual antes del comienzo del proceso recesivo a fines de 2015, pero el 2016 cerrar\u00e1 con una baja de 75.000 toneladas.<\/p>\n<p>El dato que preocupa a los empresarios del sector es que hasta el a\u00f1o pasado la mitad de productos textiles eran cubiertos con producci\u00f3n nacional y este a\u00f1o la proporci\u00f3n bajar\u00e1 cinco puntos porcentuales, al 45%.<\/p>\n<p>El 81% de lo que ingres\u00f3 en lo que va de 2016 -proveniente principalmente de China, India y el Sudeste Asi\u00e1tico- es sustitutivo de la producci\u00f3n nacional, por lo que impacta directamente en las f\u00e1bricas argentinas.<\/p>\n<p>Schale y Loustau se\u00f1alaron que la importaci\u00f3n de productos asi\u00e1ticos se da en un marco de \u201ccompetencia desleal\u201d por los costos de producci\u00f3n muy inferiores que tienen los fabricantes de esos pa\u00edses.<\/p>\n<p>Schale dijo que sector textil enfrenta \u201cno solo la competencia desleal de pa\u00edses con costos productivos m\u00e1s bajos por salarios inferiores, sino tambi\u00e9n por el contrabando y operaciones comerciales multimillonarias de importadores fraudulentos que afectan a los fabricantes argentinos\u201d.<\/p>\n<p>El director ejecutivo de ProTejer dijo que el mundo est\u00e1 yendo hacia modelos de protecci\u00f3n de sus industrias en paralelo con pr\u00e1cticas que son cada vez peores, en un mundo de demanda contractiva y en constante b\u00fasqueda de mercados para colocar sus productos.<br \/>\n&#8212;&#8212;&#8212;&#8212;&#8212;&#8212;&#8212;&#8212;&#8212;&#8212;&#8212;&#8212;&#8212;&#8212;&#8212;&#8212;&#8212;&#8212;&#8212;&#8212;&#8212;&#8212;<br \/>\nAgencia Pedro L\u00f3pez y Asoc. \/ Comunidad Textil<\/p>\n<p dir=\"ltr\">\u2014\u2014\u2014\u2014\u2014\u2014\u2014\u2014\u2014\u2014\u2014\u2014\u2014\u2014\u2014\u2014\u2014\u2014\u2014\u2014\u2014\u2014\u2014\u2014\u2014\u2014\u2014\u2014\u2014\u2014\u2014\u2014\u2014\u2014\u2014\u2014\u2014\u2014\u2014\u2014\u2014\u2014\u2014\u2014<\/p>\n<p>Para comunicarse con Comunidad Textil: <a href=\"mailto:contacto@comunidadtextil.com\">contacto@comunidadtextil.com<\/a><\/p>\n<table border=\"0\" width=\"481\">\n<tbody>\n<tr>\n<td width=\"300\"><a href=\"https:\/\/www.facebook.com\/belkynuic\" target=\"_blank\"><img loading=\"lazy\" decoding=\"async\" src=\"\/cursos300x200.jpg\" alt=\"\" width=\"300\" height=\"200\" border=\"0\" \/><\/a><\/td>\n<td width=\"300\"><a href=\"https:\/\/www.rolanddga.com\/es\/productos\/impresoras\/texart-xt-640-dye-sublimation-printer?sc_lang=es&amp;utm_source=Communidad+Textil&amp;utm_medium=Banner+Ad&amp;utm_term=April&amp;utm_content=XT&amp;utm_campaign=DGA+-+Banner+Ads\" target=\"_blank\"><img decoding=\"async\" src=\"\/publicidad\/16_10_fluorescent-ink_300x200.gif\" width=\"290\" height=\"auto\" \/><\/a><\/td>\n<\/tr>\n<\/tbody>\n<\/table>\n","protected":false},"excerpt":{"rendered":"<p>Documento: Informe econ\u00f3mico Pro Textil 2016 (PDF) En el informe econ\u00f3mico de la reciente Convenci\u00f3n de la Agro Industria Textil &amp; Indumentaria de Argentina, ProTextil 16, realizada en Buenos Aires, Ariel Schale -director ejecutivo de la Fundaci\u00f3n ProTejer-, denunci\u00f3 que en la Argentina existen jueces que benefician con sus medidas judiciales de amparo a importadores [&hellip;]<\/p>\n","protected":false},"author":1924,"featured_media":0,"comment_status":"closed","ping_status":"closed","sticky":false,"template":"","format":"standard","meta":{"footnotes":""},"categories":[8],"tags":[],"class_list":["post-3512","post","type-post","status-publish","format-standard","hentry","category-argentina","count-0","even alt","author-adminct","last"],"_links":{"self":[{"href":"https:\/\/comunidadtextil.com\/wpnews\/wp-json\/wp\/v2\/posts\/3512","targetHints":{"allow":["GET"]}}],"collection":[{"href":"https:\/\/comunidadtextil.com\/wpnews\/wp-json\/wp\/v2\/posts"}],"about":[{"href":"https:\/\/comunidadtextil.com\/wpnews\/wp-json\/wp\/v2\/types\/post"}],"author":[{"embeddable":true,"href":"https:\/\/comunidadtextil.com\/wpnews\/wp-json\/wp\/v2\/users\/1924"}],"replies":[{"embeddable":true,"href":"https:\/\/comunidadtextil.com\/wpnews\/wp-json\/wp\/v2\/comments?post=3512"}],"version-history":[{"count":8,"href":"https:\/\/comunidadtextil.com\/wpnews\/wp-json\/wp\/v2\/posts\/3512\/revisions"}],"predecessor-version":[{"id":3520,"href":"https:\/\/comunidadtextil.com\/wpnews\/wp-json\/wp\/v2\/posts\/3512\/revisions\/3520"}],"wp:attachment":[{"href":"https:\/\/comunidadtextil.com\/wpnews\/wp-json\/wp\/v2\/media?parent=3512"}],"wp:term":[{"taxonomy":"category","embeddable":true,"href":"https:\/\/comunidadtextil.com\/wpnews\/wp-json\/wp\/v2\/categories?post=3512"},{"taxonomy":"post_tag","embeddable":true,"href":"https:\/\/comunidadtextil.com\/wpnews\/wp-json\/wp\/v2\/tags?post=3512"}],"curies":[{"name":"wp","href":"https:\/\/api.w.org\/{rel}","templated":true}]}}