{"id":3494,"date":"2016-10-28T12:38:25","date_gmt":"2016-10-28T15:38:25","guid":{"rendered":"http:\/\/www.comunidadtextil.com\/wpnews\/?p=3494"},"modified":"2016-12-21T18:01:39","modified_gmt":"2016-12-21T21:01:39","slug":"industriales-debatieron-sobre-las-claves-del-sector-textil","status":"publish","type":"post","link":"https:\/\/comunidadtextil.com\/wpnews\/2016\/10\/industriales-debatieron-sobre-las-claves-del-sector-textil\/","title":{"rendered":"Industriales debatieron sobre las claves del sector textil"},"content":{"rendered":"<div id=\"attachment_3475\" style=\"width: 258px\" class=\"wp-caption alignright\"><a href=\"http:\/\/www.comunidadtextil.com\/wpnews\/wp-content\/uploads\/2016\/10\/Un-panel-de-economistas-debati\u00f3-sobre-el-posible-desarrollo-de-la-econom\u00eda-de-Argentina-en-el-2017___5.jpg\"><img loading=\"lazy\" decoding=\"async\" aria-describedby=\"caption-attachment-3475\" class=\" wp-image-3475\" src=\"http:\/\/www.comunidadtextil.com\/wpnews\/wp-content\/uploads\/2016\/10\/Un-panel-de-economistas-debati\u00f3-sobre-el-posible-desarrollo-de-la-econom\u00eda-de-Argentina-en-el-2017___5-300x195.jpg\" alt=\"Un panel de economistas debati\u00f3 sobre el posible desarrollo de la econom\u00eda de Argentina en el 2017\" width=\"248\" height=\"161\" srcset=\"https:\/\/comunidadtextil.com\/wpnews\/wp-content\/uploads\/2016\/10\/Un-panel-de-economistas-debati\u00f3-sobre-el-posible-desarrollo-de-la-econom\u00eda-de-Argentina-en-el-2017___5-300x195.jpg 300w, https:\/\/comunidadtextil.com\/wpnews\/wp-content\/uploads\/2016\/10\/Un-panel-de-economistas-debati\u00f3-sobre-el-posible-desarrollo-de-la-econom\u00eda-de-Argentina-en-el-2017___5-150x97.jpg 150w, https:\/\/comunidadtextil.com\/wpnews\/wp-content\/uploads\/2016\/10\/Un-panel-de-economistas-debati\u00f3-sobre-el-posible-desarrollo-de-la-econom\u00eda-de-Argentina-en-el-2017___5.jpg 640w\" sizes=\"auto, (max-width: 248px) 100vw, 248px\" \/><\/a><p id=\"caption-attachment-3475\" class=\"wp-caption-text\">Un panel de economistas debati\u00f3 sobre el posible desarrollo de la econom\u00eda de Argentina en el 2017<\/p><\/div>\n<p>En el marco de la Convenci\u00f3n ProTextil, un panel de debate sobre \u00abEl rompecabezas de la competitividad\u00bb, estuvo integrado por los empresarios Teddy Karagozian, Jos\u00e9 Uturbey, Jos\u00e9 Ignacio De Mendiguren, junto al economista Vicente Donato y la coordinaci\u00f3n del periodista Alejandro Bercovich. Alertaron sobre los principales desaf\u00edos del sector, cuestionaron la falta de cr\u00e9dito y alertaron que el gobierno cometer\u00eda un error si abre las importaciones cada vez m\u00e1s.<\/p>\n<p>El diputado nacional del Frente Renovador e industrial textil Jos\u00e9 Ignacio de Mendiguren le reproch\u00f3 al ministro de Hacienda, Alfonso Prat-Gay haber pedido que los empresarios empiecen a entrenar para competir y le contest\u00f3: \u201cSi esperan que juguemos en Roland Garros y nos dan una paleta de paddle, es imposible\u201d, lo cual desat\u00f3 aplausos entre los asistentes.<\/p>\n<p>Elogi\u00f3 a la Fundaci\u00f3n Pro Tejer por la gran tarea que realiza y sostuvo estar \u201ccansado\u201d de que \u201ccada 10 a\u00f1os discutimos lo mismo\u201d. \u201cCada 10 a\u00f1os entramos en crisis, cuando nos faltan d\u00f3lares, porque la Argentina le vende al mundo lo que vale poco y le compra al mundo lo que<br \/>\nvale mucho\u201d, critic\u00f3 el legislador. \u201cCuando viene ese problema aparecen los devaluadores y los endeudadores\u201d, se quej\u00f3.<\/p>\n<p>\u201cEl gobierno \u2018populista\u2019 de turno le echa la culpa a los empresarios y la ortodoxia al d\u00e9ficit fiscal, cuando no entendemos que el verdadero problema es el subdesarrollo, la matriz productiva argentina que no logra hacerse de los d\u00f3lares suficientes para bancar su crecimiento\u201d, explic\u00f3.<\/p>\n<p>El industrial reproch\u00f3 que \u201cdevaluando y endeud\u00e1ndose no se arregla la log\u00edstica\u201d, y grafic\u00f3: \u201cSi la deuda la tomo para corregir la brecha, esa deuda es inversi\u00f3n. Pero la Argentina se endeuda no para corregirlo sino para tapar el agujero, entonces lo que estoy contrayendo es<br \/>\nincapacidad de repago\u201d.<\/p>\n<p>\u201cToma un impulso que se aleja de econom\u00eda real y empieza a depender, no de manejar su econom\u00eda a trav\u00e9s de su generaci\u00f3n de riqueza, sino a trav\u00e9s de los flujos internacionales de capitales que son los que deciden tu vida\u201d, dijo y analiz\u00f3 que en esa situaci\u00f3n \u201clos eslabones<br \/>\nproductivos de la Argentina perdemos\u201d.<\/p>\n<p>Catalog\u00f3 de \u201ccatastr\u00f3fico\u201d que \u201cno se comprende que tenemos que transformar la matriz productiva y creemos que la salida es seguir exportando porotos a los chinos y traer indumentaria de ah\u00ed\u201d.<\/p>\n<p>\u201cSi lo hacemos en t\u00e9rminos de empleo es catastr\u00f3fico, exportamos por 400 mil empleos e importamos por 1 mill\u00f3n 200 mil empleos\u201d, alert\u00f3.<\/p>\n<p>*Vicente Donato*, de la Universidad di Bologna, sostuvo que \u201cel nivel de competitividad no tiene correlaci\u00f3n con el nivel tecnol\u00f3gico, la Fundaci\u00f3n produjo unos gr\u00e1ficos que muestran que en las 4 categor\u00edas de inversi\u00f3n en maquinaria si uno compara los problemas principales que tienen estas empresas con 4 niveles tecnol\u00f3gicos distintos, son iguales\u201d.<\/p>\n<p>\u201cLa carga fiscal, los costos de producci\u00f3n y el tercer problema la rentabilidad que es la contracara, todas el mismo problema\u201d, afirm\u00f3. Alert\u00f3 que el problema \u201ces sist\u00e9mico y macroecon\u00f3mico\u201d, e hizo hincapi\u00e9 en \u201cen la inexistencia de un sistema financiero en Argentina\u201d.<\/p>\n<p>\u201cEn todo el mundo se tiene 2 componentes, uno el de los intermediarios, los bancos, y el otro es el mercado de capitales, Argentina no tiene ninguno de los dos componentes del sistema financiero\u201d, explic\u00f3.<\/p>\n<p>\u201cHay una gran confusi\u00f3n, se dice que si hay inversi\u00f3n habr\u00e1 cr\u00e9dito, no, si hay cr\u00e9dito habr\u00e1 inversi\u00f3n. Es uno de los problemas conceptuales que tenemos\u201d, asegur\u00f3 Donato..<\/p>\n<p>\u201cLos bancos a cu\u00e1ntas empresas llegan? S\u00f3lo al 30%. El Banco Central debe trabajar sobre las tasas, sino tambi\u00e9n cambiar regulaciones para que el cr\u00e9dito aumente la proporci\u00f3n de capital de trabajo. Debe ser 50% para capital de trabajo y 50% para bienes de inversi\u00f3n. Hace falta m\u00e1s capital de trabajo\u201d, se\u00f1al\u00f3<\/p>\n<p>Jos\u00e9 Urtubey, de la UIA, consider\u00f3 necesario \u201ctrabajar con el concepto de competitividad sist\u00e9mica. En 14% del Producto Bruto de financiaci\u00f3n de lo que llega al sector privado, es solo un 20% lo que va a producci\u00f3n, el resto va a consumo\u201d. Y sostuvo que \u201cel financiamiento est\u00e1 concentrado en los grandes centros urbanos, y al interior no llega nada\u201d. Y dijo que la \u201cgran deuda es alcanzar un verdadero federalismo (..) El Papa dice que no se puede tratar como iguales a los que no lo son\u201d.<\/p>\n<p>\u201cAspiramos al modelo australiano\u201d, dijo, pero advirti\u00f3 que hay que debatir qu\u00e9 tomar\u00edamos de ese modelo. Australia tiene 22 millones de habitantes, nosotros 44\u201d, se\u00f1al\u00f3. \u201cEs un buen momento para debatir las metas, m\u00e1s all\u00e1 de inflaci\u00f3n, salarios, bonos. Qu\u00e9 modelo de desarrollo queremos\u201d, dijo.<\/p>\n<p>En tanto, Teddy Karagozian, de la textil TN&amp;Platex, dijo que \u201chay que basarse en la comprensi\u00f3n de lo que la sociedad piensa de los industriales. (\u2026) \u201cLas esposas de mis amigos me preguntan por qu\u00e9 la ropa es cara, despu\u00e9s de haber invertido mucho tiempo en la Fundaci\u00f3n, es claro que realmente la manufactura es una parte muy chica en el costo de la ropa\u201d, se\u00f1al\u00f3. \u201cEs nuestra obligaci\u00f3n explicar a toda la sociedad como se compone el precio de la ropa, aunque sea repetitivo. No es suficiente, a miles de personas hay que explicarles miles de veces\u201d.<\/p>\n<p>\u201cLas empresas que estamos ac\u00e1, todas por inter\u00e9s ego\u00edsta somos altamente productivos. Hay que poner m\u00e1s impuestos al consumo en lugar de a la producci\u00f3n\u201d, se\u00f1al\u00f3 Karagozian.<\/p>\n<p dir=\"ltr\">\u2014\u2014\u2014\u2014\u2014\u2014\u2014\u2014\u2014\u2014\u2014\u2014\u2014\u2014\u2014\u2014\u2014\u2014\u2014\u2014\u2014\u2014\u2014\u2014\u2014\u2014\u2014\u2014\u2014\u2014\u2014\u2014\u2014\u2014\u2014\u2014\u2014\u2014\u2014\u2014\u2014\u2014\u2014\u2014<\/p>\n<p>Para comunicarse con Comunidad Textil: <a href=\"mailto:contacto@comunidadtextil.com\">contacto@comunidadtextil.com<\/a><\/p>\n<table border=\"0\" width=\"481\">\n<tbody>\n<tr>\n<td width=\"300\"><a href=\"http:\/\/www.pedidosmayoristas.com\/novotex\/\" target=\"_blank\"><img loading=\"lazy\" decoding=\"async\" src=\"http:\/\/cueroamerica.info\/sponsors\/banner-novotex.jpg\" alt=\"\" width=\"300\" height=\"200\" border=\"0\"><\/a><\/td>\n<td width=\"300\"><a href=\"https:\/\/www.rolanddga.com\/es\/productos\/impresoras\/texart-xt-640-dye-sublimation-printer?sc_lang=es&amp;utm_source=Communidad+Textil&amp;utm_medium=Banner+Ad&amp;utm_term=April&amp;utm_content=XT&amp;utm_campaign=DGA+-+Banner+Ads\" target=\"_blank\"><img decoding=\"async\" src=\"\/publicidad\/16_10_fluorescent-ink_300x200.gif\" width=\"290\" height=\"auto\" \/><\/a><\/td>\n<\/tr>\n<\/tbody>\n<\/table>\n","protected":false},"excerpt":{"rendered":"<p>En el marco de la Convenci\u00f3n ProTextil, un panel de debate sobre \u00abEl rompecabezas de la competitividad\u00bb, estuvo integrado por los empresarios Teddy Karagozian, Jos\u00e9 Uturbey, Jos\u00e9 Ignacio De Mendiguren, junto al economista Vicente Donato y la coordinaci\u00f3n del periodista Alejandro Bercovich. Alertaron sobre los principales desaf\u00edos del sector, cuestionaron la falta de cr\u00e9dito y [&hellip;]<\/p>\n","protected":false},"author":1924,"featured_media":0,"comment_status":"closed","ping_status":"closed","sticky":false,"template":"","format":"standard","meta":{"footnotes":""},"categories":[8],"tags":[],"class_list":["post-3494","post","type-post","status-publish","format-standard","hentry","category-argentina","count-0","even alt","author-adminct","last"],"_links":{"self":[{"href":"https:\/\/comunidadtextil.com\/wpnews\/wp-json\/wp\/v2\/posts\/3494","targetHints":{"allow":["GET"]}}],"collection":[{"href":"https:\/\/comunidadtextil.com\/wpnews\/wp-json\/wp\/v2\/posts"}],"about":[{"href":"https:\/\/comunidadtextil.com\/wpnews\/wp-json\/wp\/v2\/types\/post"}],"author":[{"embeddable":true,"href":"https:\/\/comunidadtextil.com\/wpnews\/wp-json\/wp\/v2\/users\/1924"}],"replies":[{"embeddable":true,"href":"https:\/\/comunidadtextil.com\/wpnews\/wp-json\/wp\/v2\/comments?post=3494"}],"version-history":[{"count":5,"href":"https:\/\/comunidadtextil.com\/wpnews\/wp-json\/wp\/v2\/posts\/3494\/revisions"}],"predecessor-version":[{"id":3500,"href":"https:\/\/comunidadtextil.com\/wpnews\/wp-json\/wp\/v2\/posts\/3494\/revisions\/3500"}],"wp:attachment":[{"href":"https:\/\/comunidadtextil.com\/wpnews\/wp-json\/wp\/v2\/media?parent=3494"}],"wp:term":[{"taxonomy":"category","embeddable":true,"href":"https:\/\/comunidadtextil.com\/wpnews\/wp-json\/wp\/v2\/categories?post=3494"},{"taxonomy":"post_tag","embeddable":true,"href":"https:\/\/comunidadtextil.com\/wpnews\/wp-json\/wp\/v2\/tags?post=3494"}],"curies":[{"name":"wp","href":"https:\/\/api.w.org\/{rel}","templated":true}]}}