{"id":3481,"date":"2016-10-28T12:10:43","date_gmt":"2016-10-28T15:10:43","guid":{"rendered":"http:\/\/www.comunidadtextil.com\/wpnews\/?p=3481"},"modified":"2016-12-21T18:01:39","modified_gmt":"2016-12-21T21:01:39","slug":"la-protextil16-cuestiono-las-politicas-que-provocaron-la-fuerte-caida-en-la-industria","status":"publish","type":"post","link":"https:\/\/comunidadtextil.com\/wpnews\/2016\/10\/la-protextil16-cuestiono-las-politicas-que-provocaron-la-fuerte-caida-en-la-industria\/","title":{"rendered":"La ProTextil16 cuestion\u00f3 las pol\u00edticas que provocaron la fuerte ca\u00edda en la industria"},"content":{"rendered":"<p><strong>Documento:<\/strong><a href=\"http:\/\/www.comunidadtextil.com\/wpnews\/2016\/10\/discurso-de-apertura-del-presidente-de-la-fundacion-protejer-ing-jorge-sorabilla\/\" target=\"_blank\"><br \/>\nDiscurso completo de Jorge Sorabilla, presidente de la Fundaci\u00f3n PROTEJER<\/a><br \/>\n<strong>Otros Temas:<\/strong><br \/>\n<a href=\"http:\/\/www.comunidadtextil.com\/wpnews\/2016\/10\/industriales-debatieron-sobre-las-claves-del-sector-textil\/\" target=\"_blank\"> Industriales debatieron sobre las claves del sector textil<\/a><br \/>\n<a href=\"http:\/\/www.comunidadtextil.com\/wpnews\/2016\/10\/patricia-marino-nuevos-desarrollos-tecnologicos-en-el-sector-textil\/\" target=\"_blank\"> Patricia Marino Nuevos desarrollos tecnol\u00f3gicos en el sector textil<br \/>\n<\/a><br \/>\nEn el marco de la reciente edici\u00f3n de la Convenci\u00f3n ProTextil 2016, el presidente de la Fundaci\u00f3n ProTejer, Jorge Sorabilla, advirti\u00f3 sobre el alza de las importaciones y estim\u00f3 que las ventas del sector cayeron 30% y se perdieron unos 2.000 empleos. Durante la tradicional jornada de la industria textil argentina, se brindaron un informe econ\u00f3mico, uno de mercado y otro tecnol\u00f3gico, debatieron empresarios y economistas y marcaron su presencia funcionarios nacionales.<\/p>\n<div id=\"attachment_3478\" style=\"width: 310px\" class=\"wp-caption alignleft\"><a href=\"http:\/\/www.comunidadtextil.com\/wpnews\/wp-content\/uploads\/2016\/10\/Ing.-Jorge-Sorabilla-presidente-de-la-Fundaci\u00f3n-ProTejer-.jpg\"><img loading=\"lazy\" decoding=\"async\" aria-describedby=\"caption-attachment-3478\" class=\"wp-image-3478 size-medium\" src=\"http:\/\/www.comunidadtextil.com\/wpnews\/wp-content\/uploads\/2016\/10\/Ing.-Jorge-Sorabilla-presidente-de-la-Fundaci\u00f3n-ProTejer--300x169.jpg\" alt=\"Ing. Jorge Sorabilla, presidente de la Fundaci\u00f3n ProTejer\" width=\"300\" height=\"169\" srcset=\"https:\/\/comunidadtextil.com\/wpnews\/wp-content\/uploads\/2016\/10\/Ing.-Jorge-Sorabilla-presidente-de-la-Fundaci\u00f3n-ProTejer--300x169.jpg 300w, https:\/\/comunidadtextil.com\/wpnews\/wp-content\/uploads\/2016\/10\/Ing.-Jorge-Sorabilla-presidente-de-la-Fundaci\u00f3n-ProTejer--768x432.jpg 768w, https:\/\/comunidadtextil.com\/wpnews\/wp-content\/uploads\/2016\/10\/Ing.-Jorge-Sorabilla-presidente-de-la-Fundaci\u00f3n-ProTejer--150x84.jpg 150w, https:\/\/comunidadtextil.com\/wpnews\/wp-content\/uploads\/2016\/10\/Ing.-Jorge-Sorabilla-presidente-de-la-Fundaci\u00f3n-ProTejer-.jpg 960w\" sizes=\"auto, (max-width: 300px) 100vw, 300px\" \/><\/a><p id=\"caption-attachment-3478\" class=\"wp-caption-text\">Ing. Jorge Sorabilla, presidente de la Fundaci\u00f3n ProTejer<\/p><\/div>\n<p>Se realiz\u00f3 recientemente la Convenci\u00f3n ProTextil 2016 organizada por la Fundaci\u00f3n ProTejer, entidad que re\u00fane a toda la cadena Agro Industria Textil &amp; Indumentaria de la Argentina. El evento congreg\u00f3 a unos 1.500 empresarios y profesionales, que escucharon a autoridades del sector, funcionarios nacionales, empresarios y diversos profesionales.<\/p>\n<p>En su discurso de apertura Jorge Sorabilla, presidente de la Fundaci\u00f3n ProTejer, asegur\u00f3 que cada empresario del sector es consciente del momento \u201ccomplejo y dif\u00edcil\u201d que atraviesa la industria por la ca\u00edda del 30% en las ventas en lo que va del a\u00f1o, ante una menor demanda. Se\u00f1al\u00f3 que a esto se suma el fuerte aumento de las importaciones.<\/p>\n<p>El directivo advirti\u00f3 tambi\u00e9n que la actividad productiva de la industria textil anot\u00f3 en septiembre una ca\u00edda anual del 25%, con la supresi\u00f3n de unos 20.000 empleos acumulados en lo que va de 2016. La situaci\u00f3n fue expuesta con datos relevados por la Fundaci\u00f3n ProTejer y abordado en detalle, adem\u00e1s, en un informe del sector presentado por el director ejecutivo de la entidad, Ariel Schale.<\/p>\n<p>Sorabilla aclar\u00f3 que en 2016 la Fundaci\u00f3n ProTejer no dej\u00f3 de comunicar las problem\u00e1ticas del sector, siempre con el \u00e1nimo de ayudar a mejorar la coyuntura. \u201cDebemos apoyar p\u00fablicamente las medidas que nos favorecen y se\u00f1alar los problemas de la cadena de valor, siempre con las mejores intenciones porque nuestras palabras no deben lastimar sino contribuir al desarrollo de la econom\u00eda del pa\u00eds\u201d, apunto el dirigente textil.<\/p>\n<p>Con las f\u00e1bricas operando el 65% de su capacidad instalada, los empresarios textiles aseguran que fue la combinaci\u00f3n de dos fen\u00f3menos lo que impact\u00f3 este a\u00f1o en la actividad, pero son optimistas respecto de poder reencausar el rumbo.<\/p>\n<p>\u201cHubo una mezcla explosiva: la ca\u00edda de la demanda del consumo interno con el aumento de las importaciones. Eso gener\u00f3 recortes en las horas trabajadas, suspensiones y cesant\u00edas en algunas plantas\u201d, sostuvo Sorabilla.<\/p>\n<p>Las importaciones totales hasta el 30 de septiembre alcanzaron 176.700 toneladas, lo que signific\u00f3 un incremento del 15% anual, con datos que alertan como el 26% de crecimiento en el ingreso externo de hilados, indic\u00f3, en tanto, Schale.<\/p>\n<p>Por su parte, el presidente de la Fundaci\u00f3n ProTejer dijo que hay \u201cuna muy buena noticia: hay una desaceleraci\u00f3n de las importaciones. De todo el incremento de este a\u00f1o, el 89% se registr\u00f3 en el primer semestre\u201d.<\/p>\n<p>Agreg\u00f3 Sorabilla que la Convenci\u00f3n ProTextil fue pensada para aportar claridad en el rumbo que el sector necesita transitar, para retomar una agenda virtuosa de crecimiento y generaci\u00f3n de empleo.<\/p>\n<p>El dirigente textil destac\u00f3 el trabajo que, en forma permanente, realiza la Fundaci\u00f3n ProTejer como foro de debate, para los integrantes de la cadena productiva de cara al mejoramiento integral de la actividad, a\u00f1o tras a\u00f1o.<\/p>\n<p>\u201cEste evento demuestra que hemos conseguido posicionar a la cadena de valor como un actor relevante para el desarrollo econ\u00f3mico y social de nuestro pa\u00eds\u201d, destac\u00f3 Sorabilla, ante un auditorio colmado de empresarios y profesionales del sector textil e indumentaria.<\/p>\n<p>Remarc\u00f3 que la Fundaci\u00f3n ProTejer trabaja en el resguardo del mercado interno y las herramientas de administraci\u00f3n del comercio, en defensa de los empleos y tambi\u00e9n de los consumidores, que son clave para el sostenimiento de la cadena.<\/p>\n<p>Destac\u00f3 que para cuidar a los consumidores, se debe entender que los productores textiles no son culpables de las subas de precios porque esa problem\u00e1tica est\u00e1 atravesada por otros problemas.<\/p>\n<p>Y afirm\u00f3 que existen altos costos productivos que son generados por fuera de la cadena, como la renta inmobiliaria, que en la Argentina es de las m\u00e1s altas del mundo, adem\u00e1s de la carga fiscal excesiva, el ausentismo laboral y la litigiosidad, que son escollos que hay que resolver.<\/p>\n<p>Esos factores, sumados a los de ca\u00edda de ventas por un contexto de demanda recesiva, generan adem\u00e1s un cambio de expectativas comerciales que se refleja en una parte importante del canal mayorista.<\/p>\n<p>Sorabilla dijo que el sector, con sus 20.000 empresas textiles y de confecci\u00f3n que generan 450.000 empleos directos, apoyar\u00e1 todas las pol\u00edticas de Estado que sean apropiadas generar el desarrollo productivo de la Argentina.<\/p>\n<p>\u201cLa cadena de valor necesita desplegar una agenda de competitividad, que incentive y facilite la articulaci\u00f3n entre los distintos eslabones. Y estamos ante la posibilidad de duplicar el nivel de actividad industrial alcanzado en 2015 y replicar el comportamiento inversor de generar 3.500 millones de d\u00f3lares como en los \u00faltimos a\u00f1os\u201d, dijo el dirigente.<\/p>\n<p>A\u00f1adi\u00f3 Sorabilla que el poder pol\u00edtico debe entender que todo costo fiscal que le Estado deba asumir para impulsar el desarrollo textil debe ser entendido como una inversi\u00f3n para la redistribuci\u00f3n de la riqueza para el desarrollo federal.<\/p>\n<p>\u201cEstamos de acuerdo con que la Argentina necesita una econom\u00eda integrada al mundo, pero para que esto resulte virtuoso, los empresarios argentinos debemos competir en igualdad de condiciones\u201d, dijo.<\/p>\n<div id=\"attachment_3480\" style=\"width: 217px\" class=\"wp-caption alignright\"><a href=\"http:\/\/www.comunidadtextil.com\/wpnews\/wp-content\/uploads\/2016\/10\/Tras-permitir-una-invasi\u00f3n-de-importacionesel-ministro-de-la-Producci\u00f3n-prometi\u00f3-a-los-industriales-argentinos-cuidar-al-sector-textil-indumentari-.jpg\"><img loading=\"lazy\" decoding=\"async\" aria-describedby=\"caption-attachment-3480\" class=\"wp-image-3480 size-medium\" src=\"http:\/\/www.comunidadtextil.com\/wpnews\/wp-content\/uploads\/2016\/10\/Tras-permitir-una-invasi\u00f3n-de-importacionesel-ministro-de-la-Producci\u00f3n-prometi\u00f3-a-los-industriales-argentinos-cuidar-al-sector-textil-indumentari--207x300.jpg\" alt=\"Tras permitir una invasi\u00f3n de importaciones, el ministro de la Producci\u00f3n, Ing. Francisco Cabrera, prometi\u00f3 a los industriales argentinos cuidar al sector textil y de indumentaria\" width=\"207\" height=\"300\" srcset=\"https:\/\/comunidadtextil.com\/wpnews\/wp-content\/uploads\/2016\/10\/Tras-permitir-una-invasi\u00f3n-de-importacionesel-ministro-de-la-Producci\u00f3n-prometi\u00f3-a-los-industriales-argentinos-cuidar-al-sector-textil-indumentari--207x300.jpg 207w, https:\/\/comunidadtextil.com\/wpnews\/wp-content\/uploads\/2016\/10\/Tras-permitir-una-invasi\u00f3n-de-importacionesel-ministro-de-la-Producci\u00f3n-prometi\u00f3-a-los-industriales-argentinos-cuidar-al-sector-textil-indumentari--103x150.jpg 103w, https:\/\/comunidadtextil.com\/wpnews\/wp-content\/uploads\/2016\/10\/Tras-permitir-una-invasi\u00f3n-de-importacionesel-ministro-de-la-Producci\u00f3n-prometi\u00f3-a-los-industriales-argentinos-cuidar-al-sector-textil-indumentari-.jpg 496w\" sizes=\"auto, (max-width: 207px) 100vw, 207px\" \/><\/a><p id=\"caption-attachment-3480\" class=\"wp-caption-text\">Tras permitir una invasi\u00f3n de importaciones, el ministro de la Producci\u00f3n, Ing. Francisco Cabrera, prometi\u00f3 a los industriales argentinos cuidar al sector textil y de indumentaria<\/p><\/div>\n<p>Indic\u00f3 tambi\u00e9n que la configuraci\u00f3n econ\u00f3mica actual medida en la carga fiscal sobre las empresas que pagan impuestos, tasas de inter\u00e9s elevada y tipo de cambio real bajo no son condiciones ideales para generar competitividad.<\/p>\n<p>Sorabilla se expres\u00f3 a favor de defender a la industria y al consumidor, y cuidar la soberan\u00eda productiva y redoblar el esfuerzo que se hizo a principios de a\u00f1o con el combate del contrabando con la reincorporaci\u00f3n del titular de la Aduana, Juan Jos\u00e9 G\u00f3mez Centuri\u00f3n.<\/p>\n<p>\u201cHace 200 a\u00f1os que se requiere de una pol\u00edtica industrial entendida como una pol\u00edtica de estado que contenga a todos los sectores: tenemos por delante como lo se\u00f1al\u00f3 el presidente de la Naci\u00f3n, Mauricio Macri, de reducir la pobreza\u201d, expres\u00f3 Sorabilla.<\/p>\n<p>Durante el desarrollo del encuentro se pudo escuchar el impactante informe econ\u00f3mico elaborado por Ariel Schale y Julieta Lousteau, se realizaron dos paneles de discusi\u00f3n y tambi\u00e9n la palabra de la vicepresidente de la Naci\u00f3n, Gabriela Michetti, del Ministro de la Producci\u00f3n, Francisco Cabrera, y de la directora del centro tecnol\u00f3gico INTI Cueros, Patricia Marino.<\/p>\n<p>&#8212;&#8212;&#8212;&#8212;&#8212;&#8212;&#8212;&#8212;&#8212;&#8212;&#8212;&#8212;&#8212;&#8212;&#8212;&#8212;&#8212;&#8212;&#8212;&#8212;&#8212;&#8211;<\/p>\n<p>Agencia Pedro L\u00f3pez y Asoc. \/ Comunidad Textil<\/p>\n<p dir=\"ltr\">\u2014\u2014\u2014\u2014\u2014\u2014\u2014\u2014\u2014\u2014\u2014\u2014\u2014\u2014\u2014\u2014\u2014\u2014\u2014\u2014\u2014\u2014\u2014\u2014\u2014\u2014\u2014\u2014\u2014\u2014\u2014\u2014\u2014\u2014\u2014\u2014\u2014\u2014\u2014\u2014\u2014\u2014\u2014\u2014<\/p>\n<p>Para comunicarse con Comunidad Textil: <a href=\"mailto:contacto@comunidadtextil.com\">contacto@comunidadtextil.com<\/a><\/p>\n<table border=\"0\" width=\"481\">\n<tbody>\n<tr>\n<td width=\"300\"><a href=\"https:\/\/www.rolanddga.com\/es\/productos\/impresoras\/texart-xt-640-dye-sublimation-printer?sc_lang=es&amp;utm_source=Communidad+Textil&amp;utm_medium=Banner+Ad&amp;utm_term=April&amp;utm_content=XT&amp;utm_campaign=DGA+-+Banner+Ads\" target=\"_blank\"><img decoding=\"async\" src=\"\/publicidad\/16_10_fluorescent-ink_300x200.gif\" width=\"290\" height=\"auto\" \/><\/a><\/td>\n<td width=\"300\"><a href=\"https:\/\/www.facebook.com\/belkynuic\" target=\"_blank\"><img decoding=\"async\" src=\"\/cursos300x200.jpg\" alt=\"\" width=\"290\" height=\"auto\" border=\"0\" \/><\/a><\/td>\n<\/tr>\n<\/tbody>\n<\/table>\n","protected":false},"excerpt":{"rendered":"<p>Documento: Discurso completo de Jorge Sorabilla, presidente de la Fundaci\u00f3n PROTEJER Otros Temas: Industriales debatieron sobre las claves del sector textil Patricia Marino Nuevos desarrollos tecnol\u00f3gicos en el sector textil En el marco de la reciente edici\u00f3n de la Convenci\u00f3n ProTextil 2016, el presidente de la Fundaci\u00f3n ProTejer, Jorge Sorabilla, advirti\u00f3 sobre el alza de [&hellip;]<\/p>\n","protected":false},"author":1924,"featured_media":0,"comment_status":"closed","ping_status":"closed","sticky":false,"template":"","format":"standard","meta":{"footnotes":""},"categories":[8],"tags":[],"class_list":["post-3481","post","type-post","status-publish","format-standard","hentry","category-argentina","count-0","even alt","author-adminct","last"],"_links":{"self":[{"href":"https:\/\/comunidadtextil.com\/wpnews\/wp-json\/wp\/v2\/posts\/3481","targetHints":{"allow":["GET"]}}],"collection":[{"href":"https:\/\/comunidadtextil.com\/wpnews\/wp-json\/wp\/v2\/posts"}],"about":[{"href":"https:\/\/comunidadtextil.com\/wpnews\/wp-json\/wp\/v2\/types\/post"}],"author":[{"embeddable":true,"href":"https:\/\/comunidadtextil.com\/wpnews\/wp-json\/wp\/v2\/users\/1924"}],"replies":[{"embeddable":true,"href":"https:\/\/comunidadtextil.com\/wpnews\/wp-json\/wp\/v2\/comments?post=3481"}],"version-history":[{"count":12,"href":"https:\/\/comunidadtextil.com\/wpnews\/wp-json\/wp\/v2\/posts\/3481\/revisions"}],"predecessor-version":[{"id":3511,"href":"https:\/\/comunidadtextil.com\/wpnews\/wp-json\/wp\/v2\/posts\/3481\/revisions\/3511"}],"wp:attachment":[{"href":"https:\/\/comunidadtextil.com\/wpnews\/wp-json\/wp\/v2\/media?parent=3481"}],"wp:term":[{"taxonomy":"category","embeddable":true,"href":"https:\/\/comunidadtextil.com\/wpnews\/wp-json\/wp\/v2\/categories?post=3481"},{"taxonomy":"post_tag","embeddable":true,"href":"https:\/\/comunidadtextil.com\/wpnews\/wp-json\/wp\/v2\/tags?post=3481"}],"curies":[{"name":"wp","href":"https:\/\/api.w.org\/{rel}","templated":true}]}}