{"id":3435,"date":"2016-10-06T10:30:54","date_gmt":"2016-10-06T13:30:54","guid":{"rendered":"http:\/\/www.comunidadtextil.com\/wpnews\/?p=3435"},"modified":"2016-12-21T18:01:39","modified_gmt":"2016-12-21T21:01:39","slug":"en-argentina-las-ventas-del-sector-en-septiembre-caen-96-y-ya-suman-9-meses-de-fuerte-crisis-en-la-industria","status":"publish","type":"post","link":"https:\/\/comunidadtextil.com\/wpnews\/2016\/10\/en-argentina-las-ventas-del-sector-en-septiembre-caen-96-y-ya-suman-9-meses-de-fuerte-crisis-en-la-industria\/","title":{"rendered":"En Argentina las ventas del sector en septiembre caen 9,6% y ya suman 9 meses de fuerte crisis en la industria"},"content":{"rendered":"<p><a href=\"http:\/\/www.comunidadtextil.com\/wpnews\/wp-content\/uploads\/2016\/10\/Liquidaci\u00f3n_2.jpg\"><img loading=\"lazy\" decoding=\"async\" class=\" wp-image-3438 alignright\" src=\"http:\/\/www.comunidadtextil.com\/wpnews\/wp-content\/uploads\/2016\/10\/Liquidaci\u00f3n_2-300x173.jpg\" alt=\"\" width=\"248\" height=\"145\" \/><\/a>La ca\u00edda del consumo en Argentina sum\u00f3 su noveno mes consecutivo. Pese a las ofertas, liquidaciones de fin de temporada y planes de 12 cuotas sin inter\u00e9s, en septiembre las ventas minoristas del sector textil e indumentaria cayeron un 9,6%, y en general un 7,7%, frente al mismo mes de 2015. Los datos pertenecen a un informe difundido por la Confederaci\u00f3n Argentina de la Mediana Empresa (CAME), y ubican al sector entre los m\u00e1s perjudicados por la situaci\u00f3n.<\/p>\n<p>El mencionado estudio informa tambi\u00e9n que en los primeros nueve meses del a\u00f1o, para el total de los sectores, las ventas minoristas medidas en cantidades registraron una tasa de ca\u00edda promedio anual de 6,8%.<\/p>\n<p>\u201cSeptiembre fue un mes muy tranquilo, dice el informe. \u201cEl p\u00fablico mir\u00f3 pero compr\u00f3 poco y, aunque las posibilidades de financiamiento en cuotas sin inter\u00e9s ayudaron, especialmente el programa gubernamental \u2018Ahora 12\u2019 para productos nacionales, mucha gente debi\u00f3 mantenerse fuera del mercado de consumo para acomodar sus deudas con tarjetas y racionalizar sus gastos\u201d, dijo el trabajo de CAME.<\/p>\n<p><a href=\"http:\/\/www.comunidadtextil.com\/wpnews\/wp-content\/uploads\/2016\/10\/Liquidaci\u00f3n.jpg\"><img loading=\"lazy\" decoding=\"async\" class=\"alignleft  wp-image-3437\" src=\"http:\/\/www.comunidadtextil.com\/wpnews\/wp-content\/uploads\/2016\/10\/Liquidaci\u00f3n-300x169.jpg\" alt=\"\" width=\"248\" height=\"142\" \/><\/a>Pese a que algunos comercios de rubros como indumentaria, textiles, calzados, jugueter\u00edas, joyer\u00edas, bazares, o muebler\u00edas lanzaron ofertas tentadoras para generar liquidez, logrando con eso captar algo m\u00e1s de demanda, \u201ca\u00fan as\u00ed las ventas fueron d\u00e9biles y las posibilidades de competir con las ofertas agresivas de las grandes cadenas de hipermercados fueron escasas\u201d, advirti\u00f3 la central empresaria.<\/p>\n<p>Seg\u00fan la CAME, las ca\u00eddas anuales m\u00e1s pronunciadas en el mes ocurrieron en \u201cElectrodom\u00e9sticos y art\u00edculos electr\u00f3nicos\u201d (16,8%), \u201cNeum\u00e1ticos\u201d (12,4%), \u201cFerreter\u00edas\u201d (10,9%), \u201cTextil e indumentaria\u201d (9,6%) y Materiales para la construcci\u00f3n\u00b4 (7,9%), y, a diferencia de agosto, no hubo ning\u00fan rubro en alza.<\/p>\n<p><a href=\"http:\/\/www.comunidadtextil.com\/wpnews\/wp-content\/uploads\/2016\/10\/Liquidaci\u00f3n_3.jpg\"><img loading=\"lazy\" decoding=\"async\" class=\"alignright  wp-image-3436\" src=\"http:\/\/www.comunidadtextil.com\/wpnews\/wp-content\/uploads\/2016\/10\/Liquidaci\u00f3n_3-300x168.jpg\" alt=\"\" width=\"250\" height=\"142\" \/><\/a>El relevamiento, que se realiz\u00f3 entre el lunes 26 y el viernes 30 de septiembre, cubri\u00f3 un universo de 1365 comercios peque\u00f1os y medianos de la Ciudad de Buenos Aires, Gran Buenos Aires, y el interior del pa\u00eds, de los principales 20 rubros que concentran la venta minorista familiar.<\/p>\n<p>\u201cEl relevamiento se efectu\u00f3 exclusivamente en comercios chicos y medianos, localizados en calles y avenidas comerciales\u201d, aclar\u00f3 la entidad empresaria CAME.<br \/>\n&#8212;&#8212;&#8212;&#8212;&#8212;&#8212;&#8212;&#8212;&#8212;&#8212;&#8212;&#8212;&#8212;&#8211;<br \/>\nEl Cronista \/ Comunidad Textil<\/p>\n<p dir=\"ltr\">\u2014\u2014\u2014\u2014\u2014\u2014\u2014\u2014\u2014\u2014\u2014\u2014\u2014\u2014\u2014\u2014\u2014\u2014\u2014\u2014\u2014\u2014\u2014\u2014\u2014\u2014\u2014\u2014\u2014\u2014\u2014\u2014\u2014\u2014\u2014\u2014\u2014\u2014\u2014\u2014\u2014\u2014\u2014\u2014<\/p>\n<p>Para comunicarse con Comunidad Textil: <a href=\"mailto:contacto@comunidadtextil.com\">contacto@comunidadtextil.com<\/a><\/p>\n<table border=\"0\" width=\"481\">\n<tbody>\n<tr>\n<td width=\"300\"><a href=\"http:\/\/www.calzado-online.com\/graff\/\"><img decoding=\"async\" src=\"\/publicidad\/banner-cajas-bolsas.jpg\" width=\"290\" height=\"auto\" \/><\/a><\/td>\n<td width=\"300\"><a href=\"https:\/\/www.rolanddga.com\/es\/productos\/impresoras\/texart-xt-640-dye-sublimation-printer?sc_lang=es&amp;utm_source=Communidad+Textil&amp;utm_medium=Banner+Ad&amp;utm_term=April&amp;utm_content=XT&amp;utm_campaign=DGA+-+Banner+Ads\" target=\"_blank\"><img decoding=\"async\" src=\"\/publicidad\/16_10_fluorescent-ink_300x200.gif\" width=\"290\" height=\"auto\" \/><\/a><\/td>\n<\/tr>\n<\/tbody>\n<\/table>\n","protected":false},"excerpt":{"rendered":"<p>La ca\u00edda del consumo en Argentina sum\u00f3 su noveno mes consecutivo. Pese a las ofertas, liquidaciones de fin de temporada y planes de 12 cuotas sin inter\u00e9s, en septiembre las ventas minoristas del sector textil e indumentaria cayeron un 9,6%, y en general un 7,7%, frente al mismo mes de 2015. Los datos pertenecen a [&hellip;]<\/p>\n","protected":false},"author":1924,"featured_media":0,"comment_status":"closed","ping_status":"closed","sticky":false,"template":"","format":"standard","meta":{"footnotes":""},"categories":[8,70],"tags":[],"class_list":["post-3435","post","type-post","status-publish","format-standard","hentry","category-argentina","category-crisis","count-0","even alt","author-adminct","last"],"_links":{"self":[{"href":"https:\/\/comunidadtextil.com\/wpnews\/wp-json\/wp\/v2\/posts\/3435","targetHints":{"allow":["GET"]}}],"collection":[{"href":"https:\/\/comunidadtextil.com\/wpnews\/wp-json\/wp\/v2\/posts"}],"about":[{"href":"https:\/\/comunidadtextil.com\/wpnews\/wp-json\/wp\/v2\/types\/post"}],"author":[{"embeddable":true,"href":"https:\/\/comunidadtextil.com\/wpnews\/wp-json\/wp\/v2\/users\/1924"}],"replies":[{"embeddable":true,"href":"https:\/\/comunidadtextil.com\/wpnews\/wp-json\/wp\/v2\/comments?post=3435"}],"version-history":[{"count":4,"href":"https:\/\/comunidadtextil.com\/wpnews\/wp-json\/wp\/v2\/posts\/3435\/revisions"}],"predecessor-version":[{"id":3443,"href":"https:\/\/comunidadtextil.com\/wpnews\/wp-json\/wp\/v2\/posts\/3435\/revisions\/3443"}],"wp:attachment":[{"href":"https:\/\/comunidadtextil.com\/wpnews\/wp-json\/wp\/v2\/media?parent=3435"}],"wp:term":[{"taxonomy":"category","embeddable":true,"href":"https:\/\/comunidadtextil.com\/wpnews\/wp-json\/wp\/v2\/categories?post=3435"},{"taxonomy":"post_tag","embeddable":true,"href":"https:\/\/comunidadtextil.com\/wpnews\/wp-json\/wp\/v2\/tags?post=3435"}],"curies":[{"name":"wp","href":"https:\/\/api.w.org\/{rel}","templated":true}]}}