{"id":2986,"date":"2016-07-20T15:58:15","date_gmt":"2016-07-20T18:58:15","guid":{"rendered":"http:\/\/www.comunidadtextil.com\/wpnews\/?p=2986"},"modified":"2016-12-21T18:03:07","modified_gmt":"2016-12-21T21:03:07","slug":"la-industria-argentina-vivio-un-pesimo-semestre-por-el-aluvion-de-importaciones-y-la-fuerte-caida-del-consumo","status":"publish","type":"post","link":"https:\/\/comunidadtextil.com\/wpnews\/2016\/07\/la-industria-argentina-vivio-un-pesimo-semestre-por-el-aluvion-de-importaciones-y-la-fuerte-caida-del-consumo\/","title":{"rendered":"La industria argentina vivi\u00f3 un p\u00e9simo semestre por el aluvi\u00f3n de importaciones y la fuerte ca\u00edda del consumo"},"content":{"rendered":"<div id=\"attachment_2974\" style=\"width: 186px\" class=\"wp-caption alignleft\"><a href=\"http:\/\/www.comunidadtextil.com\/wpnews\/wp-content\/uploads\/2016\/07\/Jorge-Sorabilla-presidente-de-la-Fundaci\u00f3n-ProTejer_4.jpg\"><img loading=\"lazy\" decoding=\"async\" aria-describedby=\"caption-attachment-2974\" class=\" wp-image-2974\" src=\"http:\/\/www.comunidadtextil.com\/wpnews\/wp-content\/uploads\/2016\/07\/Jorge-Sorabilla-presidente-de-la-Fundaci\u00f3n-ProTejer_4-252x300.jpg\" alt=\"Jorge Sorabilla presidente de la Fundaci\u00f3n ProTejer\" width=\"176\" height=\"210\" srcset=\"https:\/\/comunidadtextil.com\/wpnews\/wp-content\/uploads\/2016\/07\/Jorge-Sorabilla-presidente-de-la-Fundaci\u00f3n-ProTejer_4-252x300.jpg 252w, https:\/\/comunidadtextil.com\/wpnews\/wp-content\/uploads\/2016\/07\/Jorge-Sorabilla-presidente-de-la-Fundaci\u00f3n-ProTejer_4-126x150.jpg 126w, https:\/\/comunidadtextil.com\/wpnews\/wp-content\/uploads\/2016\/07\/Jorge-Sorabilla-presidente-de-la-Fundaci\u00f3n-ProTejer_4.jpg 542w\" sizes=\"auto, (max-width: 176px) 100vw, 176px\" \/><\/a><p id=\"caption-attachment-2974\" class=\"wp-caption-text\">Jorge Sorabilla presidente de la Fundaci\u00f3n ProTejer<\/p><\/div>\n<p>Jorge Sorabilla, empresario y presidente de la Fundaci\u00f3n ProTejer, habl\u00f3 con el diario Norte sobre la situaci\u00f3n del complejo industrial textil-confeccionista de Argentina, en el primer semestre del a\u00f1o. El dirigente se refiri\u00f3 a la grave situaci\u00f3n planteada en la industria local por el \u201caluvi\u00f3n de importaciones\u201d la fuerte ca\u00edda del consumo que llev\u00f3 a que la utilizaci\u00f3n de la capacidad instalada de la industria este ocupada en s\u00f3lo un 65%.<\/p>\n<p>Jorge Sorabilla es presidente de la Fundaci\u00f3n ProTejer -que re\u00fane a toda cadena industrial textil confeccionista de Argentina- y director de la empresa TN&amp;Platex, la m\u00e1s grande textil del pa\u00eds. Se explay\u00f3 sobre la actualidad de ese sector y se\u00f1al\u00f3 que la industria esta muy golpeada por un primer semestre del a\u00f1o en el que se produjo un aluvi\u00f3n de importaciones y simult\u00e1neamente una la ca\u00edda del consumo de los hogares por el fuerte incremento de la inflaci\u00f3n.<\/p>\n<p>El dirigente advirti\u00f3 que en los primeros seis meses de 2016 ingresaron al pa\u00eds 21 mil toneladas m\u00e1s de textiles que en igual per\u00edodo de 2015. Ese incremento \u201cfue una barbaridad y desplaz\u00f3 a los productos nacionales\u201d, subray\u00f3.<\/p>\n<p>Agreg\u00f3 que, con el poder adquisitivo de los consumidores argentinos acotado por el simult\u00e1neo proceso inflacionario, la venta de textiles cay\u00f3 un 15% en el primer semestre. Ese factor sumado a la competencia desleal de las importaciones \u2013en su mayor parte de Oriente-, hicieron descender el nivel de utilizaci\u00f3n de la capacidad instalada industrial, que hoy est\u00e1 en un 65%. Debido a la ca\u00edda de la actividad, se produjeron 5.000 suspensiones de personal. Como ejemplo, explic\u00f3 que su empresa TN&amp;Platex debi\u00f3 paralizar algunas de sus plantas.<\/p>\n<div id=\"attachment_2970\" style=\"width: 229px\" class=\"wp-caption alignleft\"><a href=\"http:\/\/www.comunidadtextil.com\/wpnews\/wp-content\/uploads\/2016\/07\/Industria-confeccionista_5.jpg\"><img loading=\"lazy\" decoding=\"async\" aria-describedby=\"caption-attachment-2970\" class=\" wp-image-2970\" src=\"http:\/\/www.comunidadtextil.com\/wpnews\/wp-content\/uploads\/2016\/07\/Industria-confeccionista_5-300x163.jpg\" alt=\"Industria confeccionista\" width=\"219\" height=\"119\" srcset=\"https:\/\/comunidadtextil.com\/wpnews\/wp-content\/uploads\/2016\/07\/Industria-confeccionista_5-300x163.jpg 300w, https:\/\/comunidadtextil.com\/wpnews\/wp-content\/uploads\/2016\/07\/Industria-confeccionista_5-150x82.jpg 150w, https:\/\/comunidadtextil.com\/wpnews\/wp-content\/uploads\/2016\/07\/Industria-confeccionista_5.jpg 500w\" sizes=\"auto, (max-width: 219px) 100vw, 219px\" \/><\/a><p id=\"caption-attachment-2970\" class=\"wp-caption-text\">Industria confeccionista<\/p><\/div>\n<p>Sorabilla apunt\u00f3 que con el nuevo sistema de administraci\u00f3n de importaciones, que rige en plenitud a partir del mes de julio, los textiles esperan una \u201cdecisi\u00f3n pol\u00edtica y firmeza para dejar de importar cosas que sustituyen a la industria nacional. \u201cEstamos tratando de encontrar un plan estrat\u00e9gico textil, pero no lo vamos a lograr si no hay decisi\u00f3n pol\u00edtica de administrar el comercio\u201d, enfatiz\u00f3 el empresario.<\/p>\n<p>\u201cTerminamos el primer semestre del a\u00f1o preocupados\u201d, asegur\u00f3 el ejecutivo. \u201cSab\u00edamos a fines de diciembre de 2015 que el nuevo gobierno hab\u00eda aprobado las Declaraciones Juradas Anticipadas de Importaci\u00f3n (DJAI), que hab\u00eda dejado sin aprobaci\u00f3n el gobierno saliente. Y que ese era un grave error que tendr\u00eda consecuencias en el nivel de actividad del sector\u201d, indica. En n\u00fameros concretos, revela que el nuevo gobierno aprob\u00f3 \u201ca ciegas\u201d 35.000 DJAI, argumentando que era \u201cpara terminar con el r\u00e9gimen y con lo residual\u201d.<\/p>\n<p>\u201cLa realidad es que fue un error pol\u00edtico enorme, porque sab\u00edamos que muchos de los actores hab\u00edan quintuplicado sus pedidos de importaci\u00f3n\u201d, comenta. Es que los operadores sab\u00edan que si la solicitud no sal\u00eda la primera vez, deb\u00edan presentarla varias veces m\u00e1s hasta su aprobaci\u00f3n. \u201cPor tanto, qued\u00f3 mucho multiplicado y los importadores se encontraron con m\u00e1s cantidades\u201d, explica Sorabilla.<\/p>\n<p>Junio fue el \u00faltimo mes con la parte \u201cresidual\u201d de las DJAI. \u201cEl resultado es que entraron al pa\u00eds 21 mil toneladas m\u00e1s de textiles que el primer semestre de 2015. Eso es el 9,8% del mercado de consumo de productos textiles nacionales\u201d, advierte.<\/p>\n<p>En el primer semestre el aumento de importaciones fue alarmante: en hilados, alcanz\u00f3 el 40% (incluidos los hilados de algod\u00f3n. En tejidos planos, creci\u00f3 el 35%, en tejidos de punto, un 3%, en prendas de punto, un 30%, en prendas planas un 18% y en confecciones del hogar (ropa de cama, toallas, etc\u00e9tera), el 51%.<\/p>\n<p><a href=\"http:\/\/www.comunidadtextil.com\/wpnews\/wp-content\/uploads\/2016\/07\/industria-textil.jpg\"><img loading=\"lazy\" decoding=\"async\" class=\"alignright  wp-image-2971\" src=\"http:\/\/www.comunidadtextil.com\/wpnews\/wp-content\/uploads\/2016\/07\/industria-textil-300x227.jpg\" alt=\"\" width=\"219\" height=\"167\" srcset=\"https:\/\/comunidadtextil.com\/wpnews\/wp-content\/uploads\/2016\/07\/industria-textil-300x227.jpg 300w, https:\/\/comunidadtextil.com\/wpnews\/wp-content\/uploads\/2016\/07\/industria-textil-150x113.jpg 150w\" sizes=\"auto, (max-width: 219px) 100vw, 219px\" \/><\/a>El principal origen de las importaciones es China, con el 42% de participaci\u00f3n y una leve ca\u00edda respecto de per\u00edodos anteriores cuando alcanz\u00f3 el 45%; seguida por el Sudeste Asi\u00e1tico, con el 20% y Brasil con el 18%. Desde este \u00faltimo pa\u00eds es desde donde ingresan toallas y jeans. En tanto, seg\u00fan el titular de la Fundaci\u00f3n ProTejer, las importaciones de fibra de algod\u00f3n no son importantes en volumen.<\/p>\n<p>\u201cQuiz\u00e1s la apertura de importaciones tenga la doble intenci\u00f3n de bajar los precios internos, pero con esos niveles tremendos de 21 mil toneladas de productos textiles en el primer semestre, la inflaci\u00f3n demuestra que la importaci\u00f3n no la disciplina, porque sigue habiendo aumento de precios, pero ahora con desocupaci\u00f3n\u201d, analiza Sorabilla, y agrega: \u201cLo \u00fanico que hace es enriquecer a los importadores, que usan su beneficio para importar m\u00e1s y generar m\u00e1s desempleo. Si el gobierno no lo entiende, esta realidad econ\u00f3mica se lo llevar\u00e1 puesto\u201d.<\/p>\n<p>A ese aumento de importaciones que desplaz\u00f3 al producto nacional, se suma una ca\u00edda en el poder adquisitivo de la poblaci\u00f3n. \u201cExiste un fen\u00f3meno: con precios de 2016 y salarios del 2015, el consumo de productos textiles en esta etapa m\u00e1s recesiva del pa\u00eds habr\u00e1 ca\u00eddo alrededor del 15%\u201d, estima Jorge Sorabilla.<\/p>\n<p>\u201cEntendemos que hay otras prioridades en las familias, como la compra de alimentos y los aumentos de las tarifas de servicios p\u00fablicos, lo que quit\u00f3 bastante su capacidad de consumo. Frente eso, el textil dej\u00f3 de ser un producto de primera necesidad\u201d, puntualiza.<\/p>\n<p>Seg\u00fan sus c\u00e1lculos, el producto textil nacional \u201cfue desplazado en un mercado m\u00e1s reducido que el del a\u00f1o pasado\u201d. As\u00ed, con un mercado que representa hoy el 85% del a\u00f1o pasado, el producto importando ocup\u00f3 un 10% que antes era abastecido por textiles nacionales. \u201cSi sigue esta tendencia y se importaran otras 20 mil toneladas en el segundo semestre, el panorama ser\u00eda muy comprometido\u201d, advierte Sorabilla.<\/p>\n<p>El directivo sostiene que actualmente la utilizaci\u00f3n de la capacidad instalada de la industria textil nacional est\u00e1 en un 65%. \u201cEn el segundo semestre del a\u00f1o pasado la utilizaci\u00f3n estaba cerca del 85%\u201d, recuerda. Y esta situaci\u00f3n esta ligada directamente con la masiva autorizaci\u00f3n de DJAI que abri\u00f3 la importaci\u00f3n indiscriminada de productos textiles.<\/p>\n<p>\u201cHablando pol\u00edticamente, julio ser\u00e1 el primer mes que no estar\u00e1 distorsionado con las DJAI\u201d, recuerda. Ahora, en su lugar, hay un Sistema Inform\u00e1tico de Monitoreo de Importaciones (SIMI), que complementa a las Licencias Autom\u00e1ticas y No Autom\u00e1ticas. Son herramientas que dan m\u00e1s manejo en relaci\u00f3n a la administraci\u00f3n de importaciones\u201d, describe .<\/p>\n<p><a href=\"http:\/\/www.comunidadtextil.com\/wpnews\/wp-content\/uploads\/2016\/07\/Industria-confeccionista_3.jpg\"><img loading=\"lazy\" decoding=\"async\" class=\"alignleft  wp-image-2969\" src=\"http:\/\/www.comunidadtextil.com\/wpnews\/wp-content\/uploads\/2016\/07\/Industria-confeccionista_3.jpg\" alt=\"\" width=\"220\" height=\"166\" srcset=\"https:\/\/comunidadtextil.com\/wpnews\/wp-content\/uploads\/2016\/07\/Industria-confeccionista_3.jpg 280w, https:\/\/comunidadtextil.com\/wpnews\/wp-content\/uploads\/2016\/07\/Industria-confeccionista_3-150x113.jpg 150w\" sizes=\"auto, (max-width: 220px) 100vw, 220px\" \/><\/a>Menciona luego que \u201cel sector textil tiene unas 1300 posiciones en el nomenclador arancelario aduanero, de las cuales 700 tienen Licencias no Autom\u00e1ticas\u201d. \u201cEntendemos que deber\u00eda existir, si hay decisi\u00f3n pol\u00edtica, una firmeza manifiesta para dejar de importar cosas que sustituyen a la industria nacional\u201d, insiste Sorabilla.<\/p>\n<p>En ese sentido, sobre las cantidades ingresadas en el primer semestre, asegura que \u201cel 80% de las 21 mil toneladas importadas se podr\u00eda haber sido evitado porque hay abastecimiento de la industria local\u201d. Ese factor termin\u00f3 tambi\u00e9n por resentir la utilizaci\u00f3n de la capacidad instalada de la industria.<\/p>\n<p>\u201cEntendemos que el objetivo de pobreza cero no se obtendr\u00e1 abriendo la importaci\u00f3n como se abri\u00f3, porque si uno observa la c\u00fapula de importadores de textiles para el hogar y ropa, notamos que muchas marcas como Walmart o Falabella han importado much\u00edsimo. Y vemos c\u00f3mo las empresas que est\u00e1n con el r\u00e9gimen especial de Tierra del Fuego siguen siendo de las que m\u00e1s importan productos textiles, abusando de las normas establecidas\u201d, resalta.<\/p>\n<p>Luego de recordar que el a\u00f1o pasado hubo resoluciones para dos empresas amparadas en el r\u00e9gimen especial de esa provincia, que \u201cclaramente estaban abusando con dos procesos que ten\u00edan aprobados (tintorer\u00eda en seco y recubrimiento de telas)\u201d, Sorabilla alerta que \u201csiguen siendo los principales importadores, generando un da\u00f1o enorme a la industria nacional\u201d. All\u00ed, en el sur del pa\u00eds, se concretan especialmente procesos para terminados de telas.<\/p>\n<p>En cuanto a la situaci\u00f3n laboral, revela que tres industrias suspendieron personal, por falta de producci\u00f3n. Mientras que estima que hubo unas 5.000 suspensiones de personal, adem\u00e1s de \u201cdespidos puntuales\u201d. \u201cTodos est\u00e1n esperando una reacci\u00f3n de parte del gobierno nacional en cuanto a que se vuelva m\u00e1s estricto. Porque si vamos a los n\u00fameros no vemos que haga nada\u201d, resalta.<\/p>\n<p>Comenta que la Fundaci\u00f3n envi\u00f3 una nota al Ministerio de Producci\u00f3n de la Naci\u00f3n y a la Secretaria de Comercio Exterior, que maneja las autorizaciones para importar. \u201cSi son m\u00e1s restrictivos y tienen decisi\u00f3n pol\u00edtica, podr\u00edamos llegar a salvar el \u00faltimo trimestre del a\u00f1o\u201d, se\u00f1ala.<\/p>\n<p>Sorabilla comenta que \u201cla Argentina tiene un problema de competitividad enorme. Los costos son altos desde muchos puntos de vista: la mano de obra es el doble que en Brasil y M\u00e9xico, m\u00e1s que en Colombia y Per\u00fa, grandes productores textiles. En comparaci\u00f3n de China la triplica y es m\u00e1s de cinco o seis veces que en el Sudeste Asi\u00e1tico. Los impuestos son enormes, por eso hay tanta informalidad en la confecci\u00f3n\u201d, repasa. Incluye que \u201clos impuestos nacionales, provinciales y municipales son caros, y el impuesto al trabajo tambi\u00e9n. Agrega en esta lista los altos de log\u00edstica y el grave problema de la litigiosidad laboral, y el ausentismo.<br \/>\nSorabilla tambi\u00e9n habl\u00f3 de los gravosos costos financieros que afectan a las empresas y el de las tarjetas de cr\u00e9dito, que influyen sobre el precio final del producto.<\/p>\n<p>En el primer semestre del a\u00f1o tambi\u00e9n un desmesurado aumento de las tarifas de servicios p\u00fablicos como gas, energ\u00eda y agua (de 500 al 1.000 por ciento), impactaron gravemente en los costos industriales, especialmente en la peque\u00f1as y medianas empresas que en Argentina son absoluta mayor\u00eda en el sector.<br \/>\n&#8212;&#8212;&#8212;&#8212;&#8212;&#8212;&#8212;&#8212;&#8212;&#8212;&#8212;&#8212;&#8212;&#8212;<br \/>\nDiario Norte \/ Comunidad Textil<\/p>\n<p dir=\"ltr\">\u2014\u2014\u2014\u2014\u2014\u2014\u2014\u2014\u2014\u2014\u2014\u2014\u2014\u2014\u2014\u2014\u2014\u2014\u2014\u2014\u2014\u2014\u2014\u2014\u2014\u2014\u2014\u2014\u2014\u2014\u2014\u2014\u2014\u2014\u2014\u2014\u2014\u2014\u2014\u2014\u2014\u2014\u2014\u2014<\/p>\n<p>Para comunicarse con Comunidad Textil: <a href=\"mailto:contacto@comunidadtextil.com\">contacto@comunidadtextil.com<\/a><\/p>\n<table border=\"0\" width=\"481\">\n<tbody>\n<tr>\n<td width=\"300\"><a href=\"http:\/\/www.belkynuic.com.ar\/\" target=\"_blank\"><img loading=\"lazy\" decoding=\"async\" src=\"\/cursos300x200.jpg\" alt=\"\" width=\"300\" height=\"200\" border=\"0\" \/><\/a><\/td>\n<td width=\"300\"><a href=\"https:\/\/www.rolanddga.com\/es\/productos\/impresoras\/texart-xt-640-dye-sublimation-printer?sc_lang=es&amp;utm_source=Communidad+Textil&amp;utm_medium=Banner+Ad&amp;utm_term=April&amp;utm_content=XT&amp;utm_campaign=DGA+-+Banner+Ads\" target=\"_blank\"><img decoding=\"async\" src=\"\/imagenes\/xt640-300x200-es.gif\" width=\"290\" height=\"auto\" \/><\/a><\/td>\n<\/tr>\n<\/tbody>\n<\/table>\n","protected":false},"excerpt":{"rendered":"<p>Jorge Sorabilla, empresario y presidente de la Fundaci\u00f3n ProTejer, habl\u00f3 con el diario Norte sobre la situaci\u00f3n del complejo industrial textil-confeccionista de Argentina, en el primer semestre del a\u00f1o. El dirigente se refiri\u00f3 a la grave situaci\u00f3n planteada en la industria local por el \u201caluvi\u00f3n de importaciones\u201d la fuerte ca\u00edda del consumo que llev\u00f3 a [&hellip;]<\/p>\n","protected":false},"author":1924,"featured_media":0,"comment_status":"closed","ping_status":"open","sticky":false,"template":"","format":"standard","meta":{"footnotes":""},"categories":[8,70,58],"tags":[],"class_list":["post-2986","post","type-post","status-publish","format-standard","hentry","category-argentina","category-crisis","category-noticias-de-america-latina","count-0","even alt","author-adminct","last"],"_links":{"self":[{"href":"https:\/\/comunidadtextil.com\/wpnews\/wp-json\/wp\/v2\/posts\/2986","targetHints":{"allow":["GET"]}}],"collection":[{"href":"https:\/\/comunidadtextil.com\/wpnews\/wp-json\/wp\/v2\/posts"}],"about":[{"href":"https:\/\/comunidadtextil.com\/wpnews\/wp-json\/wp\/v2\/types\/post"}],"author":[{"embeddable":true,"href":"https:\/\/comunidadtextil.com\/wpnews\/wp-json\/wp\/v2\/users\/1924"}],"replies":[{"embeddable":true,"href":"https:\/\/comunidadtextil.com\/wpnews\/wp-json\/wp\/v2\/comments?post=2986"}],"version-history":[{"count":3,"href":"https:\/\/comunidadtextil.com\/wpnews\/wp-json\/wp\/v2\/posts\/2986\/revisions"}],"predecessor-version":[{"id":2989,"href":"https:\/\/comunidadtextil.com\/wpnews\/wp-json\/wp\/v2\/posts\/2986\/revisions\/2989"}],"wp:attachment":[{"href":"https:\/\/comunidadtextil.com\/wpnews\/wp-json\/wp\/v2\/media?parent=2986"}],"wp:term":[{"taxonomy":"category","embeddable":true,"href":"https:\/\/comunidadtextil.com\/wpnews\/wp-json\/wp\/v2\/categories?post=2986"},{"taxonomy":"post_tag","embeddable":true,"href":"https:\/\/comunidadtextil.com\/wpnews\/wp-json\/wp\/v2\/tags?post=2986"}],"curies":[{"name":"wp","href":"https:\/\/api.w.org\/{rel}","templated":true}]}}