{"id":2492,"date":"2016-04-27T16:52:17","date_gmt":"2016-04-27T19:52:17","guid":{"rendered":"http:\/\/www.comunidadtextil.com\/wpnews\/?p=2492"},"modified":"2016-12-21T18:04:28","modified_gmt":"2016-12-21T21:04:28","slug":"dan-a-conocer-los-temas-que-debatira-el-55o-congreso-de-fibras-quimicas-de-dornbirn","status":"publish","type":"post","link":"https:\/\/comunidadtextil.com\/wpnews\/2016\/04\/dan-a-conocer-los-temas-que-debatira-el-55o-congreso-de-fibras-quimicas-de-dornbirn\/","title":{"rendered":"Dan a conocer los temas que debatir\u00e1 el 55\u00ba Congreso de Fibras Qu\u00edmicas de Dornbirn"},"content":{"rendered":"<p><a href=\"http:\/\/www.comunidadtextil.com\/wpnews\/wp-content\/uploads\/2016\/04\/dornbirn.jpg\"><img loading=\"lazy\" decoding=\"async\" class=\"wp-image-2489 alignright\" src=\"http:\/\/www.comunidadtextil.com\/wpnews\/wp-content\/uploads\/2016\/04\/dornbirn-300x147.jpg\" alt=\"dornbirn\" width=\"200\" height=\"100\" \/><\/a>El Comit\u00e9 del Dornbirn Man-Made Fibers Congress (Dornbirn-MFC), difundi\u00f3 el un adelanto del programa de la pr\u00f3xima edici\u00f3n, que se celebrar\u00e1 los d\u00edas 20 a 22 de septiembre de este a\u00f1o. El Dornbirn-MFC es el principal congreso a nivel mundial en el \u00e1mbito de las fibras qu\u00edmicas, que se celebra anualmente en la ciudad austr\u00edaca de Dornbirn<\/p>\n<p>En la pr\u00f3xima edici\u00f3n del Congreso de Dornbirn se presentar\u00e1n m\u00e1s de 100 ponencias por parte de expertos del sector, relacionadas con las siguientes tem\u00e1ticas: Fibras y textiles en automoci\u00f3n; Fibras para telas no tejidas; Innociones en fibras; Acabados y aditivos funcionales; Textiles.<\/p>\n<p><a href=\"http:\/\/www.comunidadtextil.com\/wpnews\/wp-content\/uploads\/2016\/04\/congreso-fibras.jpg\"><img loading=\"lazy\" decoding=\"async\" class=\"alignleft  wp-image-2487\" src=\"http:\/\/www.comunidadtextil.com\/wpnews\/wp-content\/uploads\/2016\/04\/congreso-fibras-300x193.jpg\" alt=\"congreso-fibras\" width=\"222\" height=\"146\" \/><\/a>Del congreso forman parte diversos centros tecnol\u00f3gicos entre ellos la Asociaci\u00f3n de Empresas Innovadoras, AEI T\u00e8xtils, de Barcelona. La entidad es una organizaci\u00f3n asociaci\u00f3n que tiene como objetivo aglutinar todas las empresas y entidades catalanas vinculadas directa o indirectamente con el sector de textiles de uso t\u00e9cnico, y que conforman un polo productivo.<\/p>\n<p>El encuentro de Dornbirn est\u00e1 alineado con las directrices\/pol\u00edticas de la Eco-Etiqueta austr\u00edaca para \u201cEventos y reuniones verdes\u201c, de la que dispone un certificado. Se consideran criterios como la reducci\u00f3n de CO2, la restauraci\u00f3n ecol\u00f3gica, el alojamiento respetuoso con el medio ambiente, as\u00ed como la gesti\u00f3n de materiales y residuos.<\/p>\n<p><a href=\"http:\/\/www.comunidadtextil.com\/wpnews\/wp-content\/uploads\/2016\/04\/congreso-fibras2.jpg\"><img loading=\"lazy\" decoding=\"async\" class=\"alignright  wp-image-2488\" src=\"http:\/\/www.comunidadtextil.com\/wpnews\/wp-content\/uploads\/2016\/04\/congreso-fibras2-300x199.jpg\" alt=\"congreso-fibras2\" width=\"207\" height=\"139\" \/><\/a>Uno de los aspectos m\u00e1s destacados de esta edici\u00f3n ser\u00e1 la presentaci\u00f3n por parte de Groz Beckert de un coche cortado longitudinalmente de una marca de autom\u00f3viles europea que muestrar\u00e1 los diversos aspectos de las fibras y su uso. El veh\u00edculo est\u00e1 cortado en las partes cruciales, de manera que los campos de aplicaci\u00f3n de las fibras son visibles y podr\u00e1n observarse en su tama\u00f1o original dentro de la zona de exposici\u00f3n.<\/p>\n<p>En esta nueva edici\u00f3n del congreso se espera la participaci\u00f3n de m\u00e1s de 700 profesionales y empresarios de 30 pa\u00edses.<br \/>\n&#8212;&#8212;&#8212;&#8212;&#8212;&#8212;&#8212;&#8212;&#8212;&#8212;&#8212;&#8212;&#8212;-<br \/>\nAEI T\u00e8xtils \/ Comunidad Textil<\/p>\n<p dir=\"ltr\">\u2014\u2014\u2014\u2014\u2014\u2014\u2014\u2014\u2014\u2014\u2014\u2014\u2014\u2014\u2014\u2014\u2014\u2014\u2014\u2014\u2014\u2014\u2014\u2014\u2014\u2014\u2014\u2014\u2014\u2014\u2014\u2014\u2014\u2014\u2014\u2014\u2014\u2014\u2014\u2014\u2014\u2014\u2014\u2014<\/p>\n<p>Para comunicarse con Comunidad Textil: <a href=\"mailto:contacto@comunidadtextil.com\">contacto@comunidadtextil.com<\/a><\/p>\n<table border=\"0\" width=\"481\">\n<tbody>\n<tr>\n<td width=\"171\"><a href=\"http:\/\/www.mmtextiles.com.ar\/\" target=\"_blank\"><img loading=\"lazy\" decoding=\"async\" src=\"\/publicidad\/banner-mmtextiles.jpg\" alt=\"\" width=\"300\" height=\"200\" border=\"0\" \/><\/a><\/td>\n<td width=\"300\"><a href=\"http:\/\/www.kapmetal.com.ar\/\"><img loading=\"lazy\" decoding=\"async\" src=\"\/publicidad\/banner-kapmetal.jpg\" alt=\"\" width=\"300\" height=\"200\" \/><\/a><\/td>\n<\/tr>\n<\/tbody>\n<\/table>\n","protected":false},"excerpt":{"rendered":"<p>El Comit\u00e9 del Dornbirn Man-Made Fibers Congress (Dornbirn-MFC), difundi\u00f3 el un adelanto del programa de la pr\u00f3xima edici\u00f3n, que se celebrar\u00e1 los d\u00edas 20 a 22 de septiembre de este a\u00f1o. El Dornbirn-MFC es el principal congreso a nivel mundial en el \u00e1mbito de las fibras qu\u00edmicas, que se celebra anualmente en la ciudad austr\u00edaca [&hellip;]<\/p>\n","protected":false},"author":1924,"featured_media":0,"comment_status":"closed","ping_status":"open","sticky":false,"template":"","format":"standard","meta":{"footnotes":""},"categories":[50,7],"tags":[],"class_list":["post-2492","post","type-post","status-publish","format-standard","hentry","category-ferias-proximas","category-tecnologia","count-0","even alt","author-adminct","last"],"_links":{"self":[{"href":"https:\/\/comunidadtextil.com\/wpnews\/wp-json\/wp\/v2\/posts\/2492","targetHints":{"allow":["GET"]}}],"collection":[{"href":"https:\/\/comunidadtextil.com\/wpnews\/wp-json\/wp\/v2\/posts"}],"about":[{"href":"https:\/\/comunidadtextil.com\/wpnews\/wp-json\/wp\/v2\/types\/post"}],"author":[{"embeddable":true,"href":"https:\/\/comunidadtextil.com\/wpnews\/wp-json\/wp\/v2\/users\/1924"}],"replies":[{"embeddable":true,"href":"https:\/\/comunidadtextil.com\/wpnews\/wp-json\/wp\/v2\/comments?post=2492"}],"version-history":[{"count":1,"href":"https:\/\/comunidadtextil.com\/wpnews\/wp-json\/wp\/v2\/posts\/2492\/revisions"}],"predecessor-version":[{"id":2493,"href":"https:\/\/comunidadtextil.com\/wpnews\/wp-json\/wp\/v2\/posts\/2492\/revisions\/2493"}],"wp:attachment":[{"href":"https:\/\/comunidadtextil.com\/wpnews\/wp-json\/wp\/v2\/media?parent=2492"}],"wp:term":[{"taxonomy":"category","embeddable":true,"href":"https:\/\/comunidadtextil.com\/wpnews\/wp-json\/wp\/v2\/categories?post=2492"},{"taxonomy":"post_tag","embeddable":true,"href":"https:\/\/comunidadtextil.com\/wpnews\/wp-json\/wp\/v2\/tags?post=2492"}],"curies":[{"name":"wp","href":"https:\/\/api.w.org\/{rel}","templated":true}]}}