{"id":2360,"date":"2016-03-22T10:04:12","date_gmt":"2016-03-22T13:04:12","guid":{"rendered":"http:\/\/www.comunidadtextil.com\/wpnews\/?p=2360"},"modified":"2016-12-21T18:04:43","modified_gmt":"2016-12-21T21:04:43","slug":"preocupacion-por-la-suba-de-importaciones-en-la-industria-argentina-de-la-indumentaria","status":"publish","type":"post","link":"https:\/\/comunidadtextil.com\/wpnews\/2016\/03\/preocupacion-por-la-suba-de-importaciones-en-la-industria-argentina-de-la-indumentaria\/","title":{"rendered":"Preocupaci\u00f3n por la suba de importaciones en la industria Argentina de la indumentaria"},"content":{"rendered":"<p>Debido a la flexibilizaci\u00f3n de las regulaciones, dispuestas por el gobierno de Mauricio Macri, la Argentina esta recibiendo un fuerte crecimiento de las importaciones. En algunos rubros este fen\u00f3meno produce p\u00e1nico en la industria local.<\/p>\n<div id=\"attachment_2359\" style=\"width: 180px\" class=\"wp-caption alignleft\"><a href=\"http:\/\/www.comunidadtextil.com\/wpnews\/wp-content\/uploads\/2016\/03\/Mariano-Kestelboim-economista-de-larga-experiencia-en-el-sector-indumentaria_2.jpg\"><img loading=\"lazy\" decoding=\"async\" aria-describedby=\"caption-attachment-2359\" class=\" wp-image-2359\" src=\"http:\/\/www.comunidadtextil.com\/wpnews\/wp-content\/uploads\/2016\/03\/Mariano-Kestelboim-economista-de-larga-experiencia-en-el-sector-indumentaria_2.jpg\" alt=\"Mariano Kestelboim, economista\" width=\"170\" height=\"165\" srcset=\"https:\/\/comunidadtextil.com\/wpnews\/wp-content\/uploads\/2016\/03\/Mariano-Kestelboim-economista-de-larga-experiencia-en-el-sector-indumentaria_2.jpg 217w, https:\/\/comunidadtextil.com\/wpnews\/wp-content\/uploads\/2016\/03\/Mariano-Kestelboim-economista-de-larga-experiencia-en-el-sector-indumentaria_2-150x145.jpg 150w\" sizes=\"auto, (max-width: 170px) 100vw, 170px\" \/><\/a><p id=\"caption-attachment-2359\" class=\"wp-caption-text\">Mariano Kestelboim, economista<\/p><\/div>\n<p>Hasta el 10 de diciembre, diversas normas impuestas por la administraci\u00f3n Kirchner imped\u00edan el ingreso de bienes que compitieran con los de producci\u00f3n nacional. Por esto, con los cambios realizados por las nuevas autoridades los n\u00fameros comenzaron a marcar otra tendencia. En el primer bimestre del a\u00f1o se registr\u00f3 un mayor ingreso de art\u00edculos de indumentaria (+20,5% ), de calzado (+7,4%) y de perfumer\u00eda e higiene (+30,9%), entre otros productos de consumo.<\/p>\n<p>El incremento de las compras externas guarda relaci\u00f3n con las mayores facilidades que ofrece el nuevo esquema importador. Seg\u00fan c\u00e1lculos del economista Mariano Kestelboim ex director de la Fundaci\u00f3n proteger, entre el 11 de diciembre de 2015 y el 5 de enero, Argentina import\u00f3 un 66,7% m\u00e1s en la comparaci\u00f3n interanual.<\/p>\n<p>Ese fuerte incremento se debi\u00f3 a la aprobaci\u00f3n autom\u00e1tica de unos 35 mil pedidos de importaci\u00f3n que se hab\u00edan cursado a trav\u00e9s de las Declaraciones Juradas Anticipadas de Importaci\u00f3n (DJAI) y estaban frenados desde el final del Gobierno anterior. Fuentes del sector industrial afirmaron que se aprob\u00f3 todo, incluso solicitudes que se hab\u00edan presentado por duplicado o triplicado, algunas de las cuales los importadores ya hab\u00edan dejado de prestarles atenci\u00f3n.<\/p>\n<p>Ante las quejas de los industriales nacionales, las autoridades de la Secretar\u00eda de Comercio le echaron la culpa a la gesti\u00f3n anterior, aunque luego admitieron que hab\u00edan sido ellos los que firmaron las aprobaciones durante la segunda quincena de diciembre.<\/p>\n<div id=\"attachment_2358\" style=\"width: 181px\" class=\"wp-caption alignright\"><a href=\"http:\/\/www.comunidadtextil.com\/wpnews\/wp-content\/uploads\/2016\/03\/Marco-Meloni-vicepresidente-de-la-Fundaci\u00f3n-ProTejer.jpg\"><img loading=\"lazy\" decoding=\"async\" aria-describedby=\"caption-attachment-2358\" class=\" wp-image-2358\" src=\"http:\/\/www.comunidadtextil.com\/wpnews\/wp-content\/uploads\/2016\/03\/Marco-Meloni-vicepresidente-de-la-Fundaci\u00f3n-ProTejer-277x300.jpg\" alt=\"Marco Meloni, vicepresidente de la Fundaci\u00f3n ProTejer\" width=\"171\" height=\"185\" srcset=\"https:\/\/comunidadtextil.com\/wpnews\/wp-content\/uploads\/2016\/03\/Marco-Meloni-vicepresidente-de-la-Fundaci\u00f3n-ProTejer-277x300.jpg 277w, https:\/\/comunidadtextil.com\/wpnews\/wp-content\/uploads\/2016\/03\/Marco-Meloni-vicepresidente-de-la-Fundaci\u00f3n-ProTejer-138x150.jpg 138w, https:\/\/comunidadtextil.com\/wpnews\/wp-content\/uploads\/2016\/03\/Marco-Meloni-vicepresidente-de-la-Fundaci\u00f3n-ProTejer.jpg 425w\" sizes=\"auto, (max-width: 171px) 100vw, 171px\" \/><\/a><p id=\"caption-attachment-2358\" class=\"wp-caption-text\">Marco Meloni, vicepresidente de la Fundaci\u00f3n ProTejer<\/p><\/div>\n<p>El ingreso en el rubro indumentaria subi\u00f3 de 60,8 a 73,3 millones de d\u00f3lares, es decir, un 20,5% m\u00e1s y las compras de calzado del exterior pasaron de 64,6 a 69,3 millones de d\u00f3lares entre el primer bimestre de 2015 y de 2016.<\/p>\n<p>\u00abSi bien se trata de los primeros meses de la nueva gesti\u00f3n, ya se est\u00e1 produciendo una ca\u00edda de los pedidos a la industria local\u00bb, advirti\u00f3 Marco Meloni, vicepresidente de la Fundaci\u00f3n ProTejer.<\/p>\n<p>Por su parte Rub\u00e9n Garc\u00eda, de la C\u00e1mara de Importadores, dijo a la prensa que \u00aba la fecha no tenemos socios que adviertan que la aprobaci\u00f3n de las Licencias No Autom\u00e1ticas de importaci\u00f3n se demoran m\u00e1s de lo permitido por la OMC, que son 60 d\u00edas para expedirse ante la solicitud. El sistema de importaci\u00f3n est\u00e1 activo y sin quejas\u00bb.<\/p>\n<p>Es decir que el control impuesto a una serie de posiciones arancelarias que exigen la presentaci\u00f3n de un pedido de \u201cautorizaci\u00f3n\u201d, es resuelto con la r\u00e1pida y consecuente aprobaci\u00f3n.<\/p>\n<p>Un informe de la consultora Abeceb, que dirige el economista Dante Sica, respecto de las relaci\u00f3n comercial Argentina \u2013Brasil advierte sobre la preocupaci\u00f3n existente en la industria argentina. Dice que \u00abtras la derogaci\u00f3n del sistema de DJAIs, que limitaba el ingreso de importaciones desde el a\u00f1o 2012, y a pocos meses de implementaci\u00f3n del sistema de monitoreo a trav\u00e9s de licencias no autom\u00e1ticas (SIMI), existe entre los actores productivos un cierto grado de incertidumbre acerca de la efectividad del nuevo sistema en t\u00e9rminos de protecci\u00f3n a los sectores industriales.<\/p>\n<p>La consultora se\u00f1ala que \u201cesto se agrava m\u00e1s aun considerando una situaci\u00f3n que combina devaluaci\u00f3n del real y ca\u00edda de la demanda interna brasile\u00f1a, lo que eleva los saldos exportables que tienen por objetivo principalmente el mercado argentino\u00bb.<br \/>\n&#8212;&#8212;&#8212;&#8212;&#8212;&#8212;&#8212;&#8212;&#8212;&#8212;&#8212;&#8212;&#8212;&#8212;&#8212;&#8212;&#8212;&#8212;&#8212;&#8212;&#8212;&#8212;&#8212;&#8212;&#8212;&#8211;<br \/>\nBAE Negocios \/ iProfesional \/P\u00e1gina 12\/ Comunidad Textil<\/p>\n<p dir=\"ltr\">\u2014\u2014\u2014\u2014\u2014\u2014\u2014\u2014\u2014\u2014\u2014\u2014\u2014\u2014\u2014\u2014\u2014\u2014\u2014\u2014\u2014\u2014\u2014\u2014\u2014\u2014\u2014\u2014\u2014\u2014\u2014\u2014\u2014\u2014\u2014\u2014\u2014\u2014\u2014\u2014\u2014\u2014\u2014\u2014<\/p>\n<p>Para comunicarse con Comunidad Textil: <a href=\"mailto:contacto@comunidadtextil.com\">contacto@comunidadtextil.com<\/a><\/p>\n<table border=\"0\" width=\"481\">\n<tbody>\n<tr>\n<td width=\"171\"><a href=\"http:\/\/www.kapmetal.com.ar\/\"><img loading=\"lazy\" decoding=\"async\" src=\"\/publicidad\/banner-kapmetal.jpg\" alt=\"\" width=\"300\" height=\"200\" \/><\/a><\/td>\n<td width=\"300\"><a href=\"http:\/\/www.hebillasempre.com.ar\/espanol\/home\" target=\"_blank\"><img loading=\"lazy\" decoding=\"async\" src=\"\/empre_.jpg\" width=\"300\" height=\"200\" border=\"0\" \/><\/a><\/td>\n<\/tr>\n<\/tbody>\n<\/table>\n","protected":false},"excerpt":{"rendered":"<p>Debido a la flexibilizaci\u00f3n de las regulaciones, dispuestas por el gobierno de Mauricio Macri, la Argentina esta recibiendo un fuerte crecimiento de las importaciones. En algunos rubros este fen\u00f3meno produce p\u00e1nico en la industria local. Hasta el 10 de diciembre, diversas normas impuestas por la administraci\u00f3n Kirchner imped\u00edan el ingreso de bienes que compitieran con [&hellip;]<\/p>\n","protected":false},"author":1924,"featured_media":0,"comment_status":"closed","ping_status":"open","sticky":false,"template":"","format":"standard","meta":{"footnotes":""},"categories":[8,70],"tags":[],"class_list":["post-2360","post","type-post","status-publish","format-standard","hentry","category-argentina","category-crisis","count-0","even alt","author-adminct","last"],"_links":{"self":[{"href":"https:\/\/comunidadtextil.com\/wpnews\/wp-json\/wp\/v2\/posts\/2360","targetHints":{"allow":["GET"]}}],"collection":[{"href":"https:\/\/comunidadtextil.com\/wpnews\/wp-json\/wp\/v2\/posts"}],"about":[{"href":"https:\/\/comunidadtextil.com\/wpnews\/wp-json\/wp\/v2\/types\/post"}],"author":[{"embeddable":true,"href":"https:\/\/comunidadtextil.com\/wpnews\/wp-json\/wp\/v2\/users\/1924"}],"replies":[{"embeddable":true,"href":"https:\/\/comunidadtextil.com\/wpnews\/wp-json\/wp\/v2\/comments?post=2360"}],"version-history":[{"count":3,"href":"https:\/\/comunidadtextil.com\/wpnews\/wp-json\/wp\/v2\/posts\/2360\/revisions"}],"predecessor-version":[{"id":2363,"href":"https:\/\/comunidadtextil.com\/wpnews\/wp-json\/wp\/v2\/posts\/2360\/revisions\/2363"}],"wp:attachment":[{"href":"https:\/\/comunidadtextil.com\/wpnews\/wp-json\/wp\/v2\/media?parent=2360"}],"wp:term":[{"taxonomy":"category","embeddable":true,"href":"https:\/\/comunidadtextil.com\/wpnews\/wp-json\/wp\/v2\/categories?post=2360"},{"taxonomy":"post_tag","embeddable":true,"href":"https:\/\/comunidadtextil.com\/wpnews\/wp-json\/wp\/v2\/tags?post=2360"}],"curies":[{"name":"wp","href":"https:\/\/api.w.org\/{rel}","templated":true}]}}