{"id":21457,"date":"2026-09-02T11:24:33","date_gmt":"2026-09-02T14:24:33","guid":{"rendered":"https:\/\/comunidadtextil.com\/wpnews\/?p=21457"},"modified":"2026-09-02T11:24:33","modified_gmt":"2026-09-02T14:24:33","slug":"la-33-edicion-de-apparel-sourcing-show-convoco-en-guatemala-a-80-empresas","status":"publish","type":"post","link":"https:\/\/comunidadtextil.com\/wpnews\/2026\/09\/la-33-edicion-de-apparel-sourcing-show-convoco-en-guatemala-a-80-empresas\/","title":{"rendered":"La 33\u00b0 edici\u00f3n de Apparel Sourcing Show convoc\u00f3 en Guatemala a 80 empresas"},"content":{"rendered":"\n<figure class=\"wp-block-image size-full\"><a href=\"https:\/\/comunidadtextil.com\/wpnews\/wp-content\/uploads\/2026\/09\/Apparel-Sourcing-Show-_3-.jpg\"><img fetchpriority=\"high\" decoding=\"async\" width=\"1000\" height=\"662\" src=\"https:\/\/comunidadtextil.com\/wpnews\/wp-content\/uploads\/2026\/09\/Apparel-Sourcing-Show-_3-.jpg\" alt=\"\" class=\"wp-image-21430\" srcset=\"https:\/\/comunidadtextil.com\/wpnews\/wp-content\/uploads\/2026\/09\/Apparel-Sourcing-Show-_3-.jpg 1000w, https:\/\/comunidadtextil.com\/wpnews\/wp-content\/uploads\/2026\/09\/Apparel-Sourcing-Show-_3--300x199.jpg 300w, https:\/\/comunidadtextil.com\/wpnews\/wp-content\/uploads\/2026\/09\/Apparel-Sourcing-Show-_3--768x508.jpg 768w\" sizes=\"(max-width: 1000px) 100vw, 1000px\" \/><\/a><\/figure>\n\n\n\n<p class=\"wp-block-paragraph\">El sal\u00f3n present\u00f3 propuestas para toda la cadena de producci\u00f3n textil. El evento tuvo lugar del 18 al 20 de agosto en el Tikal Futura Hotel &amp; Convention Center de la capital guatemalteca.<\/p>\n\n\n\n<p class=\"wp-block-paragraph\">Organizada por la Asociaci\u00f3n de la Industria de Vestuario y Textiles de Guatemala, la feria es la \u00fanica de Centroam\u00e9rica dedicada por completo a la industria textil y de confecci\u00f3n.<\/p>\n\n\n\n<p class=\"wp-block-paragraph\">La \u00faltima edici\u00f3n de Apparel Sourcing Show exhibi\u00f3 productos y servicios innovadores, adem\u00e1s de nuevos lanzamientos y tendencias. El evento re\u00fane empresas de toda la cadena de suministros y su oferta incluye hilos, accesorios, tejidos, maquinaria, materiales de acabado y empresas de confecci\u00f3n, entre otras.<\/p>\n\n\n\n<p class=\"wp-block-paragraph\">En esta oportunidad, la feria cont\u00f3 con un \u00e1rea exclusiva dedicada a la automatizaci\u00f3n de procesos. Adem\u00e1s del espacio expositor, la organizaci\u00f3n prepar\u00f3 una serie de foros y conferencias sobre maquinaria, abastecimiento y competitividad.<\/p>\n\n\n\n<p class=\"wp-block-paragraph\">La oferta fue variada e incluy\u00f3 una selecci\u00f3n de propuestas de tecnolog\u00eda, log\u00edstica y talento especializado. La feria responde a la demanda de los compradores internacionales que buscan ciclos de producci\u00f3n cortos y entregas cada vez m\u00e1s r\u00e1pidas.<\/p>\n\n\n\n<p class=\"wp-block-paragraph\">La velocidad en las entregas es uno de los puntos fuertes de la industria textil guatemalteca. Este hecho qued\u00f3 de manifiesto durante el \u00faltimo Mundial de F\u00fatbol. Las empresas pudieron procesar un pedido de 60.000 camisetas y enviarlo a Estados Unidos en un lapso de 24 horas.<\/p>\n\n\n\n<p class=\"wp-block-paragraph\">El sector textil y de confecci\u00f3n de Guatemala representa el 7,7% del producto bruto, concentra una quinta parte de las exportaciones manufactureras del pa\u00eds y genera unos 150.000 empleos directos e indirectos. Seg\u00fan datos publicados por la Comisi\u00f3n de Vestuario y Textiles de Guatemala, el a\u00f1o pasado, las ventas al exterior del rubro alcanzaron los US$ 1.891millones.<\/p>\n\n\n\n<p class=\"wp-block-paragraph\">La mayor parte de las exportaciones se concentran en empresas que funcionan a trav\u00e9s del sistema de maquila.<\/p>\n\n\n\n<p class=\"wp-block-paragraph\">&#8212;&#8212;&#8212;&#8212;&#8212;&#8212;&#8212;&#8212;&#8212;&#8212;&#8212;&#8212;&#8212;&#8211;<br><p>Fashion Network \/ Comunidad Textil<\/p><p dir=\"ltr\">Para comunicarse con ComunidadTextil: <span style=\"color: #3366ff;\"><a style=\"color: #3366ff;\" href=\"mailto:contacto@comunidadtextil.com\">contacto@comunidadtextil.com<\/a><\/span><\/p><\/p>\n\n\n\n<figure class=\"wp-block-gallery has-nested-images columns-default wp-block-gallery-1 is-layout-flex wp-block-gallery-is-layout-flex\">\n<figure class=\"wp-block-image aligncenter size-large\"><a href=\"https:\/\/www.aplf.com\/aplf-2027\/fashion-access-fair-details\/?utm_medium=media&amp;utm_source=barter&amp;utm_campaign=aplf_media&amp;utm_content=fa27_banner\" target=\"_blank\" rel=\" noopener\"><img decoding=\"async\" width=\"300\" height=\"300\" data-id=\"21349\" src=\"https:\/\/comunidadtextil.com\/wpnews\/wp-content\/uploads\/2026\/09\/fa2027_300x300px.png\" alt=\"\" class=\"wp-image-21349\" srcset=\"https:\/\/comunidadtextil.com\/wpnews\/wp-content\/uploads\/2026\/09\/fa2027_300x300px.png 300w, https:\/\/comunidadtextil.com\/wpnews\/wp-content\/uploads\/2026\/09\/fa2027_300x300px-150x150.png 150w\" sizes=\"(max-width: 300px) 100vw, 300px\" \/><\/a><\/figure>\n\n\n\n<figure class=\"wp-block-image aligncenter size-large\"><a href=\"http:\/\/www.tikvatex.com.ar\" target=\"_blank\" rel=\" noopener\"><img decoding=\"async\" width=\"300\" height=\"190\" data-id=\"21352\" src=\"https:\/\/comunidadtextil.com\/wpnews\/wp-content\/uploads\/2026\/09\/tikvatex062020.png\" alt=\"\" class=\"wp-image-21352\"\/><\/a><\/figure>\n<\/figure>\n","protected":false},"excerpt":{"rendered":"<p>El sal\u00f3n present\u00f3 propuestas para toda la cadena de producci\u00f3n textil. El evento tuvo lugar del 18 al 20 de agosto en el Tikal Futura Hotel &amp; Convention Center de la capital guatemalteca. Organizada por la Asociaci\u00f3n de la Industria de Vestuario y Textiles de Guatemala, la feria es la \u00fanica de Centroam\u00e9rica dedicada por [&hellip;]<\/p>\n","protected":false},"author":1924,"featured_media":0,"comment_status":"closed","ping_status":"","sticky":false,"template":"","format":"standard","meta":{"footnotes":""},"categories":[51],"tags":[],"class_list":["post-21457","post","type-post","status-publish","format-standard","hentry","category-ferias-realizadas"],"_links":{"self":[{"href":"https:\/\/comunidadtextil.com\/wpnews\/wp-json\/wp\/v2\/posts\/21457","targetHints":{"allow":["GET"]}}],"collection":[{"href":"https:\/\/comunidadtextil.com\/wpnews\/wp-json\/wp\/v2\/posts"}],"about":[{"href":"https:\/\/comunidadtextil.com\/wpnews\/wp-json\/wp\/v2\/types\/post"}],"author":[{"embeddable":true,"href":"https:\/\/comunidadtextil.com\/wpnews\/wp-json\/wp\/v2\/users\/1924"}],"replies":[{"embeddable":true,"href":"https:\/\/comunidadtextil.com\/wpnews\/wp-json\/wp\/v2\/comments?post=21457"}],"version-history":[{"count":1,"href":"https:\/\/comunidadtextil.com\/wpnews\/wp-json\/wp\/v2\/posts\/21457\/revisions"}],"predecessor-version":[{"id":21463,"href":"https:\/\/comunidadtextil.com\/wpnews\/wp-json\/wp\/v2\/posts\/21457\/revisions\/21463"}],"wp:attachment":[{"href":"https:\/\/comunidadtextil.com\/wpnews\/wp-json\/wp\/v2\/media?parent=21457"}],"wp:term":[{"taxonomy":"category","embeddable":true,"href":"https:\/\/comunidadtextil.com\/wpnews\/wp-json\/wp\/v2\/categories?post=21457"},{"taxonomy":"post_tag","embeddable":true,"href":"https:\/\/comunidadtextil.com\/wpnews\/wp-json\/wp\/v2\/tags?post=21457"}],"curies":[{"name":"wp","href":"https:\/\/api.w.org\/{rel}","templated":true}]}}