{"id":21424,"date":"2026-09-02T11:24:33","date_gmt":"2026-09-02T14:24:33","guid":{"rendered":"https:\/\/comunidadtextil.com\/wpnews\/?p=21424"},"modified":"2026-09-02T11:24:33","modified_gmt":"2026-09-02T14:24:33","slug":"argentina-la-industria-esta-en-destruccion-con-miles-de-cierres-y-perdida-de-empleos","status":"publish","type":"post","link":"https:\/\/comunidadtextil.com\/wpnews\/2026\/09\/argentina-la-industria-esta-en-destruccion-con-miles-de-cierres-y-perdida-de-empleos\/","title":{"rendered":"Argentina: la industria est\u00e1 en destrucci\u00f3n, con miles de cierres y p\u00e9rdida de empleos"},"content":{"rendered":"\n<figure class=\"wp-block-image size-full\"><a href=\"https:\/\/comunidadtextil.com\/wpnews\/wp-content\/uploads\/2026\/09\/La-industria-confeccionista-es-una-de-las-mas-afectadas-por-la-caida-del-consumo-y-la-competencia-de-importados.-.jpg\"><img fetchpriority=\"high\" decoding=\"async\" width=\"1000\" height=\"667\" src=\"https:\/\/comunidadtextil.com\/wpnews\/wp-content\/uploads\/2026\/09\/La-industria-confeccionista-es-una-de-las-mas-afectadas-por-la-caida-del-consumo-y-la-competencia-de-importados.-.jpg\" alt=\"\" class=\"wp-image-21421\" srcset=\"https:\/\/comunidadtextil.com\/wpnews\/wp-content\/uploads\/2026\/09\/La-industria-confeccionista-es-una-de-las-mas-afectadas-por-la-caida-del-consumo-y-la-competencia-de-importados.-.jpg 1000w, https:\/\/comunidadtextil.com\/wpnews\/wp-content\/uploads\/2026\/09\/La-industria-confeccionista-es-una-de-las-mas-afectadas-por-la-caida-del-consumo-y-la-competencia-de-importados.--300x200.jpg 300w, https:\/\/comunidadtextil.com\/wpnews\/wp-content\/uploads\/2026\/09\/La-industria-confeccionista-es-una-de-las-mas-afectadas-por-la-caida-del-consumo-y-la-competencia-de-importados.--768x512.jpg 768w\" sizes=\"(max-width: 1000px) 100vw, 1000px\" \/><\/a><figcaption class=\"wp-element-caption\">La industria confeccionista es una de las m\u00e1s afectadas por la ca\u00edda del consumo y la competencia de importados.<\/figcaption><\/figure>\n\n\n\n<p class=\"wp-block-paragraph\">La industria textil y de la indumentaria de Argentina atraviesa la crisis m\u00e1s profunda de su historia. Una m\u00e1s que severa ca\u00edda del consumo est\u00e1 generando la quiebra de la producci\u00f3n, el cierre de empresas y la p\u00e9rdida de los puestos de trabajo, como resultante de pol\u00edticas que van en el sentido contrario de lo que hacen los pa\u00edses industrializados.<\/p>\n\n\n\n<p class=\"wp-block-paragraph\">La crisis que est\u00e1 reduciendo la dimensi\u00f3n de una cadena industrial que desde hace m\u00e1s de medio siglo crea empleo y actividad en pr\u00e1cticamente todo el pa\u00eds. Este cambio de situaci\u00f3n es generado por la fuerte ca\u00edda de los salarios y jubilaciones, a lo que se suma la catarata de p\u00e9rdida de fuentes de trabajo y de despidos en el \u00e1mbito estatal. Los ingresos pierden contra la fuerte inflaci\u00f3n, disparada en gran medida por aumentos de los servicios p\u00fablicos que m\u00e1s que duplican el \u00edndice de suba del resto de los pecios de productos.&nbsp;<\/p>\n\n\n\n<p class=\"wp-block-paragraph\">La ca\u00edda de la demanda produjo desde diciembre de 2023, en todo el complejo textil, confecci\u00f3n, calzado y moda, el cierre de miles de establecimientos productivos y comerciales, resultando en la p\u00e9rdida de casi 30.000 puestos de trabajo registrados.<\/p>\n\n\n\n<p class=\"wp-block-paragraph\">La industria textil -que invirti\u00f3 m\u00e1s de US$ 1.500 millones en los primeros tres a\u00f1os de esta d\u00e9cada-, registr\u00f3 en 2026 una ca\u00edda del 31% frente a 2023. En tanto que la fabricaci\u00f3n de prendas de vestir, art\u00edculos de cuero y calzado sum\u00f3 s\u00f3lo en el primer cuatrimestre del a\u00f1o un retroceso del 15,4%, sobre la base de un 2025 que hab\u00eda sido catastr\u00f3fico para el sector.<\/p>\n\n\n\n<p class=\"wp-block-paragraph\">Junto a la baja de la demanda, las medidas adoptadas y la falta de controles est\u00e1n produciendo una avalancha de importaciones y tambi\u00e9n la llegada ilegal de mercader\u00edas. Por ejemplo, entre enero y mayo de 2026 ingresaron 26.651 toneladas de indumentaria, un 73% m\u00e1s que en igual per\u00edodo de 2025 y 268% m\u00e1s que en 2022. En d\u00f3lares, las compras alcanzaron unos US$ 369 millones, un 39% por encima del a\u00f1o anterior.<\/p>\n\n\n\n<p class=\"wp-block-paragraph\">Pero la situaci\u00f3n de deterioro permanente hace que las cifras queden d\u00eda a d\u00eda lejos de la realidad.<\/p>\n\n\n\n<p class=\"wp-block-paragraph\">Por el constante cierre de plantas productivas cae tambi\u00e9n la actividad de los diversos eslabones fabriles que las abastecen localmente de materias primas e insumos. Y tambi\u00e9n de calificados servicios.<\/p>\n\n\n\n<p class=\"wp-block-paragraph\">El deterioro comenz\u00f3 con fuerza a partir de la contracci\u00f3n del mercado interno. Los consumidores argentinos perdieron capacidad para destinar dinero a bienes considerados \u2018postergables\u2019 y la indumentaria qued\u00f3 entre los primeros rubros afectados.<\/p>\n\n\n\n<p class=\"wp-block-paragraph\">La situaci\u00f3n se refleja en el comercio minorista que despu\u00e9s de un junio excepcionalmente impulsado por el aguinaldo y el Mundial de f\u00fatbol&nbsp; tuvo un ligero repunte. Sin embargo, a partir de julio las ventas del sector volvieron a caer fuertemente, marcando cu\u00e1l realmente es la tendencia.<\/p>\n\n\n\n<p class=\"wp-block-paragraph\">Por ello crece en todo el pa\u00eds la disponibilidad de locales comerciales vac\u00edos, empezando por los espacios de las principales avenidas comerciales. Y los principales centros comerciales, que tienen en la indumentaria y la moda como principal exponente, estan planificando destinar sus espacios para otro tipo de actividades.<\/p>\n\n\n\n<p class=\"wp-block-paragraph\">Para Claudio Drescher, presidente de la C\u00e1mara Industrial Argentina de la Indumentaria (CIAI), el problema central es precisamente la demanda. El dirigente ha advertido que la ropa dej\u00f3 de venderse, independientemente de su precio, y que las empresas deben recurrir a promociones y liquidaciones por debajo del costo para generar liquidez. La situaci\u00f3n se vuelve especialmente cr\u00edtica porque el empresario enfrenta simult\u00e1neamente un mercado deprimido y la competencia externa -b\u00e1sicamente de productos de Asia- que puede ofrecer art\u00edculos a precios muy inferiores. Pero a\u00fan as\u00ed el nivel de ventas de importados esta pr\u00e1cticamente estancada.<\/p>\n\n\n\n<p class=\"wp-block-paragraph\">La industria, adem\u00e1s, debe competir contra una estructura de costos internos que los empresarios consideran dif\u00edcilmente sostenible. Impuestos de diverso tipo, altos costos de energ\u00eda y transporte, alquileres, financiaci\u00f3n y otros componentes pesan sobre el precio final de una prenda nacional. En tanto, los productos importados ingresan benefici\u00e1ndose de econom\u00edas de escala y costos de producci\u00f3n sustancialmente inferiores y exenciones establecidas por las actuales autoridades.<\/p>\n\n\n\n<p class=\"wp-block-paragraph\">Por su parte, la Fundaci\u00f3n ProTejer \u2013de incansable actividad en la defensa del sector textil confeccionista- reitera que la apertura comercial se produjo con rapidez y sin una reducci\u00f3n equivalente de la carga tributaria que soporta la producci\u00f3n argentina. A esta competencia se agreg\u00f3 el crecimiento explosivo de las compras internacionales mediante plataformas digitales, cuyo nivel de exenci\u00f3n se ampli\u00f3, a contracorriente de lo que hicieron EE.UU. y la Uni\u00f3n Europea.<\/p>\n\n\n\n<p class=\"wp-block-paragraph\">Las operaciones de courrier vinculadas a plataformas como Shein y Temu crecieron 274,2% durante 2025, acelerando el ingreso directo de productos extranjeros al consumidor argentino. El problema planteado por las entidades industriales no es solamente el precio: las empresas locales sostienen que deben competir cumpliendo normas laborales, impositivas, ambientales y de seguridad que no cumplen quienes venden directamente desde el exterior.<\/p>\n\n\n\n<p class=\"wp-block-paragraph\">Existe adem\u00e1s un mercado informal alimentado por el ingreso ilegal de productos, la llegada de ropa usada y productos de bajo precio que entran a trav\u00e9s de las fronteras escasamente vigiladas. En particular, el corredor Iquique-Bolivia-Argentina aparece como circuito de circulaci\u00f3n de ropa nueva y usada hacia nuestro pa\u00eds. Los empresarios de diversas provincias aseguran que la mercader\u00eda ingresa, circula y se vende sin ning\u00fan control, ya que ven pasar los transportes sin que haya procedimientos de las autoridades ni decomisos, y estos llegan as\u00ed a ciudades de todo el pa\u00eds.<\/p>\n\n\n\n<p class=\"wp-block-paragraph\">El da\u00f1o laboral tambi\u00e9n puede ser considerablemente mayor que el reflejado por las estad\u00edsticas oficiales. Los datos de empleo mencionados corresponden a trabajadores registrados. Pero se sabe que el sector confecci\u00f3n posee hist\u00f3ricamente un sector notoriamente informal. Estudios de Fundar estimaron que 76% de las mujeres ocupadas en confecci\u00f3n trabajaba en condiciones informales. En consecuencia, se calcula que los despidos y cierres que aparecen en los registros oficiales representan solamente una parte del impacto sobre los puestos de trabajo.<\/p>\n\n\n\n<p class=\"wp-block-paragraph\">La combinaci\u00f3n de consumo debilitado, producci\u00f3n en retroceso, importaciones r\u00e9cord, venta a trav\u00e9s de plataformas online extranjeras, informalidad y p\u00e9rdida de empleo est\u00e1 alterando la estructura misma de la cadena. Adem\u00e1s, el perjuicio a los productos terminados se extiende a la elaboraci\u00f3n y venta de una larga cadena de materias primas, insumos y servicios, quebrando la cadena de proveedores que dependen de la demanda industrial.<\/p>\n\n\n\n<p class=\"wp-block-paragraph\">Quienes est\u00e1n ligados a estas industrias advierten sobre la destrucci\u00f3n del tejido industrial y una cadena de valor que se ha desarrollado a trav\u00e9s de d\u00e9cadas de enormes inversiones, formaci\u00f3n de recursos humanos y desarrollo de un importante mercados. Adem\u00e1s, se est\u00e1 perdiendo una potente estructura generadora de trabajo y riqueza, en un pa\u00eds que produce la mayor parte de las materias primas necesarias y dise\u00f1o de calidad.<\/p>\n\n\n\n<p class=\"wp-block-paragraph\">&#8212;&#8212;&#8212;&#8212;&#8212;&#8212;&#8212;&#8212;<br><p>Comunidad Textil<\/p><p dir=\"ltr\">Para comunicarse con ComunidadTextil: <span style=\"color: #3366ff;\"><a style=\"color: #3366ff;\" href=\"mailto:contacto@comunidadtextil.com\">contacto@comunidadtextil.com<\/a><\/span><\/p><\/p>\n\n\n\n<figure class=\"wp-block-gallery has-nested-images columns-default wp-block-gallery-1 is-layout-flex wp-block-gallery-is-layout-flex\">\n<figure class=\"wp-block-image aligncenter size-large\"><a href=\"https:\/\/epson.com.ar\/Para-el-trabajo\/Impresoras\/Gran-Formato\/Impresora-Epson-SureColor-F10070\/p\/C11CF84202\" target=\"_blank\" rel=\" noopener\"><img decoding=\"async\" width=\"300\" height=\"200\" data-id=\"21355\" src=\"https:\/\/comunidadtextil.com\/wpnews\/wp-content\/uploads\/2026\/09\/2213251_ARG_VISUAL_DE_MEDIOS_DICIEMBRE_20_COMUNIDAD_TEXTIL_Banner_Gif_300x200_02.gif\" alt=\"\" class=\"wp-image-21355\"\/><\/a><\/figure>\n\n\n\n<figure class=\"wp-block-image aligncenter size-large\"><a href=\"http:\/\/www.actibiz.com.ar\" target=\"_blank\" rel=\" noopener\"><img decoding=\"async\" width=\"300\" height=\"200\" data-id=\"21358\" src=\"https:\/\/comunidadtextil.com\/wpnews\/wp-content\/uploads\/2026\/09\/actibiz2026.gif\" alt=\"\" class=\"wp-image-21358\"\/><\/a><\/figure>\n<\/figure>\n","protected":false},"excerpt":{"rendered":"<p>La industria textil y de la indumentaria de Argentina atraviesa la crisis m\u00e1s profunda de su historia. Una m\u00e1s que severa ca\u00edda del consumo est\u00e1 generando la quiebra de la producci\u00f3n, el cierre de empresas y la p\u00e9rdida de los puestos de trabajo, como resultante de pol\u00edticas que van en el sentido contrario de lo [&hellip;]<\/p>\n","protected":false},"author":1924,"featured_media":0,"comment_status":"closed","ping_status":"","sticky":false,"template":"","format":"standard","meta":{"footnotes":""},"categories":[8,43,58],"tags":[],"class_list":["post-21424","post","type-post","status-publish","format-standard","hentry","category-argentina","category-industria","category-noticias-de-america-latina"],"_links":{"self":[{"href":"https:\/\/comunidadtextil.com\/wpnews\/wp-json\/wp\/v2\/posts\/21424","targetHints":{"allow":["GET"]}}],"collection":[{"href":"https:\/\/comunidadtextil.com\/wpnews\/wp-json\/wp\/v2\/posts"}],"about":[{"href":"https:\/\/comunidadtextil.com\/wpnews\/wp-json\/wp\/v2\/types\/post"}],"author":[{"embeddable":true,"href":"https:\/\/comunidadtextil.com\/wpnews\/wp-json\/wp\/v2\/users\/1924"}],"replies":[{"embeddable":true,"href":"https:\/\/comunidadtextil.com\/wpnews\/wp-json\/wp\/v2\/comments?post=21424"}],"version-history":[{"count":1,"href":"https:\/\/comunidadtextil.com\/wpnews\/wp-json\/wp\/v2\/posts\/21424\/revisions"}],"predecessor-version":[{"id":21427,"href":"https:\/\/comunidadtextil.com\/wpnews\/wp-json\/wp\/v2\/posts\/21424\/revisions\/21427"}],"wp:attachment":[{"href":"https:\/\/comunidadtextil.com\/wpnews\/wp-json\/wp\/v2\/media?parent=21424"}],"wp:term":[{"taxonomy":"category","embeddable":true,"href":"https:\/\/comunidadtextil.com\/wpnews\/wp-json\/wp\/v2\/categories?post=21424"},{"taxonomy":"post_tag","embeddable":true,"href":"https:\/\/comunidadtextil.com\/wpnews\/wp-json\/wp\/v2\/tags?post=21424"}],"curies":[{"name":"wp","href":"https:\/\/api.w.org\/{rel}","templated":true}]}}