{"id":21406,"date":"2026-09-02T11:24:33","date_gmt":"2026-09-02T14:24:33","guid":{"rendered":"https:\/\/comunidadtextil.com\/wpnews\/?p=21406"},"modified":"2026-09-02T14:36:00","modified_gmt":"2026-09-02T17:36:00","slug":"encuesta-casi-un-40-de-las-empresas-textiles-del-mundo-dice-que-su-situacion-es-mala","status":"publish","type":"post","link":"https:\/\/comunidadtextil.com\/wpnews\/2026\/09\/encuesta-casi-un-40-de-las-empresas-textiles-del-mundo-dice-que-su-situacion-es-mala\/","title":{"rendered":"Encuesta: casi un 40% de las empresas textiles del mundo dice que su situaci\u00f3n es mala"},"content":{"rendered":"\n<figure class=\"wp-block-image aligncenter size-full\"><a href=\"https:\/\/comunidadtextil.com\/wpnews\/wp-content\/uploads\/2026\/09\/00-TEXTIL-1.jpg\"><img fetchpriority=\"high\" decoding=\"async\" width=\"976\" height=\"464\" src=\"https:\/\/comunidadtextil.com\/wpnews\/wp-content\/uploads\/2026\/09\/00-TEXTIL-1.jpg\" alt=\"\" class=\"wp-image-21334\" srcset=\"https:\/\/comunidadtextil.com\/wpnews\/wp-content\/uploads\/2026\/09\/00-TEXTIL-1.jpg 976w, https:\/\/comunidadtextil.com\/wpnews\/wp-content\/uploads\/2026\/09\/00-TEXTIL-1-300x143.jpg 300w, https:\/\/comunidadtextil.com\/wpnews\/wp-content\/uploads\/2026\/09\/00-TEXTIL-1-768x365.jpg 768w\" sizes=\"(max-width: 976px) 100vw, 976px\" \/><\/a><\/figure>\n\n\n\n<p class=\"wp-block-paragraph\">La 39\u00aa Encuesta Mundial de la Industria Textil de la Federaci\u00f3n Internacional de Fabricantes Textiles (ITMF) confirma un deterioro del clima de negocios en la cadena textil global.<\/p>\n\n\n\n<p class=\"wp-block-paragraph\">El estudio, realizado entre el 14 y el 22 de julio de 2026, a empresas de toda la cadena de valor textil mundial, muestra que el 37% de las empresas considera su situaci\u00f3n es mala. Por su parte, un 10% la califica como buena y el 53% que la define como apenas \u2018satisfactoria\u2019. El balance empresarial descendi\u00f3 a -26 puntos porcentuales, empeorando respecto de los -17 puntos registrados en mayo, pero que se mantiene muy por encima de los m\u00ednimos de 2023.<\/p>\n\n\n\n<p class=\"wp-block-paragraph\">Todas las regiones se sit\u00faan ahora en terreno negativo, oscilando entre los -3 pp del sur de Asia y los -58 pp de Am\u00e9rica del Norte y Central.<\/p>\n\n\n\n<p class=\"wp-block-paragraph\">Las marcas y los minoristas fueron el \u00fanico segmento con un saldo positivo (+11 pp). Los fabricantes de maquinaria registraron el dato m\u00e1s d\u00e9bil (-40 pp), mientras que los fabricantes de prendas de vestir sufrieron una fuerte ca\u00edda, pasando de +5 pp en mayo a -25 pp.<\/p>\n\n\n\n<p class=\"wp-block-paragraph\">Las expectativas empresariales para los pr\u00f3ximos seis meses se moderaron ligeramente, pasando de +16 pp a +14 pp, con un 47% de los encuestados que no prev\u00e9 cambios. \u00c1frica (+50 pp) y el sur de Asia (+32 pp) fueron las regiones m\u00e1s optimistas, y los fabricantes de maquinaria, el segmento con mayor confianza (+36 pp).<\/p>\n\n\n\n<p class=\"wp-block-paragraph\">El volumen de pedidos cay\u00f3 a -27 pp frente a los -9 pp de mayo, lo que sugiere que la cifra de mayo fue una anomal\u00eda. La cartera de pedidos media se redujo a 2,3 meses y la utilizaci\u00f3n de la capacidad mundial descendi\u00f3 al 71 %, oscilando entre el 75 % en el sudeste asi\u00e1tico y el 64 % en Am\u00e9rica del Norte y Central.<\/p>\n\n\n\n<p class=\"wp-block-paragraph\">La debilidad de la demanda y la geopol\u00edtica siguen siendo las principales preocupaciones del sector para el 56% y el 46% de los encuestados, respectivamente.<\/p>\n\n\n\n<p class=\"wp-block-paragraph\">Por el contrario, a comienzos de agosto en que fue publicaci\u00f3n el informe, los precios de las materias primas, los costos energ\u00e9ticos y los aranceles hab\u00edan disminuido, situ\u00e1ndose estos \u00faltimos en apenas un 10% frente al m\u00e1ximo del 40% registrado en septiembre de 2025.<\/p>\n\n\n\n<p class=\"wp-block-paragraph\">Las cancelaciones de pedidos descendieron al 2% a nivel mundial y el \u00edndice de inventarios mejor\u00f3, aunque se mantiene por debajo de la media: Las existencias se acumulan en los eslabones finales de la cadena (marcas y minoristas), mientras que los segmentos iniciales conservan niveles reducidos de inventario.<\/p>\n\n\n\n<p class=\"wp-block-paragraph\">Quienes deseen m\u00e1s informaci\u00f3n pueden consultar la web: <a href=\"https:\/\/www.itmf.org\">www.itmf.org<\/a><\/p>\n\n\n\n<p class=\"wp-block-paragraph\">&#8212;&#8212;&#8212;&#8212;&#8212;&#8212;&#8212;&#8212;&#8212;&#8211;<br><p>ITMF \/ Comunidad Textil<\/p><p dir=\"ltr\">Para comunicarse con ComunidadTextil: <span style=\"color: #3366ff;\"><a style=\"color: #3366ff;\" href=\"mailto:contacto@comunidadtextil.com\">contacto@comunidadtextil.com<\/a><\/span><\/p><\/p>\n\n\n\n<figure class=\"wp-block-gallery has-nested-images columns-default wp-block-gallery-1 is-layout-flex wp-block-gallery-is-layout-flex\">\n<figure class=\"wp-block-image aligncenter size-large\"><a href=\"https:\/\/www.tintoreanatur.com.ar\" target=\"_blank\" rel=\" noopener\"><img decoding=\"async\" width=\"301\" height=\"201\" data-id=\"21346\" src=\"https:\/\/comunidadtextil.com\/wpnews\/wp-content\/uploads\/2026\/09\/tintoreanatur-banner-300x200_2021.jpg\" alt=\"\" class=\"wp-image-21346\"\/><\/a><\/figure>\n\n\n\n<figure class=\"wp-block-image aligncenter size-large\"><a href=\"https:\/\/www.aplf.com\/aplf-2027\/fashion-access-fair-details\/?utm_medium=media&amp;utm_source=barter&amp;utm_campaign=aplf_media&amp;utm_content=fa27_banner\" target=\"_blank\" rel=\" noopener\"><img decoding=\"async\" width=\"300\" height=\"300\" data-id=\"21349\" src=\"https:\/\/comunidadtextil.com\/wpnews\/wp-content\/uploads\/2026\/09\/fa2027_300x300px.png\" alt=\"\" class=\"wp-image-21349\" srcset=\"https:\/\/comunidadtextil.com\/wpnews\/wp-content\/uploads\/2026\/09\/fa2027_300x300px.png 300w, https:\/\/comunidadtextil.com\/wpnews\/wp-content\/uploads\/2026\/09\/fa2027_300x300px-150x150.png 150w\" sizes=\"(max-width: 300px) 100vw, 300px\" \/><\/a><\/figure>\n<\/figure>\n","protected":false},"excerpt":{"rendered":"<p>La 39\u00aa Encuesta Mundial de la Industria Textil de la Federaci\u00f3n Internacional de Fabricantes Textiles (ITMF) confirma un deterioro del clima de negocios en la cadena textil global. El estudio, realizado entre el 14 y el 22 de julio de 2026, a empresas de toda la cadena de valor textil mundial, muestra que el 37% [&hellip;]<\/p>\n","protected":false},"author":1924,"featured_media":0,"comment_status":"closed","ping_status":"","sticky":false,"template":"","format":"standard","meta":{"footnotes":""},"categories":[43],"tags":[],"class_list":["post-21406","post","type-post","status-publish","format-standard","hentry","category-industria"],"_links":{"self":[{"href":"https:\/\/comunidadtextil.com\/wpnews\/wp-json\/wp\/v2\/posts\/21406","targetHints":{"allow":["GET"]}}],"collection":[{"href":"https:\/\/comunidadtextil.com\/wpnews\/wp-json\/wp\/v2\/posts"}],"about":[{"href":"https:\/\/comunidadtextil.com\/wpnews\/wp-json\/wp\/v2\/types\/post"}],"author":[{"embeddable":true,"href":"https:\/\/comunidadtextil.com\/wpnews\/wp-json\/wp\/v2\/users\/1924"}],"replies":[{"embeddable":true,"href":"https:\/\/comunidadtextil.com\/wpnews\/wp-json\/wp\/v2\/comments?post=21406"}],"version-history":[{"count":4,"href":"https:\/\/comunidadtextil.com\/wpnews\/wp-json\/wp\/v2\/posts\/21406\/revisions"}],"predecessor-version":[{"id":21493,"href":"https:\/\/comunidadtextil.com\/wpnews\/wp-json\/wp\/v2\/posts\/21406\/revisions\/21493"}],"wp:attachment":[{"href":"https:\/\/comunidadtextil.com\/wpnews\/wp-json\/wp\/v2\/media?parent=21406"}],"wp:term":[{"taxonomy":"category","embeddable":true,"href":"https:\/\/comunidadtextil.com\/wpnews\/wp-json\/wp\/v2\/categories?post=21406"},{"taxonomy":"post_tag","embeddable":true,"href":"https:\/\/comunidadtextil.com\/wpnews\/wp-json\/wp\/v2\/tags?post=21406"}],"curies":[{"name":"wp","href":"https:\/\/api.w.org\/{rel}","templated":true}]}}