{"id":21400,"date":"2026-09-02T11:24:33","date_gmt":"2026-09-02T14:24:33","guid":{"rendered":"https:\/\/comunidadtextil.com\/wpnews\/?p=21400"},"modified":"2026-09-02T11:24:33","modified_gmt":"2026-09-02T14:24:33","slug":"el-congreso-internacional-pondra-a-brasil-en-el-centro-mundial-de-la-industria-textil","status":"publish","type":"post","link":"https:\/\/comunidadtextil.com\/wpnews\/2026\/09\/el-congreso-internacional-pondra-a-brasil-en-el-centro-mundial-de-la-industria-textil\/","title":{"rendered":"El Congreso Internacional pondr\u00e1 a Brasil en el centro mundial de la industria textil"},"content":{"rendered":"\n<figure class=\"wp-block-image size-full\"><a href=\"https:\/\/comunidadtextil.com\/wpnews\/wp-content\/uploads\/2026\/09\/Congreso-2025-_2-.jpg\"><img fetchpriority=\"high\" decoding=\"async\" width=\"986\" height=\"657\" src=\"https:\/\/comunidadtextil.com\/wpnews\/wp-content\/uploads\/2026\/09\/Congreso-2025-_2-.jpg\" alt=\"\" class=\"wp-image-21337\" srcset=\"https:\/\/comunidadtextil.com\/wpnews\/wp-content\/uploads\/2026\/09\/Congreso-2025-_2-.jpg 986w, https:\/\/comunidadtextil.com\/wpnews\/wp-content\/uploads\/2026\/09\/Congreso-2025-_2--300x200.jpg 300w, https:\/\/comunidadtextil.com\/wpnews\/wp-content\/uploads\/2026\/09\/Congreso-2025-_2--768x512.jpg 768w\" sizes=\"(max-width: 986px) 100vw, 986px\" \/><\/a><\/figure>\n\n\n\n<p class=\"wp-block-paragraph\">La ciudad brasilera de Fortaleza ser\u00e1 el epicentro de la industria textil y de la confecci\u00f3n mundial los pr\u00f3ximos 14 y 15 de octubre, cuando reciba al \u2018Congreso Internacional Brasil 2026\u2019.<\/p>\n\n\n\n<p class=\"wp-block-paragraph\">El encuentro ser\u00e1 organizado por la Asociaci\u00f3n Brasilera de la Industria Textil y de Confecci\u00f3n (Abit), en conjunto con la International Textile Manufacturers Federation (ITMF) y la International Apparel Federation (IAF). Por primera vez, el principal encuentro del sector en Brasil se realizar\u00e1 simult\u00e1neamente con las reuniones anuales de ambas entidades internacionales, convirtiendo al pa\u00eds en un escenario estrat\u00e9gico para debatir el futuro de la cadena textil global.<\/p>\n\n\n\n<p class=\"wp-block-paragraph\">Bajo el lema &#8220;Futuro en Movimiento: Transformaci\u00f3n, Innovaci\u00f3n y Nuevas Realidades&#8221;, el congreso reunir\u00e1 a empresarios, investigadores, ejecutivos y dirigentes de distintos pa\u00edses para analizar los grandes desaf\u00edos que enfrenta la industria. La agenda incluir\u00e1 temas como inteligencia artificial, automatizaci\u00f3n, digitalizaci\u00f3n, econom\u00eda circular, materiales inteligentes, productividad, evoluci\u00f3n de las fibras, cambios en los h\u00e1bitos de consumo y el nuevo contexto geopol\u00edtico y regulatorio que condiciona el comercio internacional.<\/p>\n\n\n\n<p class=\"wp-block-paragraph\">El director ejecutivo de ABIT, Fernando Pimentel, destac\u00f3 que el encuentro se realiza en un momento de profundas transformaciones tecnol\u00f3gicas, econ\u00f3micas y comerciales. A su juicio, reunir en Brasil a los principales referentes mundiales del sector constituye una oportunidad para fortalecer la competitividad de la industria y ampliar su protagonismo en un mercado cada vez m\u00e1s din\u00e1mico e integrado.<\/p>\n\n\n\n<p class=\"wp-block-paragraph\">Pimentel subray\u00f3 adem\u00e1s que Brasil cuenta con una de las cadenas textiles m\u00e1s completas del mundo, integrada desde la producci\u00f3n de fibras hasta la confecci\u00f3n y la comercializaci\u00f3n, una caracter\u00edstica que representa una importante ventaja competitiva. En ese sentido, afirm\u00f3 que el congreso servir\u00e1 para mostrar ese potencial al mundo y posicionar a Brasil y al Mercosur como actores relevantes en las decisiones estrat\u00e9gicas del sector.<\/p>\n\n\n\n<p class=\"wp-block-paragraph\">La superintendente de Marketing y Negocios de ABIT, Lilian Kaddissi, se\u00f1al\u00f3 que la alianza con la ITMF y la IAF otorgar\u00e1 al evento una dimensi\u00f3n internacional sin precedentes, favoreciendo el intercambio de conocimientos y el di\u00e1logo con los principales protagonistas de la industria mundial. Seg\u00fan explic\u00f3, el objetivo es generar un espacio donde se analicen tendencias, se compartan experiencias y se construyan respuestas frente a los desaf\u00edos tecnol\u00f3gicos y comerciales que enfrenta la cadena textil.<\/p>\n\n\n\n<p class=\"wp-block-paragraph\">Por su parte, Julieta Pagliuca, responsable del desarrollo del Congreso desde su primera edici\u00f3n en 2016, consider\u00f3 que la incorporaci\u00f3n de las dos organizaciones internacionales marca un paso decisivo en la consolidaci\u00f3n del evento como uno de los principales foros mundiales para la industria textil y de la confecci\u00f3n.<\/p>\n\n\n\n<p class=\"wp-block-paragraph\">Con una programaci\u00f3n de alto nivel y una marcada proyecci\u00f3n internacional, el Congreso Internacional Brasil 2026 aspira a convertirse en un espacio donde no solo se debatir\u00e1 el futuro de la industria, sino donde tambi\u00e9n comenzar\u00e1n a definirse las estrategias que marcar\u00e1n su evoluci\u00f3n en los pr\u00f3ximos a\u00f1os.<br><br>&#8212;&#8212;&#8212;&#8212;&#8212;&#8212;&#8212;&#8212;&#8212;-<br> ABIT \/ Comunidad Textil<p dir=\"ltr\">Para comunicarse con ComunidadTextil: <span style=\"color: #3366ff;\"><a style=\"color: #3366ff;\" href=\"mailto:contacto@comunidadtextil.com\">contacto@comunidadtextil.com<\/a><\/span><\/p><\/p>\n\n\n\n<figure class=\"wp-block-gallery has-nested-images columns-default wp-block-gallery-1 is-layout-flex wp-block-gallery-is-layout-flex\">\n<figure class=\"wp-block-image aligncenter size-large\"><a href=\"https:\/\/epson.com.ar\/Para-el-trabajo\/Impresoras\/Gran-Formato\/Impresora-Epson-SureColor-F10070\/p\/C11CF84202\" target=\"_blank\" rel=\" noopener\"><img decoding=\"async\" width=\"300\" height=\"200\" data-id=\"21355\" src=\"https:\/\/comunidadtextil.com\/wpnews\/wp-content\/uploads\/2026\/09\/2213251_ARG_VISUAL_DE_MEDIOS_DICIEMBRE_20_COMUNIDAD_TEXTIL_Banner_Gif_300x200_02.gif\" alt=\"\" class=\"wp-image-21355\"\/><\/a><\/figure>\n\n\n\n<figure class=\"wp-block-image aligncenter size-large\"><a href=\"https:\/\/www.actibiz.com.ar\" target=\"_blank\" rel=\" noopener\"><img decoding=\"async\" width=\"300\" height=\"200\" data-id=\"21358\" src=\"https:\/\/comunidadtextil.com\/wpnews\/wp-content\/uploads\/2026\/09\/actibiz2026.gif\" alt=\"\" class=\"wp-image-21358\"\/><\/a><\/figure>\n<\/figure>\n","protected":false},"excerpt":{"rendered":"<p>La ciudad brasilera de Fortaleza ser\u00e1 el epicentro de la industria textil y de la confecci\u00f3n mundial los pr\u00f3ximos 14 y 15 de octubre, cuando reciba al \u2018Congreso Internacional Brasil 2026\u2019. El encuentro ser\u00e1 organizado por la Asociaci\u00f3n Brasilera de la Industria Textil y de Confecci\u00f3n (Abit), en conjunto con la International Textile Manufacturers Federation [&hellip;]<\/p>\n","protected":false},"author":1924,"featured_media":0,"comment_status":"closed","ping_status":"","sticky":false,"template":"","format":"standard","meta":{"footnotes":""},"categories":[50],"tags":[],"class_list":["post-21400","post","type-post","status-publish","format-standard","hentry","category-ferias-proximas"],"_links":{"self":[{"href":"https:\/\/comunidadtextil.com\/wpnews\/wp-json\/wp\/v2\/posts\/21400","targetHints":{"allow":["GET"]}}],"collection":[{"href":"https:\/\/comunidadtextil.com\/wpnews\/wp-json\/wp\/v2\/posts"}],"about":[{"href":"https:\/\/comunidadtextil.com\/wpnews\/wp-json\/wp\/v2\/types\/post"}],"author":[{"embeddable":true,"href":"https:\/\/comunidadtextil.com\/wpnews\/wp-json\/wp\/v2\/users\/1924"}],"replies":[{"embeddable":true,"href":"https:\/\/comunidadtextil.com\/wpnews\/wp-json\/wp\/v2\/comments?post=21400"}],"version-history":[{"count":1,"href":"https:\/\/comunidadtextil.com\/wpnews\/wp-json\/wp\/v2\/posts\/21400\/revisions"}],"predecessor-version":[{"id":21403,"href":"https:\/\/comunidadtextil.com\/wpnews\/wp-json\/wp\/v2\/posts\/21400\/revisions\/21403"}],"wp:attachment":[{"href":"https:\/\/comunidadtextil.com\/wpnews\/wp-json\/wp\/v2\/media?parent=21400"}],"wp:term":[{"taxonomy":"category","embeddable":true,"href":"https:\/\/comunidadtextil.com\/wpnews\/wp-json\/wp\/v2\/categories?post=21400"},{"taxonomy":"post_tag","embeddable":true,"href":"https:\/\/comunidadtextil.com\/wpnews\/wp-json\/wp\/v2\/tags?post=21400"}],"curies":[{"name":"wp","href":"https:\/\/api.w.org\/{rel}","templated":true}]}}