{"id":21388,"date":"2026-09-02T11:24:33","date_gmt":"2026-09-02T14:24:33","guid":{"rendered":"https:\/\/comunidadtextil.com\/wpnews\/?p=21388"},"modified":"2026-09-02T11:24:33","modified_gmt":"2026-09-02T14:24:33","slug":"europa-los-aranceles-frenan-hasta-40-los-paquetes-de-las-plataformas-de-compras","status":"publish","type":"post","link":"https:\/\/comunidadtextil.com\/wpnews\/2026\/09\/europa-los-aranceles-frenan-hasta-40-los-paquetes-de-las-plataformas-de-compras\/","title":{"rendered":"Europa: los aranceles frenan hasta 40% los paquetes de las plataformas de compras"},"content":{"rendered":"\n<figure class=\"wp-block-image size-full\"><a href=\"https:\/\/comunidadtextil.com\/wpnews\/wp-content\/uploads\/2026\/09\/Shoppers-back-regulations-to-stop-cheap-online-goods-flooding-the-UK-.jpg\"><img fetchpriority=\"high\" decoding=\"async\" width=\"1000\" height=\"667\" src=\"https:\/\/comunidadtextil.com\/wpnews\/wp-content\/uploads\/2026\/09\/Shoppers-back-regulations-to-stop-cheap-online-goods-flooding-the-UK-.jpg\" alt=\"\" class=\"wp-image-21331\" srcset=\"https:\/\/comunidadtextil.com\/wpnews\/wp-content\/uploads\/2026\/09\/Shoppers-back-regulations-to-stop-cheap-online-goods-flooding-the-UK-.jpg 1000w, https:\/\/comunidadtextil.com\/wpnews\/wp-content\/uploads\/2026\/09\/Shoppers-back-regulations-to-stop-cheap-online-goods-flooding-the-UK--300x200.jpg 300w, https:\/\/comunidadtextil.com\/wpnews\/wp-content\/uploads\/2026\/09\/Shoppers-back-regulations-to-stop-cheap-online-goods-flooding-the-UK--768x512.jpg 768w\" sizes=\"(max-width: 1000px) 100vw, 1000px\" \/><\/a><\/figure>\n\n\n\n<p class=\"wp-block-paragraph\">La decisi\u00f3n de la Uni\u00f3n Europea de aplicar desde el 1 de julio un arancel de \u20ac 3 por cada categor\u00eda de producto, incluida en los peque\u00f1os paquetes procedentes de Asia, tuvo efecto.<\/p>\n\n\n\n<p class=\"wp-block-paragraph\">En el primer mes de aplicada la medida provoc\u00f3 una ca\u00edda de entre 30% y 40% en estas importaciones, seg\u00fan datos de las aduanas francesas.<\/p>\n\n\n\n<p class=\"wp-block-paragraph\">Asimismo, el impacto ya se refleja directamente en las principales plataformas asi\u00e1ticas: Temu redujo sus ventas 50% entre junio y julio, AliExpress 37% y Shein 15%, en una primera se\u00f1al de que las nuevas reglas pueden modificar el avance de la moda y el comercio electr\u00f3nico asi\u00e1tico sobre el mercado europeo.<\/p>\n\n\n\n<p class=\"wp-block-paragraph\">El cambio afecta a un flujo comercial que hab\u00eda alcanzado dimensiones extraordinarias. Durante 2025 ingresaron a la Uni\u00f3n Europea unos 5.900 millones de peque\u00f1os paquetes, equivalentes a m\u00e1s de 180 env\u00edos por segundo y cuatro veces el volumen registrado en 2022. El 93% proced\u00eda de China, favorecido hasta ahora por una exenci\u00f3n arancelaria para env\u00edos de menos de \u20ac 150.<\/p>\n\n\n\n<p class=\"wp-block-paragraph\">La magnitud de estas importaciones hab\u00eda generado una creciente preocupaci\u00f3n entre gobiernos, asociaciones empresariales y parlamentarios europeos. Adem\u00e1s de comprobar que las plataformas como Shein, Temu y AliExpress generan una competencia desigual para las industrias locales, la Comunidad Europea cuestiona que una parte de los productos comercializados podr\u00eda no cumplir las normas comunitarias de seguridad, calidad y protecci\u00f3n ambiental.<\/p>\n\n\n\n<p class=\"wp-block-paragraph\">El impacto econ\u00f3mico del nuevo arancel tambi\u00e9n comienza a modificar las estrategias comerciales. Seg\u00fan un an\u00e1lisis de la aplicaci\u00f3n francesa Joko, que monitorea las transacciones bancarias de 1,5 millones de consumidores, varias plataformas est\u00e1n intentando compensar el nuevo costo elevando el valor promedio de las compras. Entre junio y julio, el importe medio del carrito aument\u00f3 30% en Temu y 27% en AliExpress. Esta \u00faltima confirm\u00f3 que incorporar\u00e1 los aranceles directamente a sus precios.<\/p>\n\n\n\n<p class=\"wp-block-paragraph\">Shein aparece, por ahora, como la plataforma m\u00e1s resistente al cambio. Su ca\u00edda del 15% estar\u00eda relacionada con una estrategia log\u00edstica que comenz\u00f3 a implementar antes de la entrada en vigor del arancel. La empresa, originaria de China y actualmente con sede en Singapur, abri\u00f3 un gran centro de almacenamiento en Polonia a fines de 2025 y estar\u00eda avanzando adem\u00e1s en la construcci\u00f3n de una instalaci\u00f3n log\u00edstica de gran escala junto a un aeropuerto polaco. El objetivo es abastecer a los consumidores europeos desde territorio comunitario y reducir as\u00ed su exposici\u00f3n a los nuevos costos de importaci\u00f3n.<\/p>\n\n\n\n<p class=\"wp-block-paragraph\"><p>El arancel de 3 euros es una medida temporal que permanecer\u00e1 vigente hasta la reforma integral del sistema aduanero europeo, prevista para los pr\u00f3ximos dos a\u00f1os. A partir de noviembre se sumar\u00e1 adem\u00e1s una tasa de tramitaci\u00f3n, cuyo importe todav\u00eda no fue definido y podr\u00eda alcanzar los dos euros por paquete.<br><br>&#8212;&#8212;&#8212;&#8212;&#8212;&#8212;&#8212;&#8212;&#8212;&#8212;&#8212;&#8212;&#8212;-<br>Fashion Network \/ Comunidad Textil<\/p><p dir=\"ltr\">Para comunicarse con ComunidadTextil: <span style=\"color: #3366ff;\"><a style=\"color: #3366ff;\" href=\"mailto:contacto@comunidadtextil.com\">contacto@comunidadtextil.com<\/a><\/span><\/p><\/p>\n\n\n\n<figure class=\"wp-block-gallery has-nested-images columns-default wp-block-gallery-1 is-layout-flex wp-block-gallery-is-layout-flex\">\n<figure class=\"wp-block-image aligncenter size-large\"><a href=\"https:\/\/epson.com.ar\/Para-el-trabajo\/Impresoras\/Gran-Formato\/Impresora-Epson-SureColor-F10070\/p\/C11CF84202\" target=\"_blank\" rel=\" noopener\"><img decoding=\"async\" width=\"300\" height=\"200\" data-id=\"21355\" src=\"https:\/\/comunidadtextil.com\/wpnews\/wp-content\/uploads\/2026\/09\/2213251_ARG_VISUAL_DE_MEDIOS_DICIEMBRE_20_COMUNIDAD_TEXTIL_Banner_Gif_300x200_02.gif\" alt=\"\" class=\"wp-image-21355\"\/><\/a><\/figure>\n\n\n\n<figure class=\"wp-block-image aligncenter size-large\"><a href=\"https:\/\/algoselanflandria.com.ar\/\" target=\"_blank\" rel=\" noopener\"><img decoding=\"async\" width=\"300\" height=\"200\" data-id=\"21361\" src=\"https:\/\/comunidadtextil.com\/wpnews\/wp-content\/uploads\/2026\/09\/af-2020-300x200px.gif\" alt=\"\" class=\"wp-image-21361\"\/><\/a><\/figure>\n<\/figure>\n","protected":false},"excerpt":{"rendered":"<p>La decisi\u00f3n de la Uni\u00f3n Europea de aplicar desde el 1 de julio un arancel de \u20ac 3 por cada categor\u00eda de producto, incluida en los peque\u00f1os paquetes procedentes de Asia, tuvo efecto. En el primer mes de aplicada la medida provoc\u00f3 una ca\u00edda de entre 30% y 40% en estas importaciones, seg\u00fan datos de [&hellip;]<\/p>\n","protected":false},"author":1924,"featured_media":0,"comment_status":"closed","ping_status":"","sticky":false,"template":"","format":"standard","meta":{"footnotes":""},"categories":[57,62],"tags":[],"class_list":["post-21388","post","type-post","status-publish","format-standard","hentry","category-mercados","category-noticias-de-europa"],"_links":{"self":[{"href":"https:\/\/comunidadtextil.com\/wpnews\/wp-json\/wp\/v2\/posts\/21388","targetHints":{"allow":["GET"]}}],"collection":[{"href":"https:\/\/comunidadtextil.com\/wpnews\/wp-json\/wp\/v2\/posts"}],"about":[{"href":"https:\/\/comunidadtextil.com\/wpnews\/wp-json\/wp\/v2\/types\/post"}],"author":[{"embeddable":true,"href":"https:\/\/comunidadtextil.com\/wpnews\/wp-json\/wp\/v2\/users\/1924"}],"replies":[{"embeddable":true,"href":"https:\/\/comunidadtextil.com\/wpnews\/wp-json\/wp\/v2\/comments?post=21388"}],"version-history":[{"count":1,"href":"https:\/\/comunidadtextil.com\/wpnews\/wp-json\/wp\/v2\/posts\/21388\/revisions"}],"predecessor-version":[{"id":21391,"href":"https:\/\/comunidadtextil.com\/wpnews\/wp-json\/wp\/v2\/posts\/21388\/revisions\/21391"}],"wp:attachment":[{"href":"https:\/\/comunidadtextil.com\/wpnews\/wp-json\/wp\/v2\/media?parent=21388"}],"wp:term":[{"taxonomy":"category","embeddable":true,"href":"https:\/\/comunidadtextil.com\/wpnews\/wp-json\/wp\/v2\/categories?post=21388"},{"taxonomy":"post_tag","embeddable":true,"href":"https:\/\/comunidadtextil.com\/wpnews\/wp-json\/wp\/v2\/tags?post=21388"}],"curies":[{"name":"wp","href":"https:\/\/api.w.org\/{rel}","templated":true}]}}