{"id":21379,"date":"2026-09-02T11:24:33","date_gmt":"2026-09-02T14:24:33","guid":{"rendered":"https:\/\/comunidadtextil.com\/wpnews\/?p=21379"},"modified":"2026-09-02T14:35:23","modified_gmt":"2026-09-02T17:35:23","slug":"no-destruir-prendas-es-solo-un-paso-hay-que-producir-menos-y-de-mejor-calidad","status":"publish","type":"post","link":"https:\/\/comunidadtextil.com\/wpnews\/2026\/09\/no-destruir-prendas-es-solo-un-paso-hay-que-producir-menos-y-de-mejor-calidad\/","title":{"rendered":"No destruir prendas es s\u00f3lo un paso, hay que producir menos y de mejor calidad"},"content":{"rendered":"\n<figure class=\"wp-block-image alignright size-large\"><a href=\"https:\/\/comunidadtextil.com\/wpnews\/wp-content\/uploads\/2026\/09\/Indumentaria-superproduccion-_2-.jpg\"><img fetchpriority=\"high\" decoding=\"async\" width=\"1024\" height=\"683\" src=\"https:\/\/comunidadtextil.com\/wpnews\/wp-content\/uploads\/2026\/09\/Indumentaria-superproduccion-_2--1024x683.jpg\" alt=\"\" class=\"wp-image-21328\" srcset=\"https:\/\/comunidadtextil.com\/wpnews\/wp-content\/uploads\/2026\/09\/Indumentaria-superproduccion-_2--1024x683.jpg 1024w, https:\/\/comunidadtextil.com\/wpnews\/wp-content\/uploads\/2026\/09\/Indumentaria-superproduccion-_2--300x200.jpg 300w, https:\/\/comunidadtextil.com\/wpnews\/wp-content\/uploads\/2026\/09\/Indumentaria-superproduccion-_2--768x512.jpg 768w, https:\/\/comunidadtextil.com\/wpnews\/wp-content\/uploads\/2026\/09\/Indumentaria-superproduccion-_2-.jpg 1440w\" sizes=\"(max-width: 1024px) 100vw, 1024px\" \/><\/a><\/figure>\n\n\n\n<p class=\"wp-block-paragraph\">La reciente decisi\u00f3n de la Uni\u00f3n Europea de prohibir la destrucci\u00f3n de productos textiles, prendas de vestir, calzado y art\u00edculos de moda no vendidos representa una se\u00f1al positiva en favor de la sostenibilidad. Pero el tema es mucho m\u00e1s amplio<\/p>\n\n\n\n<p class=\"wp-block-paragraph\">En la situaci\u00f3n actual, resulta dif\u00edcil justificar que productos completamente nuevos terminen incinerados o enviados a vertederos cuando para fabricarlos se consumieron enormes cantidades de agua, energ\u00eda, materias primas y trabajo humano. Pero la nueva normativa tambi\u00e9n deja al descubierto un problema mucho m\u00e1s profundo: el verdadero enemigo no es la destrucci\u00f3n de los excedentes, sino la sobreproducci\u00f3n sistem\u00e1tica que caracteriza a buena parte de la industria mundial de la moda.<\/p>\n\n\n\n<p class=\"wp-block-paragraph\">Seg\u00fan la Comisi\u00f3n Europea, entre el 4% y el 9% de los productos textiles no vendidos se destruyen cada a\u00f1o en este Continente, generando alrededor de 5,6 millones de toneladas de emisiones de CO\u2082. La cifra resulta preocupante, pero representa \u00fanicamente la etapa final de un proceso mucho m\u00e1s cuestionable, que es la fabricaci\u00f3n de millones de prendas cuya venta nunca estuvo realmente asegurada.<\/p>\n\n\n\n<p class=\"wp-block-paragraph\">Durante a\u00f1os, una parte del negocio de la moda, especialmente la denominada fast fashion y la ultra fast fashion, se apoy\u00f3 en una l\u00f3gica de producci\u00f3n pr\u00e1cticamente ilimitada. El objetivo fue inundar el mercado con novedades permanentes para estimular el consumo impulsivo, aun sabiendo que una parte importante de esas colecciones jam\u00e1s encontrar\u00eda comprador. Desde el punto de vista ambiental, ese modelo es insostenible.<\/p>\n\n\n\n<p class=\"wp-block-paragraph\">Cada prenda no vendida implica algod\u00f3n cultivado, fibras sint\u00e9ticas derivadas del petr\u00f3leo, productos qu\u00edmicos, agua, energ\u00eda, transporte mar\u00edtimo y terrestre y emisiones de carbono que ya fueron generadas mucho antes de decidir su destino final. Por eso, concentrar el debate \u00fanicamente en la destrucci\u00f3n de los excedentes termina ocultando el verdadero origen del problema.<\/p>\n\n\n\n<p class=\"wp-block-paragraph\">La prohibici\u00f3n europea obliga ahora a buscar alternativas como la reutilizaci\u00f3n, la reparaci\u00f3n o el reciclaje. Pero tambi\u00e9n existe el riesgo que las empresas opten por trasladar esos productos fuera de la Uni\u00f3n Europea hacia pa\u00edses donde todav\u00eda sea legal destruirlos o descartarlos.<\/p>\n\n\n\n<p class=\"wp-block-paragraph\">En este caso Europa no estar\u00eda resolviendo el problema ambiental sino simplemente export\u00e1ndolo. Eso ya ocurre, y los residuos terminan acumul\u00e1ndose en pa\u00edses de Africa y Am\u00e9rica Latina, que ejercen menores controles ambientales y con menos capacidad para gestionar semejante volumen de desechos. Ser\u00eda -ya es- una pr\u00e1ctica dif\u00edcil de conciliar con los principios de responsabilidad ambiental que la propia Uni\u00f3n Europea promueve.<\/p>\n\n\n\n<p class=\"wp-block-paragraph\">En los \u00faltimos a\u00f1os ya se han documentado numerosos casos de monta\u00f1as de ropa descartada en pa\u00edses africanos y latinoamericanos, donde parte de las prendas usadas o excedentes textiles terminan saturando vertederos, contaminando cursos de agua o afectando econom\u00edas locales. Convertir a terceros pa\u00edses en receptores de residuos textiles constituye una soluci\u00f3n tan c\u00f3moda como irresponsable.<\/p>\n\n\n\n<p class=\"wp-block-paragraph\">La sostenibilidad exige una visi\u00f3n mucho m\u00e1s amplia. No basta con prohibir la destrucci\u00f3n de productos; es imprescindible producir mejor y producir s\u00f3lo aquello que realmente demanda el mercado. En este sentido, muchas empresas ya est\u00e1n utilizando inteligencia artificial para mejorar la previsi\u00f3n de ventas, ajustar la producci\u00f3n y reducir excedentes antes de que existan.<\/p>\n\n\n\n<p class=\"wp-block-paragraph\"><p>La econom\u00eda circular comienza mucho antes del reciclaje. Empieza en el dise\u00f1o del producto, en la planificaci\u00f3n de la producci\u00f3n y en un consumo m\u00e1s responsable. Solo reduciendo la sobreproducci\u00f3n ser\u00e1 posible disminuir realmente el impacto ambiental de una industria que figura entre las mayores consumidoras de recursos naturales del planeta.<br><br>&#8212;&#8212;&#8212;&#8212;&#8212;&#8212;&#8212;&#8212;&#8212;&#8212;&#8212;&#8212;&#8212;&#8212;&#8212;<br>Industria de la Moda \/ Comunidad Textil<\/p><p dir=\"ltr\">Para comunicarse con ComunidadTextil: <span style=\"color: #3366ff;\"><a style=\"color: #3366ff;\" href=\"mailto:contacto@comunidadtextil.com\">contacto@comunidadtextil.com<\/a><\/span><\/p><\/p>\n\n\n\n<figure class=\"wp-block-gallery has-nested-images columns-default wp-block-gallery-1 is-layout-flex wp-block-gallery-is-layout-flex\">\n<figure class=\"wp-block-image aligncenter size-large\"><a href=\"https:\/\/www.aplf.com\/aplf-2027\/fashion-access-fair-details\/?utm_medium=media&amp;utm_source=barter&amp;utm_campaign=aplf_media&amp;utm_content=fa27_banner\" target=\"_blank\" rel=\" noopener\"><img decoding=\"async\" width=\"300\" height=\"300\" data-id=\"21349\" src=\"https:\/\/comunidadtextil.com\/wpnews\/wp-content\/uploads\/2026\/09\/fa2027_300x300px.png\" alt=\"\" class=\"wp-image-21349\" srcset=\"https:\/\/comunidadtextil.com\/wpnews\/wp-content\/uploads\/2026\/09\/fa2027_300x300px.png 300w, https:\/\/comunidadtextil.com\/wpnews\/wp-content\/uploads\/2026\/09\/fa2027_300x300px-150x150.png 150w\" sizes=\"(max-width: 300px) 100vw, 300px\" \/><\/a><\/figure>\n\n\n\n<figure class=\"wp-block-image aligncenter size-large\"><a href=\"http:\/\/www.tikvatex.com.ar\" target=\"_blank\" rel=\" noopener\"><img decoding=\"async\" width=\"300\" height=\"190\" data-id=\"21352\" src=\"https:\/\/comunidadtextil.com\/wpnews\/wp-content\/uploads\/2026\/09\/tikvatex062020.png\" alt=\"\" class=\"wp-image-21352\"\/><\/a><\/figure>\n<\/figure>\n","protected":false},"excerpt":{"rendered":"<p>La reciente decisi\u00f3n de la Uni\u00f3n Europea de prohibir la destrucci\u00f3n de productos textiles, prendas de vestir, calzado y art\u00edculos de moda no vendidos representa una se\u00f1al positiva en favor de la sostenibilidad. Pero el tema es mucho m\u00e1s amplio En la situaci\u00f3n actual, resulta dif\u00edcil justificar que productos completamente nuevos terminen incinerados o enviados [&hellip;]<\/p>\n","protected":false},"author":1924,"featured_media":21328,"comment_status":"closed","ping_status":"","sticky":false,"template":"","format":"standard","meta":{"footnotes":""},"categories":[56,62],"tags":[],"class_list":["post-21379","post","type-post","status-publish","format-standard","has-post-thumbnail","hentry","category-medio-ambiente","category-noticias-de-europa"],"_links":{"self":[{"href":"https:\/\/comunidadtextil.com\/wpnews\/wp-json\/wp\/v2\/posts\/21379","targetHints":{"allow":["GET"]}}],"collection":[{"href":"https:\/\/comunidadtextil.com\/wpnews\/wp-json\/wp\/v2\/posts"}],"about":[{"href":"https:\/\/comunidadtextil.com\/wpnews\/wp-json\/wp\/v2\/types\/post"}],"author":[{"embeddable":true,"href":"https:\/\/comunidadtextil.com\/wpnews\/wp-json\/wp\/v2\/users\/1924"}],"replies":[{"embeddable":true,"href":"https:\/\/comunidadtextil.com\/wpnews\/wp-json\/wp\/v2\/comments?post=21379"}],"version-history":[{"count":5,"href":"https:\/\/comunidadtextil.com\/wpnews\/wp-json\/wp\/v2\/posts\/21379\/revisions"}],"predecessor-version":[{"id":21490,"href":"https:\/\/comunidadtextil.com\/wpnews\/wp-json\/wp\/v2\/posts\/21379\/revisions\/21490"}],"wp:featuredmedia":[{"embeddable":true,"href":"https:\/\/comunidadtextil.com\/wpnews\/wp-json\/wp\/v2\/media\/21328"}],"wp:attachment":[{"href":"https:\/\/comunidadtextil.com\/wpnews\/wp-json\/wp\/v2\/media?parent=21379"}],"wp:term":[{"taxonomy":"category","embeddable":true,"href":"https:\/\/comunidadtextil.com\/wpnews\/wp-json\/wp\/v2\/categories?post=21379"},{"taxonomy":"post_tag","embeddable":true,"href":"https:\/\/comunidadtextil.com\/wpnews\/wp-json\/wp\/v2\/tags?post=21379"}],"curies":[{"name":"wp","href":"https:\/\/api.w.org\/{rel}","templated":true}]}}