{"id":21343,"date":"2026-09-02T11:24:33","date_gmt":"2026-09-02T14:24:33","guid":{"rendered":"https:\/\/comunidadtextil.com\/wpnews\/?p=21343"},"modified":"2026-09-02T11:24:33","modified_gmt":"2026-09-02T14:24:33","slug":"la-sostenibilidad-no-pasa-solo-por-la-tecnologia-el-desafio-es-tambien-la-capacitacion","status":"publish","type":"post","link":"https:\/\/comunidadtextil.com\/wpnews\/2026\/09\/la-sostenibilidad-no-pasa-solo-por-la-tecnologia-el-desafio-es-tambien-la-capacitacion\/","title":{"rendered":"La sostenibilidad no pasa s\u00f3lo por la tecnolog\u00eda, el desaf\u00edo es tambi\u00e9n la capacitaci\u00f3n"},"content":{"rendered":"\n<figure class=\"wp-block-image size-full\"><a href=\"https:\/\/comunidadtextil.com\/wpnews\/wp-content\/uploads\/2026\/09\/Seminarios-_2-.jpg\"><img fetchpriority=\"high\" decoding=\"async\" width=\"934\" height=\"550\" src=\"https:\/\/comunidadtextil.com\/wpnews\/wp-content\/uploads\/2026\/09\/Seminarios-_2-.jpg\" alt=\"\" class=\"wp-image-21325\" srcset=\"https:\/\/comunidadtextil.com\/wpnews\/wp-content\/uploads\/2026\/09\/Seminarios-_2-.jpg 934w, https:\/\/comunidadtextil.com\/wpnews\/wp-content\/uploads\/2026\/09\/Seminarios-_2--300x177.jpg 300w, https:\/\/comunidadtextil.com\/wpnews\/wp-content\/uploads\/2026\/09\/Seminarios-_2--768x452.jpg 768w\" sizes=\"(max-width: 934px) 100vw, 934px\" \/><\/a><\/figure>\n\n\n\n<p class=\"wp-block-paragraph\">Un estudio europeo se\u00f1ala que el principal desaf\u00edo de la industria textil europea ya no pasa por la incorporaci\u00f3n de nuevas tecnolog\u00edas, sino por la formaci\u00f3n de las personas.<\/p>\n\n\n\n<p class=\"wp-block-paragraph\">Esa es una de las principales conclusiones del proyecto europeo Erasmus+ kills4Circularity, una iniciativa que re\u00fane a 21 organizaciones de doce pa\u00edses de Europa para identificar las competencias que necesitar\u00e1n las empresas frente a los grandes cambios que atraviesa el sector. El reciclado, la trazabilidad, el ecodise\u00f1o, la digitalizaci\u00f3n y la producci\u00f3n sostenible aparecen como los ejes centrales de la transformaci\u00f3n hacia una econom\u00eda circular.<\/p>\n\n\n\n<p class=\"wp-block-paragraph\">El estudio se apoya en una amplia investigaci\u00f3n que incluy\u00f3 una encuesta a 183 empresas de doce pa\u00edses europeos, 22 entrevistas con especialistas y un an\u00e1lisis mediante inteligencia artificial de 313 ofertas de empleo publicadas en once pa\u00edses.<\/p>\n\n\n\n<p class=\"wp-block-paragraph\">Los resultados muestran que la mayor brecha no est\u00e1 en la disponibilidad de tecnolog\u00eda, sino en la falta de conocimientos y habilidades para aplicarla de manera efectiva. Entre las competencias m\u00e1s demandadas figuran el conocimiento de la normativa ambiental, la econom\u00eda circular, las evaluaciones del ciclo de vida de los productos (ACV), la gesti\u00f3n de datos, la integraci\u00f3n de procesos y la trazabilidad de los materiales. Tambi\u00e9n cobran creciente importancia la clasificaci\u00f3n de fibras y los sistemas de producci\u00f3n sostenibles.<\/p>\n\n\n\n<p class=\"wp-block-paragraph\">El informe advierte que, aunque la sostenibilidad y la innovaci\u00f3n tecnol\u00f3gica ya forman parte de la estrategia de empresas de todos los tama\u00f1os, su implementaci\u00f3n sigue siendo parcial y aislada, en lugar de responder a una transformaci\u00f3n integral de los modelos productivos.<\/p>\n\n\n\n<p class=\"wp-block-paragraph\">Las diferencias tambi\u00e9n var\u00edan seg\u00fan el tama\u00f1o de las empresas. Las grandes compa\u00f1\u00edas cuentan con mayores recursos tecnol\u00f3gicos, pero enfrentan una creciente presi\u00f3n regulatoria. Las medianas impulsan el desarrollo de textiles funcionales y sostenibles, aunque condicionadas por los costos y las exigencias de sus clientes. En tanto, las peque\u00f1as y microempresas se destacan por su flexibilidad e innovaci\u00f3n, aunque su capacidad tecnol\u00f3gica suele depender de alianzas y de un entorno de mercado estable.<\/p>\n\n\n\n<p class=\"wp-block-paragraph\">Entre las principales barreras detectadas figuran la escasez de personal calificado, la falta de integraci\u00f3n de los procesos a lo largo del ciclo de vida del producto, la ausencia de est\u00e1ndares comunes para el intercambio de datos y la escasa coordinaci\u00f3n entre los distintos eslabones de la cadena de valor.<\/p>\n\n\n\n<p class=\"wp-block-paragraph\">Frente a este escenario, el proyecto Skills4Circularity, que se desarrolla entre 2025 y 2029, elaborar\u00e1 programas de capacitaci\u00f3n en tecnolog\u00edas de reciclaje, ecodise\u00f1o y producci\u00f3n sostenible, adem\u00e1s de crear cursos abiertos en l\u00ednea, clases magistrales y un Observatorio Europeo de Competencias Textiles para acompa\u00f1ar la transici\u00f3n hacia una industria m\u00e1s circular y competitiva. Otras regiones, como los pa\u00edses de Am\u00e9rica Latina ya deber\u00edan tomar cartas en este asunto.<\/p>\n\n\n\n<p class=\"wp-block-paragraph\"><p>Skills4Circularity \/ Comunidad Textil<br>&#8212;&#8212;&#8212;&#8212;&#8212;&#8212;&#8212;&#8212;&#8212;&#8212;&#8212;&#8212;&#8212;-<\/p><p dir=\"ltr\">Para comunicarse con ComunidadTextil: <span style=\"color: #3366ff;\"><a style=\"color: #3366ff;\" href=\"mailto:contacto@comunidadtextil.com\">contacto@comunidadtextil.com<\/a><\/span><\/p><\/p>\n\n\n\n<figure class=\"wp-block-gallery has-nested-images columns-default wp-block-gallery-1 is-layout-flex wp-block-gallery-is-layout-flex\">\n<figure class=\"wp-block-image aligncenter size-large\"><a href=\"https:\/\/www.actibiz.com.ar\" target=\"_blank\" rel=\" noopener\"><img decoding=\"async\" width=\"300\" height=\"200\" data-id=\"21358\" src=\"https:\/\/comunidadtextil.com\/wpnews\/wp-content\/uploads\/2026\/09\/actibiz2026.gif\" alt=\"\" class=\"wp-image-21358\"\/><\/a><\/figure>\n\n\n\n<figure class=\"wp-block-image aligncenter size-large\"><a href=\"https:\/\/algoselanflandria.com.ar\/\" target=\"_blank\" rel=\" noopener\"><img decoding=\"async\" width=\"300\" height=\"200\" data-id=\"21361\" src=\"https:\/\/comunidadtextil.com\/wpnews\/wp-content\/uploads\/2026\/09\/af-2020-300x200px.gif\" alt=\"\" class=\"wp-image-21361\"\/><\/a><\/figure>\n<\/figure>\n\n\n\n<p class=\"wp-block-paragraph\"><\/p>\n","protected":false},"excerpt":{"rendered":"<p>Un estudio europeo se\u00f1ala que el principal desaf\u00edo de la industria textil europea ya no pasa por la incorporaci\u00f3n de nuevas tecnolog\u00edas, sino por la formaci\u00f3n de las personas. Esa es una de las principales conclusiones del proyecto europeo Erasmus+ kills4Circularity, una iniciativa que re\u00fane a 21 organizaciones de doce pa\u00edses de Europa para identificar [&hellip;]<\/p>\n","protected":false},"author":1924,"featured_media":21325,"comment_status":"closed","ping_status":"","sticky":false,"template":"","format":"standard","meta":{"footnotes":""},"categories":[56],"tags":[],"class_list":["post-21343","post","type-post","status-publish","format-standard","has-post-thumbnail","hentry","category-medio-ambiente"],"_links":{"self":[{"href":"https:\/\/comunidadtextil.com\/wpnews\/wp-json\/wp\/v2\/posts\/21343","targetHints":{"allow":["GET"]}}],"collection":[{"href":"https:\/\/comunidadtextil.com\/wpnews\/wp-json\/wp\/v2\/posts"}],"about":[{"href":"https:\/\/comunidadtextil.com\/wpnews\/wp-json\/wp\/v2\/types\/post"}],"author":[{"embeddable":true,"href":"https:\/\/comunidadtextil.com\/wpnews\/wp-json\/wp\/v2\/users\/1924"}],"replies":[{"embeddable":true,"href":"https:\/\/comunidadtextil.com\/wpnews\/wp-json\/wp\/v2\/comments?post=21343"}],"version-history":[{"count":3,"href":"https:\/\/comunidadtextil.com\/wpnews\/wp-json\/wp\/v2\/posts\/21343\/revisions"}],"predecessor-version":[{"id":21397,"href":"https:\/\/comunidadtextil.com\/wpnews\/wp-json\/wp\/v2\/posts\/21343\/revisions\/21397"}],"wp:featuredmedia":[{"embeddable":true,"href":"https:\/\/comunidadtextil.com\/wpnews\/wp-json\/wp\/v2\/media\/21325"}],"wp:attachment":[{"href":"https:\/\/comunidadtextil.com\/wpnews\/wp-json\/wp\/v2\/media?parent=21343"}],"wp:term":[{"taxonomy":"category","embeddable":true,"href":"https:\/\/comunidadtextil.com\/wpnews\/wp-json\/wp\/v2\/categories?post=21343"},{"taxonomy":"post_tag","embeddable":true,"href":"https:\/\/comunidadtextil.com\/wpnews\/wp-json\/wp\/v2\/tags?post=21343"}],"curies":[{"name":"wp","href":"https:\/\/api.w.org\/{rel}","templated":true}]}}