{"id":20333,"date":"2026-04-30T11:17:30","date_gmt":"2026-04-30T14:17:30","guid":{"rendered":"https:\/\/comunidadtextil.com\/wpnews\/?p=20333"},"modified":"2026-04-30T11:17:30","modified_gmt":"2026-04-30T14:17:30","slug":"la-fundacion-protejer-emitio-su-boletin-economico-de-abril-con-datos-sobre-la-industria-que-exigen-cambios-urgentes","status":"publish","type":"post","link":"https:\/\/comunidadtextil.com\/wpnews\/2026\/04\/la-fundacion-protejer-emitio-su-boletin-economico-de-abril-con-datos-sobre-la-industria-que-exigen-cambios-urgentes\/","title":{"rendered":"La Fundaci\u00f3n ProTejer emiti\u00f3 su Bolet\u00edn Econ\u00f3mico de abril con datos sobre la industria que exigen cambios urgentes"},"content":{"rendered":"<p><a href=\"https:\/\/comunidadtextil.com\/wpnews\/wp-content\/uploads\/2026\/04\/25-08-S.Fe-2600-_2-.jpg\"><img loading=\"lazy\" decoding=\"async\" class=\" wp-image-20334 alignright\" src=\"https:\/\/comunidadtextil.com\/wpnews\/wp-content\/uploads\/2026\/04\/25-08-S.Fe-2600-_2--300x267.jpg\" alt=\"\" width=\"246\" height=\"219\" srcset=\"https:\/\/comunidadtextil.com\/wpnews\/wp-content\/uploads\/2026\/04\/25-08-S.Fe-2600-_2--300x267.jpg 300w, https:\/\/comunidadtextil.com\/wpnews\/wp-content\/uploads\/2026\/04\/25-08-S.Fe-2600-_2--768x683.jpg 768w, https:\/\/comunidadtextil.com\/wpnews\/wp-content\/uploads\/2026\/04\/25-08-S.Fe-2600-_2-.jpg 900w\" sizes=\"auto, (max-width: 246px) 100vw, 246px\" \/><\/a>La Fundaci\u00f3n ProTejer, que representa a toda la cadena empresarial del sector textil y confeccionista de Argentina, dio a conocer su \u2018Bolet\u00edn Econ\u00f3mico Abril 2026\u2019. En el informa que un \u201cc\u00f3ctel explosivo golpea a la Industria textil y de indumentaria local, al estar sometida a costos altos, ventas bajas, alta capacidad ociosa y gran cantidad de importaciones\u201d. Por esto la entidad asegura que la cadena de valor textil e indumentaria local atraviesa una de las peores crisis de su historia reciente.<\/p>\n<p>El sector textil asegura que la combinaci\u00f3n de fuerte ca\u00edda del consumo interno, deterioro del poder adquisitivo y p\u00e9rdida de empleo, apreciaci\u00f3n cambiaria, apertura importadora acelerada y elevados costos sist\u00e9micos est\u00e1 generando un escenario cr\u00edtico para la producci\u00f3n nacional.<\/p>\n<div id=\"attachment_20335\" style=\"width: 256px\" class=\"wp-caption alignleft\"><a href=\"https:\/\/comunidadtextil.com\/wpnews\/wp-content\/uploads\/2026\/04\/La-industria-confeccionista-es-una-de-las-mas-afectadas-por-la-caida-del-consumo-y-la-competencia-de-importados.-.jpg\"><img loading=\"lazy\" decoding=\"async\" aria-describedby=\"caption-attachment-20335\" class=\" wp-image-20335\" src=\"https:\/\/comunidadtextil.com\/wpnews\/wp-content\/uploads\/2026\/04\/La-industria-confeccionista-es-una-de-las-mas-afectadas-por-la-caida-del-consumo-y-la-competencia-de-importados.--300x200.jpg\" alt=\"\" width=\"246\" height=\"164\" srcset=\"https:\/\/comunidadtextil.com\/wpnews\/wp-content\/uploads\/2026\/04\/La-industria-confeccionista-es-una-de-las-mas-afectadas-por-la-caida-del-consumo-y-la-competencia-de-importados.--300x200.jpg 300w, https:\/\/comunidadtextil.com\/wpnews\/wp-content\/uploads\/2026\/04\/La-industria-confeccionista-es-una-de-las-mas-afectadas-por-la-caida-del-consumo-y-la-competencia-de-importados.-.jpg 700w\" sizes=\"auto, (max-width: 246px) 100vw, 246px\" \/><\/a><p id=\"caption-attachment-20335\" class=\"wp-caption-text\">La industria confeccionista es una de las m\u00e1s afectadas por la ca\u00edda del consumo y la competencia de importados.<\/p><\/div>\n<p>En materia productiva, los \u00faltimos datos oficiales reflejan la magnitud del deterioro. En el primer bimestre de 2026, la producci\u00f3n textil cay\u00f3 -29,4% interanual y se ubic\u00f3 -35,3% por debajo de 2023. Por su parte, la fabricaci\u00f3n de prendas de vestir, cuero y calzado retrocedi\u00f3 -19,3% respecto de 2025 y -16,6% frente a 2023. Se trata de ca\u00eddas sostenidas durante m\u00e1s de dos a\u00f1os, muy profundas, en sectores intensivos en empleo y con fuerte presencia pyme y federal en todo el pa\u00eds.<\/p>\n<p>Como correlato, la capacidad ociosa en las f\u00e1bricas se encuentra en niveles alarmantes. En el primer bimestre de 2026, 7 de cada 10 m\u00e1quinas estuvieron paradas en las f\u00e1bricas textiles.<\/p>\n<div id=\"attachment_20337\" style=\"width: 256px\" class=\"wp-caption alignright\"><a href=\"https:\/\/comunidadtextil.com\/wpnews\/wp-content\/uploads\/2026\/04\/Una-empresa-textil-con-las-mayor-parte-de-sus-maquinas-paradas.-.jpg\"><img loading=\"lazy\" decoding=\"async\" aria-describedby=\"caption-attachment-20337\" class=\" wp-image-20337\" src=\"https:\/\/comunidadtextil.com\/wpnews\/wp-content\/uploads\/2026\/04\/Una-empresa-textil-con-las-mayor-parte-de-sus-maquinas-paradas.--300x200.jpg\" alt=\"\" width=\"246\" height=\"164\" srcset=\"https:\/\/comunidadtextil.com\/wpnews\/wp-content\/uploads\/2026\/04\/Una-empresa-textil-con-las-mayor-parte-de-sus-maquinas-paradas.--300x200.jpg 300w, https:\/\/comunidadtextil.com\/wpnews\/wp-content\/uploads\/2026\/04\/Una-empresa-textil-con-las-mayor-parte-de-sus-maquinas-paradas.-.jpg 700w\" sizes=\"auto, (max-width: 246px) 100vw, 246px\" \/><\/a><p id=\"caption-attachment-20337\" class=\"wp-caption-text\">Una empresa textil con las mayor parte de sus m\u00e1quinas paradas.<\/p><\/div>\n<p>Las ventas contin\u00faan deprimidas y no logran recomponer el nivel de actividad. La debilidad del mercado interno -marcada por bajos ingresos y p\u00e9rdida de empleo de calidad- se combina con una sobreoferta de productos en distintos canales comerciales, producto del masivo ingreso de mercader\u00eda importada y de una demanda insuficiente para absorber la oferta existente.<\/p>\n<p>En este contexto de bajas ventas, los precios del sector crecieron muy por debajo del promedio general. En marzo de 2026, los precios al consumidor de prendas de vestir y calzado aumentaron solo 13,4% interanual, posicion\u00e1ndose como la categor\u00eda de menor suba anual, frente a una inflaci\u00f3n promedio de 32,6% interanual.<\/p>\n<p>Desde diciembre de 2023, los precios al consumidor del sector acumulan un aumento de casi la mitad de lo que avanz\u00f3 la inflaci\u00f3n general (118% prendas y calzado frente a 213% del nivel general).<\/p>\n<p><a href=\"https:\/\/comunidadtextil.com\/wpnews\/wp-content\/uploads\/2026\/04\/La-industria-confeccionista-es-una-de-las-mas-afectadas-por-la-caida-del-consumo-y-la-competencia-de-importados.-_4-.jpg\"><img loading=\"lazy\" decoding=\"async\" class=\"alignleft wp-image-20336\" src=\"https:\/\/comunidadtextil.com\/wpnews\/wp-content\/uploads\/2026\/04\/La-industria-confeccionista-es-una-de-las-mas-afectadas-por-la-caida-del-consumo-y-la-competencia-de-importados.-_4--300x200.jpg\" alt=\"\" width=\"246\" height=\"164\" srcset=\"https:\/\/comunidadtextil.com\/wpnews\/wp-content\/uploads\/2026\/04\/La-industria-confeccionista-es-una-de-las-mas-afectadas-por-la-caida-del-consumo-y-la-competencia-de-importados.-_4--300x200.jpg 300w, https:\/\/comunidadtextil.com\/wpnews\/wp-content\/uploads\/2026\/04\/La-industria-confeccionista-es-una-de-las-mas-afectadas-por-la-caida-del-consumo-y-la-competencia-de-importados.-_4--768x512.jpg 768w, https:\/\/comunidadtextil.com\/wpnews\/wp-content\/uploads\/2026\/04\/La-industria-confeccionista-es-una-de-las-mas-afectadas-por-la-caida-del-consumo-y-la-competencia-de-importados.-_4-.jpg 900w\" sizes=\"auto, (max-width: 246px) 100vw, 246px\" \/><\/a>Sin embargo, esta moderaci\u00f3n de precios no responde a una mejora estructural, sino a un mercado recesivo, con baja demanda, exceso de stock y empresas operando con rentabilidad negativa. En numerosos casos tanto la industria como el comercio minorista vende por debajo de los costos para sostener liquidez y liberar mercader\u00eda.<\/p>\n<p>A esto se suma el ingreso masivo de productos importados, favorecido por la desregulaci\u00f3n comercial y el cambio en los incentivos macroecon\u00f3micos, especialmente la apreciaci\u00f3n cambiaria. En un contexto global de sobreoferta de textiles e indumentaria, Argentina se<br \/>\ntransform\u00f3 en un mercado de destino para excedentes externos, desplazando producci\u00f3n local y profundizando la crisis sectorial.<\/p>\n<p>Entre enero y marzo de 2026, las importaciones de productos textiles e indumentaria alcanzaron 79 mil toneladas y US$ 421 millones. Mientras las cantidades importadas cayeron 17%, los valores crecieron 5%, reflejando un cambio en la composici\u00f3n de las compras externas: aumentan los bienes finales importados y caen los insumos para producir localmente. Es decir, se importa cada vez m\u00e1s producto terminado y menos bienes para abastecer la industria nacional.<\/p>\n<p><a href=\"https:\/\/comunidadtextil.com\/wpnews\/wp-content\/uploads\/2026\/04\/La-industria-confeccionista-es-una-de-las-mas-afectadas-por-la-caida-del-consumo-y-la-competencia-de-importados1.jpg\"><img loading=\"lazy\" decoding=\"async\" class=\" wp-image-20338 alignright\" src=\"https:\/\/comunidadtextil.com\/wpnews\/wp-content\/uploads\/2026\/04\/La-industria-confeccionista-es-una-de-las-mas-afectadas-por-la-caida-del-consumo-y-la-competencia-de-importados1-300x136.jpg\" alt=\"\" width=\"245\" height=\"111\" srcset=\"https:\/\/comunidadtextil.com\/wpnews\/wp-content\/uploads\/2026\/04\/La-industria-confeccionista-es-una-de-las-mas-afectadas-por-la-caida-del-consumo-y-la-competencia-de-importados1-300x136.jpg 300w, https:\/\/comunidadtextil.com\/wpnews\/wp-content\/uploads\/2026\/04\/La-industria-confeccionista-es-una-de-las-mas-afectadas-por-la-caida-del-consumo-y-la-competencia-de-importados1.jpg 758w\" sizes=\"auto, (max-width: 245px) 100vw, 245px\" \/><\/a>As\u00ed, las importaciones de ropa y confecciones se ubican en sus m\u00e1ximos niveles hist\u00f3ricos y aumentaron en promedio 85% respecto del r\u00e9cord alcanzado el a\u00f1o anterior, que hab\u00eda cerrado con un incremento de 185% interanual.<\/p>\n<p>A su vez, dada la flexibilizaci\u00f3n del sistema puerta a puerta para env\u00edos postales, los ingresos v\u00eda courier se incrementaron 118% en los primeros tres meses del a\u00f1o respecto del a\u00f1o anterior y 550% si se comparan con los niveles de 2024.<\/p>\n<p>Las consecuencias sobre el empleo ya son contundentes. En enero de 2026, el sector textil, confecciones, cuero y calzado registr\u00f3 la mayor ca\u00edda porcentual del empleo privado registrado de toda la econom\u00eda, con una baja del 18% respecto de diciembre de 2023. Esto equivale a 21.339 puestos de trabajo registrados perdidos.<\/p>\n<p>Tambi\u00e9n la estructura empresaria muestra un deterioro acelerado. Desde fines de 2023 cerraron cientos de empresas a lo largo de la cadena de valor. En el segmento industrial textil, indumentaria y calzado est\u00e1n cerrando 3 plantas de producci\u00f3n por d\u00eda, y ya se acumulan 749 establecimientos registrados perdidos, una se\u00f1al clara de la profundidad de la crisis actual.<\/p>\n<p>La continuidad de esta din\u00e1mica no solo compromete la coyuntura. Cuando las m\u00e1quinas permanecen apagadas durante demasiado tiempo, se destruyen capacidades productivas, empleo calificado, inversi\u00f3n acumulada y entramados empresariales que luego demandan a\u00f1os para reconstruirse.<\/p>\n<p>Frente a este escenario, la Fundaci\u00f3n ProTejer sostiene que resulta urgente avanzar con medidas de contenci\u00f3n para sostener el empleo y las empresas, al mismo tiempo que se impulsen las reformas estructurales de competitividad, alivio fiscal, financiamiento e infraestructura que Argentina ha postergado durante demasiado tiempo.<br \/>\n&#8212;&#8212;&#8212;&#8212;&#8212;&#8212;&#8212;&#8212;&#8212;&#8212;&#8212;&#8212;&#8212;&#8212;&#8212;&#8212;&#8212;&#8212;&#8211;<br \/>\nFundaci\u00f3n ProTejer \/ Comunidad Textil<br \/>\n\u2014\u2014\u2014\u2014\u2014\u2014\u2014\u2014\u2014\u2014\u2014\u2014\u2014\u2014\u2014\u2014\u2014\u2014\u2014\u2014\u2014\u2014\u2014\u2014\u2014\u2014\u2014\u2014\u2014\u2014\u2014\u2014\u2014\u2014\u2014\u2014\u2014\u2014\u2014<\/p>\n<p dir=\"ltr\">Para comunicarse con ComunidadTextil: <span style=\"color: #3366ff;\"><a style=\"color: #3366ff;\" href=\"mailto:contacto@comunidadtextil.com\">contacto@comunidadtextil.com<\/a><\/span><\/p>\n<table border=\"0\" width=\"460\">\n<tbody>\n<tr>\n<td width=\"auto\"><a href=\"https:\/\/industriatextilexpo.ar.messefrankfurt.com\/buenosaires\/es.html\" target=\"_blank\" rel=\"noopener\"><img loading=\"lazy\" decoding=\"async\" class=\"aligncenter\" src=\"https:\/\/www.comunidadtextil.com\/publicidad\/2026\/emitex_junio.jpg\" alt=\"\" width=\"300\" height=\"300\" \/><\/a><\/td>\n<td width=\"auto\"><a href=\"https:\/\/www.tintoreanatur.com.ar\" target=\"_blank\" rel=\"noopener\"><img loading=\"lazy\" decoding=\"async\" class=\"aligncenter\" src=\"https:\/\/www.comunidadtextil.com\/publicidad\/tintoreanatur-banner-300x200_2021.jpg\" alt=\"\" width=\"301\" height=\"201\" \/><\/a><\/td>\n<\/tr>\n<\/tbody>\n<\/table>\n","protected":false},"excerpt":{"rendered":"<p>La Fundaci\u00f3n ProTejer, que representa a toda la cadena empresarial del sector textil y confeccionista de Argentina, dio a conocer su \u2018Bolet\u00edn Econ\u00f3mico Abril 2026\u2019. En el informa que un \u201cc\u00f3ctel explosivo golpea a la Industria textil y de indumentaria local, al estar sometida a costos altos, ventas bajas, alta capacidad ociosa y gran cantidad [&hellip;]<\/p>\n","protected":false},"author":1924,"featured_media":0,"comment_status":"closed","ping_status":"closed","sticky":false,"template":"","format":"standard","meta":{"footnotes":""},"categories":[8,43,58],"tags":[],"class_list":["post-20333","post","type-post","status-publish","format-standard","hentry","category-argentina","category-industria","category-noticias-de-america-latina","count-0","even alt","author-adminct","last"],"_links":{"self":[{"href":"https:\/\/comunidadtextil.com\/wpnews\/wp-json\/wp\/v2\/posts\/20333","targetHints":{"allow":["GET"]}}],"collection":[{"href":"https:\/\/comunidadtextil.com\/wpnews\/wp-json\/wp\/v2\/posts"}],"about":[{"href":"https:\/\/comunidadtextil.com\/wpnews\/wp-json\/wp\/v2\/types\/post"}],"author":[{"embeddable":true,"href":"https:\/\/comunidadtextil.com\/wpnews\/wp-json\/wp\/v2\/users\/1924"}],"replies":[{"embeddable":true,"href":"https:\/\/comunidadtextil.com\/wpnews\/wp-json\/wp\/v2\/comments?post=20333"}],"version-history":[{"count":5,"href":"https:\/\/comunidadtextil.com\/wpnews\/wp-json\/wp\/v2\/posts\/20333\/revisions"}],"predecessor-version":[{"id":20343,"href":"https:\/\/comunidadtextil.com\/wpnews\/wp-json\/wp\/v2\/posts\/20333\/revisions\/20343"}],"wp:attachment":[{"href":"https:\/\/comunidadtextil.com\/wpnews\/wp-json\/wp\/v2\/media?parent=20333"}],"wp:term":[{"taxonomy":"category","embeddable":true,"href":"https:\/\/comunidadtextil.com\/wpnews\/wp-json\/wp\/v2\/categories?post=20333"},{"taxonomy":"post_tag","embeddable":true,"href":"https:\/\/comunidadtextil.com\/wpnews\/wp-json\/wp\/v2\/tags?post=20333"}],"curies":[{"name":"wp","href":"https:\/\/api.w.org\/{rel}","templated":true}]}}