{"id":20330,"date":"2026-04-30T11:07:05","date_gmt":"2026-04-30T14:07:05","guid":{"rendered":"https:\/\/comunidadtextil.com\/wpnews\/?p=20330"},"modified":"2026-04-30T11:07:05","modified_gmt":"2026-04-30T14:07:05","slug":"futurus-brinda-el-seminario-winter-27-y-hablar-del-color-como-herramienta-estrategica","status":"publish","type":"post","link":"https:\/\/comunidadtextil.com\/wpnews\/2026\/04\/futurus-brinda-el-seminario-winter-27-y-hablar-del-color-como-herramienta-estrategica\/","title":{"rendered":"Futurus brinda el seminario Winter &#8217;27 y hablar del color como herramienta estrat\u00e9gica"},"content":{"rendered":"<div id=\"attachment_20310\" style=\"width: 157px\" class=\"wp-caption alignleft\"><a href=\"https:\/\/comunidadtextil.com\/wpnews\/wp-content\/uploads\/2026\/04\/Soledad-Offenhenden-directora-de-la-consultora-Futurus.-.jpg\"><img loading=\"lazy\" decoding=\"async\" aria-describedby=\"caption-attachment-20310\" class=\" wp-image-20310\" src=\"https:\/\/comunidadtextil.com\/wpnews\/wp-content\/uploads\/2026\/04\/Soledad-Offenhenden-directora-de-la-consultora-Futurus.--202x300.jpg\" alt=\"\" width=\"147\" height=\"218\" srcset=\"https:\/\/comunidadtextil.com\/wpnews\/wp-content\/uploads\/2026\/04\/Soledad-Offenhenden-directora-de-la-consultora-Futurus.--202x300.jpg 202w, https:\/\/comunidadtextil.com\/wpnews\/wp-content\/uploads\/2026\/04\/Soledad-Offenhenden-directora-de-la-consultora-Futurus.-.jpg 316w\" sizes=\"auto, (max-width: 147px) 100vw, 147px\" \/><\/a><p id=\"caption-attachment-20310\" class=\"wp-caption-text\">Soledad Offenhenden, directora de la consultora Futurus.<\/p><\/div>\n<p>La consultora argentina Futurus realizar\u00e1 una actividad de formaci\u00f3n profesional con el seminario presencial \u201cPreview tendencias en color Winter \u201927\u201d, que se realizar\u00e1 el 14 de mayo en la ciudad de Buenos Aires. Es una propuesta que busca posicionar al color como una herramienta estrat\u00e9gica dentro del negocio de la moda y el dise\u00f1o, orientando la anticipaci\u00f3n, planificaci\u00f3n y uso de color para fortalecimiento del negocio de las marcas o empresas. La actividad estar\u00e1 a cargo de Soledad Offenhenden, su directora.<\/p>\n<p>Bajo el concepto de \u201cuna mirada estrat\u00e9gica del color\u201d, el seminario propone ir m\u00e1s all\u00e1 de lo est\u00e9tico para abordar el color como un factor clave en la toma de decisiones empresariales. En este sentido, se brindar\u00e1n herramientas orientadas a mejorar la planificaci\u00f3n de producto, optimizar el mix de colecciones y reducir riesgos asociados al stock, un punto cr\u00edtico para las empresas del sector.<\/p>\n<p>Uno de los ejes centrales ser\u00e1 el an\u00e1lisis de los 36 colores definidos para la temporada Winter \u201927, que funcionar\u00e1n como base para que los participantes desarrollen sus propias cartas crom\u00e1ticas. Este ejercicio pr\u00e1ctico apunta a integrar la novedad de manera planificada, alineando tendencias con identidad de marca y objetivos comerciales.<\/p>\n<p><a href=\"https:\/\/comunidadtextil.com\/wpnews\/wp-content\/uploads\/2026\/04\/Curso-.jpg\"><img loading=\"lazy\" decoding=\"async\" class=\"size-medium wp-image-20303 alignright\" src=\"https:\/\/comunidadtextil.com\/wpnews\/wp-content\/uploads\/2026\/04\/Curso--240x300.jpg\" alt=\"\" width=\"240\" height=\"300\" srcset=\"https:\/\/comunidadtextil.com\/wpnews\/wp-content\/uploads\/2026\/04\/Curso--240x300.jpg 240w, https:\/\/comunidadtextil.com\/wpnews\/wp-content\/uploads\/2026\/04\/Curso--768x960.jpg 768w, https:\/\/comunidadtextil.com\/wpnews\/wp-content\/uploads\/2026\/04\/Curso-.jpg 800w\" sizes=\"auto, (max-width: 240px) 100vw, 240px\" \/><\/a>Tambi\u00e9n incluir\u00e1 el estudio del SKU (Stock Keeping Unit) aplicado al color, contemplando variables como talle, modelo y comportamiento de ventas, y el an\u00e1lisis estad\u00edstico para una gesti\u00f3n m\u00e1s eficiente del inventario. A su vez, se abordar\u00e1 el v\u00ednculo entre el color y los llamados \u201ckey items\u201d, as\u00ed como su impacto en accesorios, espacios de retail, visual merchandising, e-commerce y comunicaci\u00f3n digital.<\/p>\n<p>Dirigido a equipos de producto, marketing, dise\u00f1o y \u00e1reas comerciales de empresas textiles, marcas de indumentaria y accesorios, el seminario apunta a profesionalizar un aspecto muchas veces subestimado, pero decisivo en la performance de las colecciones.<\/p>\n<p>La actividad es arancelada y se realizar\u00e1 en Area 3, El Salvador 5218, en la Ciudad de Buenos Aires y se puede recaban m\u00e1s informaci\u00f3n en: @futurus.ftrs<br \/>\n&#8212;&#8212;&#8212;&#8212;&#8212;&#8212;&#8212;&#8212;&#8212;&#8212;&#8212;&#8212;&#8212;&#8212;&#8212;-<br \/>\nFuturus Ftrs \/ Comunidad Textil<br \/>\n\u2014\u2014\u2014\u2014\u2014\u2014\u2014\u2014\u2014\u2014\u2014\u2014\u2014\u2014\u2014\u2014\u2014\u2014\u2014\u2014\u2014\u2014\u2014\u2014\u2014\u2014\u2014\u2014\u2014\u2014\u2014\u2014\u2014\u2014\u2014\u2014\u2014\u2014\u2014<\/p>\n<p dir=\"ltr\">Para comunicarse con ComunidadTextil: <span style=\"color: #3366ff;\"><a style=\"color: #3366ff;\" href=\"mailto:contacto@comunidadtextil.com\">contacto@comunidadtextil.com<\/a><\/span><\/p>\n<table border=\"0\" width=\"460\">\n<tbody>\n<tr>\n<td width=\"auto\"><a href=\"https:\/\/www.tintoreanatur.com.ar\" target=\"_blank\" rel=\"noopener\"><img loading=\"lazy\" decoding=\"async\" class=\"aligncenter\" src=\"https:\/\/www.comunidadtextil.com\/publicidad\/tintoreanatur-banner-300x200_2021.jpg\" alt=\"\" width=\"301\" height=\"201\" \/><\/a><\/td>\n<td width=\"auto\"><a href=\"https:\/\/epson.com.ar\/Para-el-trabajo\/Impresoras\/Gran-Formato\/Impresora-Epson-SureColor-F10070\/p\/C11CF84202\" target=\"_blank\" rel=\"noopener\"><img loading=\"lazy\" decoding=\"async\" class=\"aligncenter\" src=\"https:\/\/www.comunidadtextil.com\/publicidad\/2024\/2213251_ARG_VISUAL_DE_MEDIOS_DICIEMBRE_20_COMUNIDAD_TEXTIL_Banner_Gif_300x200_02.gif\" alt=\"\" width=\"300\" height=\"200\" \/><\/a><\/td>\n<\/tr>\n<\/tbody>\n<\/table>\n","protected":false},"excerpt":{"rendered":"<p>La consultora argentina Futurus realizar\u00e1 una actividad de formaci\u00f3n profesional con el seminario presencial \u201cPreview tendencias en color Winter \u201927\u201d, que se realizar\u00e1 el 14 de mayo en la ciudad de Buenos Aires. Es una propuesta que busca posicionar al color como una herramienta estrat\u00e9gica dentro del negocio de la moda y el dise\u00f1o, orientando [&hellip;]<\/p>\n","protected":false},"author":1924,"featured_media":0,"comment_status":"closed","ping_status":"closed","sticky":false,"template":"","format":"standard","meta":{"footnotes":""},"categories":[8,44],"tags":[],"class_list":["post-20330","post","type-post","status-publish","format-standard","hentry","category-argentina","category-tendencias","count-0","even alt","author-adminct","last"],"_links":{"self":[{"href":"https:\/\/comunidadtextil.com\/wpnews\/wp-json\/wp\/v2\/posts\/20330","targetHints":{"allow":["GET"]}}],"collection":[{"href":"https:\/\/comunidadtextil.com\/wpnews\/wp-json\/wp\/v2\/posts"}],"about":[{"href":"https:\/\/comunidadtextil.com\/wpnews\/wp-json\/wp\/v2\/types\/post"}],"author":[{"embeddable":true,"href":"https:\/\/comunidadtextil.com\/wpnews\/wp-json\/wp\/v2\/users\/1924"}],"replies":[{"embeddable":true,"href":"https:\/\/comunidadtextil.com\/wpnews\/wp-json\/wp\/v2\/comments?post=20330"}],"version-history":[{"count":2,"href":"https:\/\/comunidadtextil.com\/wpnews\/wp-json\/wp\/v2\/posts\/20330\/revisions"}],"predecessor-version":[{"id":20332,"href":"https:\/\/comunidadtextil.com\/wpnews\/wp-json\/wp\/v2\/posts\/20330\/revisions\/20332"}],"wp:attachment":[{"href":"https:\/\/comunidadtextil.com\/wpnews\/wp-json\/wp\/v2\/media?parent=20330"}],"wp:term":[{"taxonomy":"category","embeddable":true,"href":"https:\/\/comunidadtextil.com\/wpnews\/wp-json\/wp\/v2\/categories?post=20330"},{"taxonomy":"post_tag","embeddable":true,"href":"https:\/\/comunidadtextil.com\/wpnews\/wp-json\/wp\/v2\/tags?post=20330"}],"curies":[{"name":"wp","href":"https:\/\/api.w.org\/{rel}","templated":true}]}}