{"id":20327,"date":"2026-04-30T11:03:21","date_gmt":"2026-04-30T14:03:21","guid":{"rendered":"https:\/\/comunidadtextil.com\/wpnews\/?p=20327"},"modified":"2026-04-30T11:03:21","modified_gmt":"2026-04-30T14:03:21","slug":"maredamare-la-feria-de-moda-de-playa-regresa-a-florencia-del-18-al-20-de-julio-de-2026","status":"publish","type":"post","link":"https:\/\/comunidadtextil.com\/wpnews\/2026\/04\/maredamare-la-feria-de-moda-de-playa-regresa-a-florencia-del-18-al-20-de-julio-de-2026\/","title":{"rendered":"Maredamare, la feria de moda de playa, regresa a Florencia del 18 al 20 de julio de 2026"},"content":{"rendered":"<p><a href=\"https:\/\/comunidadtextil.com\/wpnews\/wp-content\/uploads\/2026\/04\/Mare.-Ambiente-.jpg\"><img loading=\"lazy\" decoding=\"async\" class=\"alignleft wp-image-20308\" src=\"https:\/\/comunidadtextil.com\/wpnews\/wp-content\/uploads\/2026\/04\/Mare.-Ambiente--300x200.jpg\" alt=\"\" width=\"248\" height=\"165\" srcset=\"https:\/\/comunidadtextil.com\/wpnews\/wp-content\/uploads\/2026\/04\/Mare.-Ambiente--300x200.jpg 300w, https:\/\/comunidadtextil.com\/wpnews\/wp-content\/uploads\/2026\/04\/Mare.-Ambiente--768x512.jpg 768w, https:\/\/comunidadtextil.com\/wpnews\/wp-content\/uploads\/2026\/04\/Mare.-Ambiente-.jpg 825w\" sizes=\"auto, (max-width: 248px) 100vw, 248px\" \/><\/a>La 19.\u00aa edici\u00f3n del tradicional evento tendr\u00e1 lugar en la Fortezza da Basso. Se espera la asistencia de m\u00e1s de 250 marcas de todo el mundo, adem\u00e1s de una ampliaci\u00f3n de las secciones de ropa de playa y accesorios.<\/p>\n<p>El deseo de disfrutar del mar, el sol y, sobre todo, de las nuevas colecciones de verano, impulsa el sector: a poco m\u00e1s de tres meses de su inauguraci\u00f3n, la 19.\u00aa edici\u00f3n de Maredamare, la feria internacional dedicada a la moda de playa, ropa de playa y accesorios, organizada por Underbeach, ya tiene casi todas las plazas reservadas.<\/p>\n<p>Este a\u00f1o, el evento regresa a la Fortezza da Basso de Florencia del 18 al 20 de julio, ofreciendo la visi\u00f3n m\u00e1s completa del sector. Se espera la participaci\u00f3n de m\u00e1s de 250 marcas internacionales, listas para presentar colecciones que anticipar\u00e1n los estilos, la est\u00e9tica y las tendencias de la temporada primavera\/verano 2027.<\/p>\n<p><a href=\"https:\/\/comunidadtextil.com\/wpnews\/wp-content\/uploads\/2026\/04\/3-.jpg\"><img loading=\"lazy\" decoding=\"async\" class=\" wp-image-20301 alignright\" src=\"https:\/\/comunidadtextil.com\/wpnews\/wp-content\/uploads\/2026\/04\/3--200x300.jpg\" alt=\"\" width=\"153\" height=\"230\" srcset=\"https:\/\/comunidadtextil.com\/wpnews\/wp-content\/uploads\/2026\/04\/3--200x300.jpg 200w, https:\/\/comunidadtextil.com\/wpnews\/wp-content\/uploads\/2026\/04\/3-.jpg 586w\" sizes=\"auto, (max-width: 153px) 100vw, 153px\" \/><\/a>Durante los tres d\u00edas, compradores y profesionales del sector podr\u00e1n explorar una visi\u00f3n integral de la evoluci\u00f3n del mercado. Junto a la ropa de ba\u00f1o, la presencia de ropa de playa y accesorios est\u00e1 creciendo, en una propuesta cada vez m\u00e1s centrada en el look veraniego completo y la fusi\u00f3n de diferentes estilos creativos.<\/p>\n<p>Gracias a la colaboraci\u00f3n con la agencia ICE, habr\u00e1 mayor presencia de compradores de Europa, Am\u00e9rica, Oriente Medio y \u00c1frica. Esta estrategia consolida el papel de la feria como plataforma clave para el desarrollo comercial y la internacionalizaci\u00f3n de las empresas italianas.<\/p>\n<p>\u201cMaredamare es un referente internacional en moda de playa, consolidando su estatus como evento estrat\u00e9gico para los profesionales del sector gracias a la presencia de las principales marcas de alta gama\u201d, afirm\u00f3 Alessandro Legnaioli, presidente de Underbeach.<\/p>\n<p><a href=\"https:\/\/comunidadtextil.com\/wpnews\/wp-content\/uploads\/2026\/04\/Maredamare-.jpg\"><img loading=\"lazy\" decoding=\"async\" class=\"alignleft wp-image-20309\" src=\"https:\/\/comunidadtextil.com\/wpnews\/wp-content\/uploads\/2026\/04\/Maredamare--300x186.jpg\" alt=\"\" width=\"244\" height=\"151\" srcset=\"https:\/\/comunidadtextil.com\/wpnews\/wp-content\/uploads\/2026\/04\/Maredamare--300x186.jpg 300w, https:\/\/comunidadtextil.com\/wpnews\/wp-content\/uploads\/2026\/04\/Maredamare--1024x635.jpg 1024w, https:\/\/comunidadtextil.com\/wpnews\/wp-content\/uploads\/2026\/04\/Maredamare--768x476.jpg 768w, https:\/\/comunidadtextil.com\/wpnews\/wp-content\/uploads\/2026\/04\/Maredamare-.jpg 1096w\" sizes=\"auto, (max-width: 244px) 100vw, 244px\" \/><\/a>\u201cEl evento ofrece una visi\u00f3n integral y experta de las tendencias que definir\u00e1n el verano de 2027, contribuyendo a fortalecer su posicionamiento en los mercados globales. Durante tres d\u00edas, la Fortezza da Basso de Florencia se convertir\u00e1 en un espacio de encuentro e intercambio, donde se exhibir\u00e1n creatividad, innovaci\u00f3n y calidad, y donde los participantes podr\u00e1n descubrir \u201cel lado m\u00e1s cool del verano\u201d, el tema elegido para representar esta edici\u00f3n\u201d a\u00f1adi\u00f3 el directivo.<\/p>\n<p>El programa cuenta con una agenda repleta de eventos, que incluye desfiles de moda, talleres y actividades dedicadas a j\u00f3venes talentos. Entre ellos destaca el desfile de las colecciones finalistas del Concorso Nazionale Professione Moda Giovani Stilisti by CNA Federmoda, el certamen para creativos del sector que este a\u00f1o incluir\u00e1 una secci\u00f3n dedicada a la lencer\u00eda.<br \/>\n&#8212;&#8212;&#8212;&#8212;&#8212;&#8212;&#8212;&#8212;&#8212;&#8212;&#8212;&#8212;&#8212;&#8212;&#8212;&#8211;<br \/>\nMaredamare \/ Comunidad Textil<br \/>\n\u2014\u2014\u2014\u2014\u2014\u2014\u2014\u2014\u2014\u2014\u2014\u2014\u2014\u2014\u2014\u2014\u2014\u2014\u2014\u2014\u2014\u2014\u2014\u2014\u2014\u2014\u2014\u2014\u2014\u2014\u2014\u2014\u2014\u2014\u2014\u2014\u2014\u2014\u2014<\/p>\n<p dir=\"ltr\">Para comunicarse con ComunidadTextil: <span style=\"color: #3366ff;\"><a style=\"color: #3366ff;\" href=\"mailto:contacto@comunidadtextil.com\">contacto@comunidadtextil.com<\/a><\/span><\/p>\n<table border=\"0\" width=\"460\">\n<tbody>\n<tr>\n<td width=\"auto\"><a href=\"http:\/\/www.tikvatex.com.ar\" target=\"_blank\" rel=\"noopener\"><img loading=\"lazy\" decoding=\"async\" class=\"aligncenter\" src=\"https:\/\/www.comunidadtextil.com\/publicidad\/tikvatex062020.png\" alt=\"\" width=\"300\" height=\"190\" border=\"0\" \/><\/a><\/td>\n<td width=\"auto\"><a href=\"https:\/\/ciaindumentaria.com.ar\/\" target=\"_blank\" rel=\"noopener\"><img loading=\"lazy\" decoding=\"async\" class=\"aligncenter\" src=\"https:\/\/comunidadtextil.com\/publicidad\/banner-ciai.gif\" alt=\"\" width=\"300\" height=\"153\" border=\"0\" \/><\/a><\/td>\n<\/tr>\n<\/tbody>\n<\/table>\n","protected":false},"excerpt":{"rendered":"<p>La 19.\u00aa edici\u00f3n del tradicional evento tendr\u00e1 lugar en la Fortezza da Basso. Se espera la asistencia de m\u00e1s de 250 marcas de todo el mundo, adem\u00e1s de una ampliaci\u00f3n de las secciones de ropa de playa y accesorios. El deseo de disfrutar del mar, el sol y, sobre todo, de las nuevas colecciones de [&hellip;]<\/p>\n","protected":false},"author":1924,"featured_media":0,"comment_status":"closed","ping_status":"closed","sticky":false,"template":"","format":"standard","meta":{"footnotes":""},"categories":[50],"tags":[],"class_list":["post-20327","post","type-post","status-publish","format-standard","hentry","category-ferias-proximas","count-0","even alt","author-adminct","last"],"_links":{"self":[{"href":"https:\/\/comunidadtextil.com\/wpnews\/wp-json\/wp\/v2\/posts\/20327","targetHints":{"allow":["GET"]}}],"collection":[{"href":"https:\/\/comunidadtextil.com\/wpnews\/wp-json\/wp\/v2\/posts"}],"about":[{"href":"https:\/\/comunidadtextil.com\/wpnews\/wp-json\/wp\/v2\/types\/post"}],"author":[{"embeddable":true,"href":"https:\/\/comunidadtextil.com\/wpnews\/wp-json\/wp\/v2\/users\/1924"}],"replies":[{"embeddable":true,"href":"https:\/\/comunidadtextil.com\/wpnews\/wp-json\/wp\/v2\/comments?post=20327"}],"version-history":[{"count":2,"href":"https:\/\/comunidadtextil.com\/wpnews\/wp-json\/wp\/v2\/posts\/20327\/revisions"}],"predecessor-version":[{"id":20329,"href":"https:\/\/comunidadtextil.com\/wpnews\/wp-json\/wp\/v2\/posts\/20327\/revisions\/20329"}],"wp:attachment":[{"href":"https:\/\/comunidadtextil.com\/wpnews\/wp-json\/wp\/v2\/media?parent=20327"}],"wp:term":[{"taxonomy":"category","embeddable":true,"href":"https:\/\/comunidadtextil.com\/wpnews\/wp-json\/wp\/v2\/categories?post=20327"},{"taxonomy":"post_tag","embeddable":true,"href":"https:\/\/comunidadtextil.com\/wpnews\/wp-json\/wp\/v2\/tags?post=20327"}],"curies":[{"name":"wp","href":"https:\/\/api.w.org\/{rel}","templated":true}]}}