{"id":20324,"date":"2026-04-30T10:54:52","date_gmt":"2026-04-30T13:54:52","guid":{"rendered":"https:\/\/comunidadtextil.com\/wpnews\/?p=20324"},"modified":"2026-04-30T10:54:52","modified_gmt":"2026-04-30T13:54:52","slug":"denim-premiere-vision-llega-a-milan-el-20-y-21-de-mayo-para-una-intensa-9a-edicion","status":"publish","type":"post","link":"https:\/\/comunidadtextil.com\/wpnews\/2026\/04\/denim-premiere-vision-llega-a-milan-el-20-y-21-de-mayo-para-una-intensa-9a-edicion\/","title":{"rendered":"Denim Premi\u00e8re Vision llega a Mil\u00e1n el 20 y 21 de mayo para una intensa 9a. edici\u00f3n"},"content":{"rendered":"<div id=\"attachment_20305\" style=\"width: 256px\" class=\"wp-caption alignright\"><a href=\"https:\/\/comunidadtextil.com\/wpnews\/wp-content\/uploads\/2026\/04\/Denim-Premiere-Vision-_6-.jpg\"><img loading=\"lazy\" decoding=\"async\" aria-describedby=\"caption-attachment-20305\" class=\" wp-image-20305\" src=\"https:\/\/comunidadtextil.com\/wpnews\/wp-content\/uploads\/2026\/04\/Denim-Premiere-Vision-_6--300x199.jpg\" alt=\"\" width=\"246\" height=\"163\" srcset=\"https:\/\/comunidadtextil.com\/wpnews\/wp-content\/uploads\/2026\/04\/Denim-Premiere-Vision-_6--300x199.jpg 300w, https:\/\/comunidadtextil.com\/wpnews\/wp-content\/uploads\/2026\/04\/Denim-Premiere-Vision-_6--1024x679.jpg 1024w, https:\/\/comunidadtextil.com\/wpnews\/wp-content\/uploads\/2026\/04\/Denim-Premiere-Vision-_6--768x509.jpg 768w, https:\/\/comunidadtextil.com\/wpnews\/wp-content\/uploads\/2026\/04\/Denim-Premiere-Vision-_6--1536x1019.jpg 1536w, https:\/\/comunidadtextil.com\/wpnews\/wp-content\/uploads\/2026\/04\/Denim-Premiere-Vision-_6-.jpg 2048w\" sizes=\"auto, (max-width: 246px) 100vw, 246px\" \/><\/a><p id=\"caption-attachment-20305\" class=\"wp-caption-text\">Denim Premi\u00e8re Vision.<\/p><\/div>\n<p>El Superstudio Pi\u00f9 de Mil\u00e1n ser\u00e1 la sede de la pr\u00f3xima edici\u00f3n de Denim Premi\u00e9re Vision. El sal\u00f3n m\u00e1s importante dedicado al denim, tendr\u00e1 lugar el 20 y 21 de mayo en Mil\u00e1n. En esta edici\u00f3n el foco estar\u00e1 puesto en las tendencias para la temporada oto\u00f1o \/ invierno 2027\/28, la innovaci\u00f3n y la sostenibilidad. Se espera la presencia de m\u00e1s de 60 calificados expositores.<\/p>\n<p>El sal\u00f3n, que cuenta con el patrocinio del Ayuntamiento de Mil\u00e1n y en alianza con el Instituto Marangoni, detendr\u00e1 su andar para recordar al gran dise\u00f1ador italiano Adriano Goldschmied especializado en denim, que falleci\u00f3 el pasado 5 de abril (ver art\u00edculo aparte).<\/p>\n<p><a href=\"https:\/\/comunidadtextil.com\/wpnews\/wp-content\/uploads\/2026\/04\/Denim-Premiere-Vision-_4-.jpg\"><img loading=\"lazy\" decoding=\"async\" class=\"alignleft wp-image-20304\" src=\"https:\/\/comunidadtextil.com\/wpnews\/wp-content\/uploads\/2026\/04\/Denim-Premiere-Vision-_4--300x200.jpg\" alt=\"\" width=\"245\" height=\"163\" srcset=\"https:\/\/comunidadtextil.com\/wpnews\/wp-content\/uploads\/2026\/04\/Denim-Premiere-Vision-_4--300x200.jpg 300w, https:\/\/comunidadtextil.com\/wpnews\/wp-content\/uploads\/2026\/04\/Denim-Premiere-Vision-_4--1024x683.jpg 1024w, https:\/\/comunidadtextil.com\/wpnews\/wp-content\/uploads\/2026\/04\/Denim-Premiere-Vision-_4--768x512.jpg 768w, https:\/\/comunidadtextil.com\/wpnews\/wp-content\/uploads\/2026\/04\/Denim-Premiere-Vision-_4-.jpg 1200w\" sizes=\"auto, (max-width: 245px) 100vw, 245px\" \/><\/a>El 60% de los expositores ser\u00e1n fabricantes de denim, un 20% estar\u00e1 representado por confeccionistas y el 20% restante se concentrar\u00e1 en proveedores de accesorios, tecnolog\u00eda y servicios. Italia y Jap\u00f3n ser\u00e1n los dos pa\u00edses que tendr\u00e1n la representaci\u00f3n m\u00e1s destacada.<\/p>\n<p>El sal\u00f3n tambi\u00e9n dedicar\u00e1 un tiempo a la formaci\u00f3n de nuevos profesionales. Cuatro expositores del Instituto Marangoni trabajar\u00e1n con estudiantes del establecimiento y dar\u00e1n sesiones exclusivas para alumnos. Los estudiantes, por su parte, presentar\u00e1n sus \u00faltimos proyectos creativos.<\/p>\n<p><a href=\"https:\/\/comunidadtextil.com\/wpnews\/wp-content\/uploads\/2026\/04\/2024-.jpg\"><img loading=\"lazy\" decoding=\"async\" class=\" wp-image-20302 alignright\" src=\"https:\/\/comunidadtextil.com\/wpnews\/wp-content\/uploads\/2026\/04\/2024--300x200.jpg\" alt=\"\" width=\"246\" height=\"164\" srcset=\"https:\/\/comunidadtextil.com\/wpnews\/wp-content\/uploads\/2026\/04\/2024--300x200.jpg 300w, https:\/\/comunidadtextil.com\/wpnews\/wp-content\/uploads\/2026\/04\/2024--768x511.jpg 768w, https:\/\/comunidadtextil.com\/wpnews\/wp-content\/uploads\/2026\/04\/2024-.jpg 1000w\" sizes=\"auto, (max-width: 246px) 100vw, 246px\" \/><\/a>Las actividades incluyen la presentaci\u00f3n de Underrated \u2013 Cap\u00edtulo 2 en colaboraci\u00f3n con el dise\u00f1ador italiano Kristian Guerra donde se presentar\u00e1 una propuesta de armario denim vanguardista. Esta iniciativa combina el legado tradicional con una visi\u00f3n futurista y explora todo el espectro del denim, desde el \u00edndigo crudo hasta los acabados, revestimientos y tinturas.<\/p>\n<p>Uno de los momentos destacados del evento ser\u00e1 el homenaje a Adriano Goldschmied en el que Pioneer Denim y Soko exhibir\u00e1n tres colecciones que el dise\u00f1ador cre\u00f3 para la marca meses antes de fallecer.<\/p>\n<p>Tambi\u00e9n habr\u00e1 un programa de conferencias a cargo del equipo de Premiere Vision sobre las tendencias para la temporada 2027\/28 y dos expertos de Hypebae dar\u00e1n una charla sobre \u201cDe la predicci\u00f3n a la creaci\u00f3n de mundos\u201d. Por su parte, Lolie Bernard del Instituto Marangoni hablar\u00e1 de la honestidad emocional en su exposici\u00f3n sobre la autenticidad del dise\u00f1o de moda.<br \/>\n&#8212;&#8212;&#8212;&#8212;&#8212;&#8212;&#8212;&#8212;&#8212;&#8212;&#8212;&#8212;&#8212;&#8212;&#8212;&#8212;<br \/>\nPinker Moda \/ Comunidad Textil<br \/>\n\u2014\u2014\u2014\u2014\u2014\u2014\u2014\u2014\u2014\u2014\u2014\u2014\u2014\u2014\u2014\u2014\u2014\u2014\u2014\u2014\u2014\u2014\u2014\u2014\u2014\u2014\u2014\u2014\u2014\u2014\u2014\u2014\u2014\u2014\u2014\u2014\u2014\u2014\u2014<\/p>\n<p dir=\"ltr\">Para comunicarse con ComunidadTextil: <span style=\"color: #3366ff;\"><a style=\"color: #3366ff;\" href=\"mailto:contacto@comunidadtextil.com\">contacto@comunidadtextil.com<\/a><\/span><\/p>\n<table border=\"0\" width=\"460\">\n<tbody>\n<tr>\n<td width=\"auto\"><a href=\"https:\/\/www.aplf.com\/aplf-2027\/fashion-access-fair-details\/?utm_medium=media&amp;utm_source=barter&amp;utm_campaign=aplf_media&amp;utm_content=fa27_banner\" target=\"_blank\" rel=\"noopener\"><img loading=\"lazy\" decoding=\"async\" class=\"aligncenter\" src=\"https:\/\/comunidadtextil.com\/publicidad\/2026\/fa2027_300x300px.png\" alt=\"\" width=\"300\" height=\"300\" border=\"0\" \/><\/a><\/td>\n<td width=\"auto\"><a href=\"https:\/\/industriatextilexpo.ar.messefrankfurt.com\/buenosaires\/es.html\" target=\"_blank\" rel=\"noopener\"><img loading=\"lazy\" decoding=\"async\" class=\"aligncenter\" src=\"https:\/\/www.comunidadtextil.com\/publicidad\/2026\/emitex_junio.jpg\" alt=\"\" width=\"300\" height=\"300\" \/><\/a><\/td>\n<\/tr>\n<\/tbody>\n<\/table>\n","protected":false},"excerpt":{"rendered":"<p>El Superstudio Pi\u00f9 de Mil\u00e1n ser\u00e1 la sede de la pr\u00f3xima edici\u00f3n de Denim Premi\u00e9re Vision. El sal\u00f3n m\u00e1s importante dedicado al denim, tendr\u00e1 lugar el 20 y 21 de mayo en Mil\u00e1n. En esta edici\u00f3n el foco estar\u00e1 puesto en las tendencias para la temporada oto\u00f1o \/ invierno 2027\/28, la innovaci\u00f3n y la sostenibilidad. [&hellip;]<\/p>\n","protected":false},"author":1924,"featured_media":0,"comment_status":"closed","ping_status":"closed","sticky":false,"template":"","format":"standard","meta":{"footnotes":""},"categories":[50],"tags":[],"class_list":["post-20324","post","type-post","status-publish","format-standard","hentry","category-ferias-proximas","count-0","even alt","author-adminct","last"],"_links":{"self":[{"href":"https:\/\/comunidadtextil.com\/wpnews\/wp-json\/wp\/v2\/posts\/20324","targetHints":{"allow":["GET"]}}],"collection":[{"href":"https:\/\/comunidadtextil.com\/wpnews\/wp-json\/wp\/v2\/posts"}],"about":[{"href":"https:\/\/comunidadtextil.com\/wpnews\/wp-json\/wp\/v2\/types\/post"}],"author":[{"embeddable":true,"href":"https:\/\/comunidadtextil.com\/wpnews\/wp-json\/wp\/v2\/users\/1924"}],"replies":[{"embeddable":true,"href":"https:\/\/comunidadtextil.com\/wpnews\/wp-json\/wp\/v2\/comments?post=20324"}],"version-history":[{"count":3,"href":"https:\/\/comunidadtextil.com\/wpnews\/wp-json\/wp\/v2\/posts\/20324\/revisions"}],"predecessor-version":[{"id":20344,"href":"https:\/\/comunidadtextil.com\/wpnews\/wp-json\/wp\/v2\/posts\/20324\/revisions\/20344"}],"wp:attachment":[{"href":"https:\/\/comunidadtextil.com\/wpnews\/wp-json\/wp\/v2\/media?parent=20324"}],"wp:term":[{"taxonomy":"category","embeddable":true,"href":"https:\/\/comunidadtextil.com\/wpnews\/wp-json\/wp\/v2\/categories?post=20324"},{"taxonomy":"post_tag","embeddable":true,"href":"https:\/\/comunidadtextil.com\/wpnews\/wp-json\/wp\/v2\/tags?post=20324"}],"curies":[{"name":"wp","href":"https:\/\/api.w.org\/{rel}","templated":true}]}}